{"id":125967,"date":"2025-09-19T20:12:07","date_gmt":"2025-09-19T20:12:07","guid":{"rendered":"https:\/\/www.europesays.com\/es\/125967\/"},"modified":"2025-09-19T20:12:07","modified_gmt":"2025-09-19T20:12:07","slug":"valle-salvaje-avance-del-episodio-259-el-lunes-22-de-septiembre","status":"publish","type":"post","link":"https:\/\/www.europesays.com\/es\/125967\/","title":{"rendered":"Valle Salvaje, avance del episodio 259 el lunes 22 de septiembre"},"content":{"rendered":"<p>Matilde (Mar\u00eda Redondo) hace de tripas coraz\u00f3n y, con la complicidad de Atanasio (Alejandro Bordanove), pide perd\u00f3n a su archienemiga, Victoria (Sabela Ar\u00e1n), tras su \u00faltimo altercado. Matilde casi agredi\u00f3 f\u00edsicamente a Victoria. La duquesa de <strong>Valle Salvaje<\/strong> le pide a la que fuera su nuera que se retracte de sus acusaciones y contin\u00faa con sus provocaciones. Victoria le da donde m\u00e1s le duele: Gaspar (<a href=\"https:\/\/www.elindependiente.com\/tendencias\/cultura\/2022\/02\/12\/chechu-salgado-mejor-actor-revelacion-en-los-premios-goya-2022-por-su-papel-en-las-leyes-de-la-frontera\/\" rel=\"nofollow noopener\" target=\"_blank\">Chechu Salgado<\/a>). Pero la duquesa de <strong>Valle Salvaje<\/strong> no acepta sus disculpas y le amenaza con hundirla. As\u00ed se las gasta la esposa de Jos\u00e9 Luis&#8230; Victoria no se ha tomado bien que su querido esposo haya elegido a Irene (Marina Sabadell) como acompa\u00f1ante para la fiesta de don Armando y do\u00f1a Amanda, los padres de Leonardo. Victoria recrimina incluso a Jos\u00e9 Luis el trato que le dio a su hijo Gaspar en vida.<\/p>\n<p>            <a class=\"articulo-relacionado__media\" href=\"https:\/\/www.elindependiente.com\/series-y-television\/2025\/09\/19\/valle-salvaje-temporada-3-netflix\/\" title=\"Transparencia confirma cu\u00e1ntos cap\u00edtulos tendr\u00e1 la temporada 3 de &#039;Valle Salvaje&#039; en RTVE y Netflix\" rel=\"nofollow noopener\" target=\"_blank\"><\/p>\n<p>                <img decoding=\"async\" src=\"https:\/\/www.europesays.com\/es\/wp-content\/uploads\/2025\/09\/vallesalvaje3-390x220.jpg\" loading=\"lazy\" width=\"390\" height=\"220\" alt=\"Transparencia confirma cu\u00e1ntos cap\u00edtulos tendr\u00e1 la temporada 3 de 'Valle Salvaje' en RTVE y Netflix\"\/><\/p>\n<p>\t\t\t            <\/a><\/p>\n<p>Avance del cap\u00edtulo 259 de Valle Salvaje este lunes 22 de septiembre<\/p>\n<p>Rafael, con \u00darsula presente, presiona a Ana para que confiese de una vez por todas qui\u00e9n sirvi\u00f3 la merienda que provoc\u00f3 la muerte de Julio. B\u00e1rbara est\u00e1 plet\u00f3rica tras comunicar Adriana <a href=\"https:\/\/www.elindependiente.com\/series-y-television\/2025\/09\/14\/valle-salvaje-avance-semanal-del-15-al-19-de-septiembre-el-bebe-de-adriana-y-rafael-podria-seguir-vivo\/\" rel=\"nofollow noopener\" target=\"_blank\">que sigue embarazada<\/a>, y as\u00ed se lo hace saber a Irene, con la que se ha reconciliado. Jos\u00e9 Luis empieza a sospechar que ese beb\u00e9 quiz\u00e1s no sea hijo de Julio, sino de Rafael, que advierte a Adriana de la propuesta conciliadora de su padre. El duque de <strong>Valle Salvaje<\/strong>, entusiasmado por la buena nueva sobre su nieto, s\u00f3lo piensa en su propio beneficio.<\/p>\n<p>Mercedes amenaza a Victoria. Leonardo debe reencontrarse con su padre tras su \u00faltimo desencuentro, y B\u00e1rbara recurre a Irene para ayudarle a tomar la decisi\u00f3n. Pepa debe elegir a uno de sus dos pretendientes, aunque le gusten ambos: \u00bfMart\u00edn o Francisco? Esa es la cuesti\u00f3n. No parece que en <strong>Valle Salvaje<\/strong> haya cabida para una trieja. Alejo no ve con buenos ojos la visita de Tom\u00e1s a la Casa Peque\u00f1a. Tom\u00e1s solicitar\u00e1 a Mercedes hospedarse unos d\u00edas. Jos\u00e9 Luis no se ir\u00e1 por las ramas y preguntar\u00e1 directamente a Rafael si es \u00e9l el verdadero padre del ni\u00f1o, o ni\u00f1a, que espera Adriana.<\/p>\n<p>PUBLICIDAD<\/p>\n","protected":false},"excerpt":{"rendered":"Matilde (Mar\u00eda Redondo) hace de tripas coraz\u00f3n y, con la complicidad de Atanasio (Alejandro Bordanove), pide perd\u00f3n a&hellip;\n","protected":false},"author":2,"featured_media":125968,"comment_status":"","ping_status":"","sticky":false,"template":"","format":"standard","meta":{"footnotes":""},"categories":[171],"tags":[146,147,25,24,23,214,27808],"class_list":{"0":"post-125967","1":"post","2":"type-post","3":"status-publish","4":"format-standard","5":"has-post-thumbnail","7":"category-tv","8":"tag-entertainment","9":"tag-entretenimiento","10":"tag-es","11":"tag-espana","12":"tag-spain","13":"tag-tv","14":"tag-valle-salvaje"},"share_on_mastodon":{"url":"","error":""},"_links":{"self":[{"href":"https:\/\/www.europesays.com\/es\/wp-json\/wp\/v2\/posts\/125967","targetHints":{"allow":["GET"]}}],"collection":[{"href":"https:\/\/www.europesays.com\/es\/wp-json\/wp\/v2\/posts"}],"about":[{"href":"https:\/\/www.europesays.com\/es\/wp-json\/wp\/v2\/types\/post"}],"author":[{"embeddable":true,"href":"https:\/\/www.europesays.com\/es\/wp-json\/wp\/v2\/users\/2"}],"replies":[{"embeddable":true,"href":"https:\/\/www.europesays.com\/es\/wp-json\/wp\/v2\/comments?post=125967"}],"version-history":[{"count":0,"href":"https:\/\/www.europesays.com\/es\/wp-json\/wp\/v2\/posts\/125967\/revisions"}],"wp:featuredmedia":[{"embeddable":true,"href":"https:\/\/www.europesays.com\/es\/wp-json\/wp\/v2\/media\/125968"}],"wp:attachment":[{"href":"https:\/\/www.europesays.com\/es\/wp-json\/wp\/v2\/media?parent=125967"}],"wp:term":[{"taxonomy":"category","embeddable":true,"href":"https:\/\/www.europesays.com\/es\/wp-json\/wp\/v2\/categories?post=125967"},{"taxonomy":"post_tag","embeddable":true,"href":"https:\/\/www.europesays.com\/es\/wp-json\/wp\/v2\/tags?post=125967"}],"curies":[{"name":"wp","href":"https:\/\/api.w.org\/{rel}","templated":true}]}}