{"id":125973,"date":"2025-09-19T20:16:11","date_gmt":"2025-09-19T20:16:11","guid":{"rendered":"https:\/\/www.europesays.com\/es\/125973\/"},"modified":"2025-09-19T20:16:11","modified_gmt":"2025-09-19T20:16:11","slug":"detectan-el-primer-caso-de-infeccion-en-un-mero-en-la-costa-de-barcelona","status":"publish","type":"post","link":"https:\/\/www.europesays.com\/es\/125973\/","title":{"rendered":"detectan el primer caso de infecci\u00f3n en un mero en la costa de Barcelona"},"content":{"rendered":"<p>                                    <img decoding=\"async\" loading=\"lazy\" src=\"https:\/\/www.europesays.com\/es\/wp-content\/uploads\/2025\/09\/67bee546d3754.jpeg\" alt=\"Llu\u00eds Serrano\" width=\"40\" height=\"40\" data-full-src=\"https:\/\/www.europesays.com\/es\/wp-content\/uploads\/2025\/09\/67bee546d3754.jpeg\"\/><\/p>\n<p class=\"paragraph\">El <b>primer caso de infecci\u00f3n por betanodavirus en un mero<\/b> ha sido confirmado oficialmente en Catalu\u00f1a, seg\u00fan ha informado al Servicio de Diagn\u00f3stico Patol\u00f3gico de Peces de la Universidad Aut\u00f3noma de Barcelona (UAB). El ejemplar afectado fue localizado en aguas pr\u00f3ximas a Barcelona, hecho que constata la llegada de esta patolog\u00eda a las costas catalanas despu\u00e9s de a\u00f1os de expansi\u00f3n por el Mediterr\u00e1neo.<\/p>\n<p class=\"paragraph\">Esta identificaci\u00f3n, junto con <b>varios avisos de meros muertos o con s\u00edntomas<\/b>, confirma de manera inequ\u00edvoca la presencia del virus en el litoral catal\u00e1n. El betanodavirus, tambi\u00e9n conocido como necrosis nerviosa viral (VNN), ha sido responsable durante los \u00faltimos a\u00f1os de significativos brotes de mortalidad en meros y otras especies de peces por todo el Mediterr\u00e1neo. Ante esta situaci\u00f3n, la UAB y el Instituto de Ciencias del Mar (ICM-CSIC) han activado una red de alerta y recogida de muestras para identificar nuevos casos y monitorizar la evoluci\u00f3n de la enfermedad.<\/p>\n<p class=\"paragraph\">En los \u00faltimos cinco a\u00f1os, se <b>han registrado brotes especialmente virulentos en varios puntos<\/b> del Mediterr\u00e1neo, incluyendo Grecia, el sur de Italia y varias zonas de Espa\u00f1a. Tambi\u00e9n recientemente se han detectado casos en las islas Azores, mostrando la capacidad de expansi\u00f3n del virus. En el \u00e1mbito espa\u00f1ol, el betanodavirus ya hab\u00eda causado episodios significativos en las Islas Baleares, y durante los a\u00f1os 2023 y 2024 se ha observado un avance progresivo hacia el norte de la pen\u00ednsula, hasta llegar ahora a las aguas catalanas.<\/p>\n<p>Expansi\u00f3n del betanodavirus por el Mediterr\u00e1neo<\/p>\n<p class=\"paragraph\">El virus responsable de esta enfermedad ha mostrado una preocupante capacidad de adaptaci\u00f3n y propagaci\u00f3n. Seg\u00fan los expertos, las alteraciones en la temperatura del agua del mar derivadas del cambio clim\u00e1tico podr\u00edan estar favoreciendo su expansi\u00f3n hacia zonas donde anteriormente no se registraban casos. La identificaci\u00f3n de este primer ejemplar infectado en Catalu\u00f1a representa una <b>importante se\u00f1al de alerta para el sector pesquero<\/b> y para los especialistas en ecosistemas marinos.<\/p>\n<p class=\"paragraph\">Los cient\u00edficos recomiendan a pescadores y submarinistas que notifiquen cualquier observaci\u00f3n de meros muertos o con comportamientos an\u00f3malos, con el fin de contribuir al seguimiento de la enfermedad y facilitar la recogida de muestras que permitan profundizar en el estudio de esta patolog\u00eda.<\/p>\n","protected":false},"excerpt":{"rendered":"El primer caso de infecci\u00f3n por betanodavirus en un mero ha sido confirmado oficialmente en Catalu\u00f1a, seg\u00fan ha&hellip;\n","protected":false},"author":2,"featured_media":125974,"comment_status":"","ping_status":"","sticky":false,"template":"","format":"standard","meta":{"footnotes":""},"categories":[92],"tags":[25,24,165,166,23],"class_list":{"0":"post-125973","1":"post","2":"type-post","3":"status-publish","4":"format-standard","5":"has-post-thumbnail","7":"category-salud","8":"tag-es","9":"tag-espana","10":"tag-health","11":"tag-salud","12":"tag-spain"},"share_on_mastodon":{"url":"","error":""},"_links":{"self":[{"href":"https:\/\/www.europesays.com\/es\/wp-json\/wp\/v2\/posts\/125973","targetHints":{"allow":["GET"]}}],"collection":[{"href":"https:\/\/www.europesays.com\/es\/wp-json\/wp\/v2\/posts"}],"about":[{"href":"https:\/\/www.europesays.com\/es\/wp-json\/wp\/v2\/types\/post"}],"author":[{"embeddable":true,"href":"https:\/\/www.europesays.com\/es\/wp-json\/wp\/v2\/users\/2"}],"replies":[{"embeddable":true,"href":"https:\/\/www.europesays.com\/es\/wp-json\/wp\/v2\/comments?post=125973"}],"version-history":[{"count":0,"href":"https:\/\/www.europesays.com\/es\/wp-json\/wp\/v2\/posts\/125973\/revisions"}],"wp:featuredmedia":[{"embeddable":true,"href":"https:\/\/www.europesays.com\/es\/wp-json\/wp\/v2\/media\/125974"}],"wp:attachment":[{"href":"https:\/\/www.europesays.com\/es\/wp-json\/wp\/v2\/media?parent=125973"}],"wp:term":[{"taxonomy":"category","embeddable":true,"href":"https:\/\/www.europesays.com\/es\/wp-json\/wp\/v2\/categories?post=125973"},{"taxonomy":"post_tag","embeddable":true,"href":"https:\/\/www.europesays.com\/es\/wp-json\/wp\/v2\/tags?post=125973"}],"curies":[{"name":"wp","href":"https:\/\/api.w.org\/{rel}","templated":true}]}}