{"id":125982,"date":"2025-09-19T20:21:24","date_gmt":"2025-09-19T20:21:24","guid":{"rendered":"https:\/\/www.europesays.com\/es\/125982\/"},"modified":"2025-09-19T20:21:24","modified_gmt":"2025-09-19T20:21:24","slug":"un-error-judicial-obliga-a-la-audiencia-nacional-a-liberar-a-un-miembro-de-la-mocro-maffia","status":"publish","type":"post","link":"https:\/\/www.europesays.com\/es\/125982\/","title":{"rendered":"Un error judicial obliga a la Audiencia Nacional a liberar a un miembro de la Mocro Maffia"},"content":{"rendered":"<p>Un error judicial ha obligado a la <strong>Audiencia Nacional a dejar en libertad a Firass Taghi<\/strong>, un supuesto narcotraficante vinculado a la <strong>Mocro Maffia<\/strong> que deb\u00eda ser <strong>entregado a Pa\u00edses Bajos<\/strong>, porque se han excedido los plazos legales proceder a su entrega. El excarcelado fue detenido este verano en Tarifa en cumplimiento de una orden de detenci\u00f3n y la entrega se tendr\u00eda que haber producido el pasado  agosto.<\/p>\n<p>La decisi\u00f3n de devolver a Taghi a Holanda se convirti\u00f3 en firme el 7 de agosto, fecha desde la cual hab\u00eda un plazo m\u00e1ximo de diez d\u00edas para llevarla a efecto,  seg\u00fan ha explicado a trav\u00e9s de un auto fechado el 12 de septiembre la Sala de Apelaci\u00f3n de la Audiencia Nacional. Aunque esto no se hizo, el titular del Juzgado Central de Instrucci\u00f3n N\u00famero 5, Santiago Pedraz, <strong>decidi\u00f3 mantener la medida de prisi\u00f3n acordada para garantizar<\/strong>, precisamente,  <strong>la entrega de Taghi<\/strong>.<\/p>\n<p>La defensa del presunto narco recurri\u00f3 esta decisi\u00f3n, alegando que la resoluci\u00f3n  judicial de Pedraz no era la adecuada formalmente, porque se trataba  de una providencia y debi\u00f3 ser auto. Adem\u00e1s, explic\u00f3 que <strong>cuando se dict\u00f3 esta medida ya se hab\u00edan excedido los plazos legales. <\/strong><\/p>\n<p>La Audiencia Nacional da la raz\u00f3n al presunto narcotraficante<\/p>\n<p>Ahora, la Sala de Apelaci\u00f3n de la Audiencia ha dado la raz\u00f3n a la defensa.  Respecto a la primera alegaci\u00f3n ha reconocido que Pedraz debi\u00f3 resolver mediante auto, aunque ha detallado que es un <strong>defecto que ha quedado subsanado <\/strong>con el ahora dictado por la propia Sala. <\/p>\n<p>Sin embargo, los magistrados han considerado que el segundo error no tiene reparaci\u00f3n posible porque la ley fija que  \u00abla entrega de la persona reclamada se har\u00e1 efectiva por agente de la autoridad espa\u00f1ola, previa notificaci\u00f3n a la autoridad designada al  efecto por la autoridad judicial de emisi\u00f3n del lugar y fechas  fijados, siempre <strong>dentro de los diez d\u00edas siguientes a la decisi\u00f3n  judicial de entrega<\/strong>\u00ab. <\/p>\n<p>\u00abSi por causas ajenas al control de alguno de los estados de  emisi\u00f3n o de ejecuci\u00f3n no pudiera verificarse en este plazo, las autoridades judiciales implicadas se pondr\u00e1n en contacto  inmediatamente <strong>para fijar una nueva fecha<\/strong>, dentro de un nuevo plazo de diez d\u00edas desde la fecha inicialmente fijada\u00bb, a\u00f1ade la ley. Por tanto, el auto ha subrayado que han transcurrido los diez d\u00edas, \u00ab<strong>sin que conste motivo alguno que impida dicha  materializaci\u00f3n<\/strong>\u00ab, de forma que deja sin efecto la \u00abprisi\u00f3n instrumental\u00bb y <strong>ordena su puesta en libertad<\/strong>. <\/p>\n<p>Es el segundo miembro de la Mocro Maffia que queda en libertad en Espa\u00f1a<\/p>\n<p>Se trata del segundo miembro del crimen organizado neerland\u00e9s que queda en libertad por un error judicial en Espa\u00f1a tras el caso de Karim Bouyakhrichan, liberado por la Audiencia de M\u00e1laga el a\u00f1o pasado. <\/p>\n<p>En 2024, Bouyakhrichan estaba siendo investigado en un juzgado de Marbella y la Audiencia Provincial de M\u00e1laga dej\u00f3 en libertad bajo fianza de 50.000 euros, lo que le permiti\u00f3 darse a la fuga. Para oponerse a su puesta en libertad, el fiscal de M\u00e1laga alert\u00f3 del riesgo de fuga por su \u00abalta capacidad econ\u00f3mica\u00bb y porque ten\u00eda pendiente en la Audiencia Nacional una <strong>reclamaci\u00f3n de Holanda por narcotr\u00e1fico<\/strong>.<\/p>\n<p>En esta ocasi\u00f3n, el presidente del Tribunal Superior de Andaluc\u00eda consider\u00f3 que quiz\u00e1s desde la Audiencia Nacional \u00ab<strong>no se arbitraron los resortes necesarios<\/strong>\u00bb para mantenerle en prisi\u00f3n mientras se tramitaba su entrega al pa\u00eds que le reclamaba por otra causa.<\/p>\n","protected":false},"excerpt":{"rendered":"Un error judicial ha obligado a la Audiencia Nacional a dejar en libertad a Firass Taghi, un supuesto&hellip;\n","protected":false},"author":2,"featured_media":125983,"comment_status":"","ping_status":"","sticky":false,"template":"","format":"standard","meta":{"footnotes":""},"categories":[8],"tags":[17,18,25,24,13,14,11,19,20,9,10,15,16,23,12,21,22],"class_list":{"0":"post-125982","1":"post","2":"type-post","3":"status-publish","4":"format-standard","5":"has-post-thumbnail","7":"category-espana","8":"tag-breaking-news","9":"tag-breakingnews","10":"tag-es","11":"tag-espana","12":"tag-featured-news","13":"tag-featurednews","14":"tag-headlines","15":"tag-latest-news","16":"tag-latestnews","17":"tag-news","18":"tag-noticias","19":"tag-noticias-destacadas","20":"tag-noticiasdestacadas","21":"tag-spain","22":"tag-titulares","23":"tag-ultimas-noticias","24":"tag-ultimasnoticias"},"share_on_mastodon":{"url":"","error":""},"_links":{"self":[{"href":"https:\/\/www.europesays.com\/es\/wp-json\/wp\/v2\/posts\/125982","targetHints":{"allow":["GET"]}}],"collection":[{"href":"https:\/\/www.europesays.com\/es\/wp-json\/wp\/v2\/posts"}],"about":[{"href":"https:\/\/www.europesays.com\/es\/wp-json\/wp\/v2\/types\/post"}],"author":[{"embeddable":true,"href":"https:\/\/www.europesays.com\/es\/wp-json\/wp\/v2\/users\/2"}],"replies":[{"embeddable":true,"href":"https:\/\/www.europesays.com\/es\/wp-json\/wp\/v2\/comments?post=125982"}],"version-history":[{"count":0,"href":"https:\/\/www.europesays.com\/es\/wp-json\/wp\/v2\/posts\/125982\/revisions"}],"wp:featuredmedia":[{"embeddable":true,"href":"https:\/\/www.europesays.com\/es\/wp-json\/wp\/v2\/media\/125983"}],"wp:attachment":[{"href":"https:\/\/www.europesays.com\/es\/wp-json\/wp\/v2\/media?parent=125982"}],"wp:term":[{"taxonomy":"category","embeddable":true,"href":"https:\/\/www.europesays.com\/es\/wp-json\/wp\/v2\/categories?post=125982"},{"taxonomy":"post_tag","embeddable":true,"href":"https:\/\/www.europesays.com\/es\/wp-json\/wp\/v2\/tags?post=125982"}],"curies":[{"name":"wp","href":"https:\/\/api.w.org\/{rel}","templated":true}]}}