{"id":125984,"date":"2025-09-19T20:22:09","date_gmt":"2025-09-19T20:22:09","guid":{"rendered":"https:\/\/www.europesays.com\/es\/125984\/"},"modified":"2025-09-19T20:22:09","modified_gmt":"2025-09-19T20:22:09","slug":"el-gobierno-de-castilla-la-mancha-impulsa-un-ano-mas-la-semana-europea-de-la-movilidad-que-en-esta-ocasion-se-ha-celebrado-en-argamasilla-de-calatrava-gobierno-de-castilla-la-mancha","status":"publish","type":"post","link":"https:\/\/www.europesays.com\/es\/125984\/","title":{"rendered":"El Gobierno de Castilla-La Mancha impulsa un a\u00f1o m\u00e1s la Semana Europea de la Movilidad que en esta ocasi\u00f3n se ha celebrado en Argamasilla de Calatrava &#8211; Gobierno de Castilla-La Mancha"},"content":{"rendered":"<ol>\n<li><a href=\"https:\/\/news.google.com\/rss\/articles\/CBMi-AFBVV95cUxPamxlNVFHQkFiRmZYazRWaWU0Qnh2c1VYekdkNGVGeDFremQ2N2NPaUx4dTZERXdMTDhJNVBjTE4xVnBacTI4Zmw2S2xvLUxJSmgwdGhCNndLaDhFVkdjYWFnUGxxRHJ5MWtkYmxuLVk1aXZmbXJYc2lnZkJlZVpKMHZmSld1aW04Sm1jNUJxTE5wbTJqZ3VOdG1fSlJMQnJRdWU1aHNUTEdhNVFGdExWT1ZUWDNTM3pnOFpZd1Z1Qmhjcy1velZvdVZBUDZNRVpuNkY0YXlVcUs4RV9CWGR4ZlhEY1hIdjBNY3VwMDVBanZPaVRxa3lKSA?oc=5\" target=\"_blank\" rel=\"nofollow noopener\">El Gobierno de Castilla-La Mancha impulsa un a\u00f1o m\u00e1s la Semana Europea de la Movilidad que en esta ocasi\u00f3n se ha celebrado en Argamasilla de Calatrava<\/a>&nbsp;&nbsp;Gobierno de Castilla-La Mancha<\/li>\n<li><a href=\"https:\/\/news.google.com\/rss\/articles\/CBMilgFBVV95cUxQZUhUbzlrWFlscmRwdHFHYTduNHRfZEh4WGtySU1RZUNHT3JpSmk0OGRmekgwOVhOZk1CS005SVVkZFNSRTh2VVBQczlkQ0xpTGRHb0dGb044VlJlOXNZMS0tbEEwOVNWTWNyckk3SzFraTF2ODRUVWtMamJwRWltbWp2SXpZQm1NY3JzNGk2Ukt1WVZlM3c?oc=5\" target=\"_blank\" rel=\"nofollow noopener\">M\u00e1s cerca &#8211; Semana Europea de la Movilidad 2025<\/a>&nbsp;&nbsp;RTVE.es<\/li>\n<li><a href=\"https:\/\/news.google.com\/rss\/articles\/CBMikgJBVV95cUxOV2hpaGdWSGs3UFV6Vk10MWhpREY4QjQ0ZEJNem45Sm5pOGZEQUJDNUlYdFc0STFwZ1NheWhlQ2kxb0R3eHAwQ0dma3pJNUtDN1FPOG84VThBX196M0pUdTNwYURWdmdjN1RnajBYbGNLLThURGZPRnktelBMOW55Ry1yZEdBX0o0dEZRNmNEQk9FNUREZi1QYmszbGtfV09OM25YTUVJcDgyRm1ndFZ3Wk9FUDhKTXRlSGZiRHgtUndPRDhIZTJNV2toa2I1djVqb1gtYmxLQ0U2c2MtcDRHdnhkRUxSdGVmcC1vZTFxaFloZlhROVlIUzQ1aWZTWWZ1czh3TTJTTEZhUDlfOVMtdzRn?oc=5\" target=\"_blank\" rel=\"nofollow noopener\">Susana Garc\u00eda Chueca: ?Cada d\u00eda podemos adoptar seis millones de decisiones sobre c\u00f3mo movernos para luchar contra el cambio clim\u00e1tico? &#8211; Gobierno Vasco<\/a>&nbsp;&nbsp;Euskadi.eus<\/li>\n<li><a href=\"https:\/\/news.google.com\/rss\/articles\/CBMihgFBVV95cUxQWWZKNVQzZUkzZnRPWFZWel9Gc3AwUHNQWS1mQVlUTDA5VEk3eHZrRER1TzdWQjBjWlpXd0xLWFNzeUpYSU45XzlZVlJVWWZqZUdJa3FzTlNjM0QtZTFuUWV3OFBrcmw3Z0FPR2txOHVQWE41aUh4N2lBUWU1THRTM0RzT1ZSdw?oc=5\" target=\"_blank\" rel=\"nofollow noopener\">Semana europea del Medio ambiente<\/a>&nbsp;&nbsp;Ayuntamiento de Zaragoza<\/li>\n<li><a href=\"https:\/\/news.google.com\/rss\/articles\/CBMi0wFBVV95cUxQUWRhcmgtLTVZa2owRnVYWDFPN1hMZWRvVkxsNHB4cG9MR2gyT1hlNjlwY3VNNjBrcy0tX2pHUnd3ZjJ0TGtDQnRKWTJlc00tMFNQRDBFY3lqdDUwbmhMNHoySjBMdGtDeHNhdmpUWGtuNElpbUpRNXF4elJNOXIwNkFqdnhKVEtudmY3TzR4OExUU3g1UE1tSkNlNDg3NWVCRGx0M2NjWlkxTTFWaUx6M0IwRkhhNFVIelRVeUZ4YjNHclNMZ1FJaEpOejMzSVZhbWJz0gHYAUFVX3lxTE5CbmphYnBUQVZ5TlNLbE9mc28xOHBaZU11MkJ2NWZaNE1tZElCWDhrZV9kUUZQYUtXMllobjQ5aGlTOUhwRlc0SUtFVk1VYkZPN1k5ZTB3TFNoVUtQTU9jaDZ1V1pTb1E0YllxTWRNZER2Y0JMejkzeHZrQXNpTS1xaHdXQjl6WjNFVXQ1UWZxSEt5TXZhUkFpMVA5VXRGeS1CZGU5WjVzZkVPcDZfT0pOLVZJMnNtdUs2YmQ4WjVhaklTUzU1VWUtWWtLaVBlcWZ0dVpEV002dQ?oc=5\" target=\"_blank\" rel=\"nofollow noopener\">Una ruta senderista con una gincana en El Puerto que combina aventura, deporte, cultura y sostenibilidad<\/a>&nbsp;&nbsp;Diario de C\u00e1diz<\/li>\n<\/ol>\n","protected":false},"excerpt":{"rendered":"El Gobierno de Castilla-La Mancha impulsa un a\u00f1o m\u00e1s la Semana Europea de la Movilidad que en esta&hellip;\n","protected":false},"author":2,"featured_media":123323,"comment_status":"","ping_status":"","sticky":false,"template":"","format":"standard","meta":{"footnotes":""},"categories":[5],"tags":[17,18,25,24,13,14,11,19,20,9,10,15,16,23,12,21,22],"class_list":{"0":"post-125984","1":"post","2":"type-post","3":"status-publish","4":"format-standard","5":"has-post-thumbnail","7":"category-titulares","8":"tag-breaking-news","9":"tag-breakingnews","10":"tag-es","11":"tag-espana","12":"tag-featured-news","13":"tag-featurednews","14":"tag-headlines","15":"tag-latest-news","16":"tag-latestnews","17":"tag-news","18":"tag-noticias","19":"tag-noticias-destacadas","20":"tag-noticiasdestacadas","21":"tag-spain","22":"tag-titulares","23":"tag-ultimas-noticias","24":"tag-ultimasnoticias"},"share_on_mastodon":{"url":"","error":""},"_links":{"self":[{"href":"https:\/\/www.europesays.com\/es\/wp-json\/wp\/v2\/posts\/125984","targetHints":{"allow":["GET"]}}],"collection":[{"href":"https:\/\/www.europesays.com\/es\/wp-json\/wp\/v2\/posts"}],"about":[{"href":"https:\/\/www.europesays.com\/es\/wp-json\/wp\/v2\/types\/post"}],"author":[{"embeddable":true,"href":"https:\/\/www.europesays.com\/es\/wp-json\/wp\/v2\/users\/2"}],"replies":[{"embeddable":true,"href":"https:\/\/www.europesays.com\/es\/wp-json\/wp\/v2\/comments?post=125984"}],"version-history":[{"count":0,"href":"https:\/\/www.europesays.com\/es\/wp-json\/wp\/v2\/posts\/125984\/revisions"}],"wp:featuredmedia":[{"embeddable":true,"href":"https:\/\/www.europesays.com\/es\/wp-json\/wp\/v2\/media\/123323"}],"wp:attachment":[{"href":"https:\/\/www.europesays.com\/es\/wp-json\/wp\/v2\/media?parent=125984"}],"wp:term":[{"taxonomy":"category","embeddable":true,"href":"https:\/\/www.europesays.com\/es\/wp-json\/wp\/v2\/categories?post=125984"},{"taxonomy":"post_tag","embeddable":true,"href":"https:\/\/www.europesays.com\/es\/wp-json\/wp\/v2\/tags?post=125984"}],"curies":[{"name":"wp","href":"https:\/\/api.w.org\/{rel}","templated":true}]}}