{"id":125999,"date":"2025-09-19T20:32:13","date_gmt":"2025-09-19T20:32:13","guid":{"rendered":"https:\/\/www.europesays.com\/es\/125999\/"},"modified":"2025-09-19T20:32:13","modified_gmt":"2025-09-19T20:32:13","slug":"el-fisico-es-muy-importante-es-mucha-presion-para-seguir-estando-activa-en-este-mundo-hay-que-estar-siempre-perfecta-2","status":"publish","type":"post","link":"https:\/\/www.europesays.com\/es\/125999\/","title":{"rendered":"El f\u00edsico es muy importante, es mucha presi\u00f3n. Para seguir estando activa en este mundo hay que estar siempre perfecta"},"content":{"rendered":"<p><strong>Mar Flores <\/strong>(56 a\u00f1os) se ha convertido en los \u00faltimas semanas en el centro de todas sus mirada. La publicaci\u00f3n de sus memorias, &#8216;Mar en calma,<strong> han provocado un verdadero tsunami medi\u00e1tico. <\/strong>No solo por todo lo que ha contado en primera persona, sino por las herida que ha reabierto y por las personas de las que ha escrito: Fernando Fernandez Tapias, Carlo Costanzia, Alessandro Lequio, Kiko y Coto Matamoros, Javier Merino&#8230; Sin duda la modelo no ha querido dejarse a nadie por el camino.\u00a0<\/p>\n<p>Y lo cierto es que ha hecho muy bien. <strong>Harta de que fueran otros los que contaran su historia, la suegra de Alejandra Rubio ha querido romper su silencio. <\/strong>Durante a\u00f1os ha sido una de las mujeres m\u00e1s discretas en cuanto a su privacidad, pero por fin se ha visto preparada (y con sus hijos m\u00e1s mayores para poder comprender ciertas cosas) para desvelar algunos de los detalles m\u00e1s \u00edntimos de su vida.\u00a0<\/p>\n<p>Ha hablado sobre la relaci\u00f3n con su hijo Carlo, al que se llevaron muy peque\u00f1o y estuvo desaparecido, de las fotos que Lequio vendi\u00f3 a &#8216;Diez Minutos&#8217; junto a ella para que Fernandez Tapias la dejase, de las que sacaron en &#8216;Intervi\u00fa&#8217;, del cartel en el que le pusieron la palabra &#8216;put*&#8217; durante el estreno de una de sus pel\u00edculas&#8230; Desde luego Mar ten\u00eda muchas cosas que quer\u00eda contar. Eso s\u00ed, tambi\u00e9n ha tenido tiempo para revelar algunos de los m\u00e9todos que utiliza para estar saludable pasados los 55.\u00a0<\/p>\n<p><img decoding=\"async\" src=\"https:\/\/www.europesays.com\/es\/wp-content\/uploads\/2025\/09\/ana-maria-aldon-no-usar_420bfb70_250919123247_800x800.webp.webp\" alt=\"Ana Maria Aldon NO USAR\" class=\"image lazyload\"\/><img loading=\"lazy\" decoding=\"async\" src=\"https:\/\/www.europesays.com\/es\/wp-content\/uploads\/2025\/09\/ana-maria-aldon-no-usar_420bfb70_250919123257_1280x720.webp.webp\" alt=\"As\u00ed se sincer\u00f3 Ana Mar\u00eda Ald\u00f3n en la revista Lecturas: \u201cMe quise quitar de en medio por culpa de mi familia pol\u00edtico&quot;\" class=\"image lazyload\" width=\"1280\" height=\"720\" data-aspectratio=\"1280\/720\"\/><\/p>\n<p>M\u00e1s de cuarenta a\u00f1os como modelo le han servido a no solo como experiencia laboral, sino para darse cuenta de que si quieres trabajar en ese mundo hay que esforzarse cada d\u00eda. Y no solo un poco, much\u00edsimo. Pocas son los elegidos y tocados por la mano del \u00e9xito, as\u00ed que hay que darlo todo y sacrificar muchas cosas.\u00a0<\/p>\n<p><img loading=\"lazy\" decoding=\"async\"   src=\"https:\/\/www.europesays.com\/es\/wp-content\/uploads\/2025\/09\/mar-flores_086d5133_250919164309_1200x1816.webp.webp\" alt=\"mar flores\" class=\"lazyload\" width=\"1200\" height=\"1816\" data-aspectratio=\"1200\/1816\"\/><\/p>\n<p>Mar gan\u00f3 el concurso de belleza Rostro de los 90<\/p>\n<p>&#13;GTRES<\/p>\n<p>\u00a0<\/p>\n<p>\u00abEs verdad que el f\u00edsico es muy importante, es mucha presi\u00f3n. Creo que lo he gestionado con inteligencia. <strong>Para seguir estando activa en este mundo hay que estar siempre perfecta<\/strong>\u00ab, ha explicado en la revista &#8216;\u00a1Hola!&#8217;, donde adem\u00e1s ha contado tambi\u00e9n c\u00f3mo es su rutina diario para lucir 20 a\u00f1os m\u00e1s joven.\u00a0<\/p>\n<p>A trav\u00e9s de sus redes sociales tambi\u00e9n confes\u00f3 que incluso ha hecho deporte cuando estaba embarazada. \u00abHe mantenido mi rutina de\u00a0yoga, pilates o lo que estuviera haciendo en ese momento hasta que el m\u00e9dico me lo permit\u00eda.\u00a0<strong>Tard\u00e9 m\u00e1s de dos a\u00f1os en volver a recuperar la musculatura, pero lo consegu\u00ed\u00bb,<\/strong> asegur\u00f3, refiri\u00e9ndose a que tras el parto de los mellizos le cost\u00f3 mucho m\u00e1s recuperarse. Eso s\u00ed, obvio que su entrenamiento no es el mismo que cuando fue madre:\u00a0\u00ab<strong>Hago deporte noventa minutos, seis d\u00edas a la semana.<\/strong> Me centro m\u00e1s en entrenamientos localizados para mejorar las partes del cuerpo que necesito. He ganado en disciplina y experiencia\u00bb, ha dicho en el citado medio.\u00a0<\/p>\n<p><img loading=\"lazy\" decoding=\"async\"   src=\"https:\/\/www.europesays.com\/es\/wp-content\/uploads\/2025\/09\/mar-flores_a500bde0_250919171222_1200x1200.webp.webp\" alt=\"Mar Flores\" class=\"lazyload\" width=\"1200\" height=\"1200\" data-aspectratio=\"1200\/1200\"\/>&#13;Instagram @marflores_mar<br \/>\nEl desaf\u00edo de Mar Flores<\/p>\n<p>Exparticipante de &#8216;El Desaf\u00edo&#8217;, programa en el que sin duda ha demostrado que la edad es solo un n\u00famero y que ella est\u00e1 en plena forma, <strong>Mar Flores tambi\u00e9n comparte a trav\u00e9s de la redes sociales numerosos ejercicios, consejos y rutinas de su d\u00eda a d\u00eda<\/strong>. Ella no solo quiere ser ejemplo de elegancia, sino tambi\u00e9n de vida saludable. Y sin duda lo consigue. Su imagen est\u00e1 muy ligada al deporte. \u00ab\u00bbSup\u00e9rate, rodeate de personas que te acompa\u00f1en en tus locuras. \u00a1Gente que sume! \u00a1Lev\u00e1ntate, mot\u00edvate! Pronto os contar\u00e9 el reto deportivo que me he puesto!\u00bb, dice en una de sus publicaciones.\u00a0<\/p>\n<p>Durante el formato de Antena 3 presentado por Roberto Leal, la modelo se ha enfrentado a la prueba de apnea (<strong>bati\u00f3 r\u00e9cord de temporada con 3:34 minutos bajo el agua<\/strong>), a coreograf\u00edas de infarto, a tirar con ballestas, a conducir un toro mec\u00e1nico.. .Desde luego <a href=\"https:\/\/www.lecturas.com\/actualidad\/decision-carlo-costanzia-tras-memorias-mar-flores-hijo-no-puede-ni-ver-a-su-madre_181327\" rel=\"nofollow noopener\" target=\"_blank\">la madre de Carlo Costanzia<\/a>\u00a0puede presumir de tener uno de los mejores f\u00edsicos y mayores resistencias de la televisi\u00f3n. \u00ab<strong>No importa si ganas o no porque me he superado a m\u00ed misma. Y eso es fant\u00e1stico<\/strong>\u00ab, dijo en la final del espacio de Antena 3.\u00a0<\/p>\n<p>\u00ab<strong>No es gen\u00e9tica, es constancia y esfuerzo, adem\u00e1s de ayudarme con productos efectivos, que potencia los resultados del deporte, tonificando y reafirmando la piel<\/strong>\u00ab, ha dicho en su perfil, donde quien quiera pueda coger algunos de sus entrenamientos como ejemplo para llevar una vida m\u00e1s fit. \u00abLa mera es donde apuntas. El foco donde miras. La rutina es lo que haces. El prop\u00f3sito es lo que sientes. Si todo esto est\u00e1 alineado, vences\u00bb, ha asegurado.\u00a0<\/p>\n","protected":false},"excerpt":{"rendered":"Mar Flores (56 a\u00f1os) se ha convertido en los \u00faltimas semanas en el centro de todas sus mirada.&hellip;\n","protected":false},"author":2,"featured_media":126000,"comment_status":"","ping_status":"","sticky":false,"template":"","format":"standard","meta":{"footnotes":""},"categories":[174],"tags":[255,146,147,25,24,256,23],"class_list":{"0":"post-125999","1":"post","2":"type-post","3":"status-publish","4":"format-standard","5":"has-post-thumbnail","7":"category-famosos","8":"tag-celebrities","9":"tag-entertainment","10":"tag-entretenimiento","11":"tag-es","12":"tag-espana","13":"tag-famosos","14":"tag-spain"},"share_on_mastodon":{"url":"","error":""},"_links":{"self":[{"href":"https:\/\/www.europesays.com\/es\/wp-json\/wp\/v2\/posts\/125999","targetHints":{"allow":["GET"]}}],"collection":[{"href":"https:\/\/www.europesays.com\/es\/wp-json\/wp\/v2\/posts"}],"about":[{"href":"https:\/\/www.europesays.com\/es\/wp-json\/wp\/v2\/types\/post"}],"author":[{"embeddable":true,"href":"https:\/\/www.europesays.com\/es\/wp-json\/wp\/v2\/users\/2"}],"replies":[{"embeddable":true,"href":"https:\/\/www.europesays.com\/es\/wp-json\/wp\/v2\/comments?post=125999"}],"version-history":[{"count":0,"href":"https:\/\/www.europesays.com\/es\/wp-json\/wp\/v2\/posts\/125999\/revisions"}],"wp:featuredmedia":[{"embeddable":true,"href":"https:\/\/www.europesays.com\/es\/wp-json\/wp\/v2\/media\/126000"}],"wp:attachment":[{"href":"https:\/\/www.europesays.com\/es\/wp-json\/wp\/v2\/media?parent=125999"}],"wp:term":[{"taxonomy":"category","embeddable":true,"href":"https:\/\/www.europesays.com\/es\/wp-json\/wp\/v2\/categories?post=125999"},{"taxonomy":"post_tag","embeddable":true,"href":"https:\/\/www.europesays.com\/es\/wp-json\/wp\/v2\/tags?post=125999"}],"curies":[{"name":"wp","href":"https:\/\/api.w.org\/{rel}","templated":true}]}}