{"id":126001,"date":"2025-09-19T20:33:18","date_gmt":"2025-09-19T20:33:18","guid":{"rendered":"https:\/\/www.europesays.com\/es\/126001\/"},"modified":"2025-09-19T20:33:18","modified_gmt":"2025-09-19T20:33:18","slug":"desenfocado-una-reivindicacion-de-lo-borroso-frente-a-la-turbia-realidad","status":"publish","type":"post","link":"https:\/\/www.europesays.com\/es\/126001\/","title":{"rendered":"Desenfocado, una reivindicaci\u00f3n de lo borroso frente a la turbia realidad"},"content":{"rendered":"<p><a class=\"v-mdl-ath__fig-a\" href=\"https:\/\/www.eldiariomontanes.es\/autor\/guillermo-balbona-1020.html\" title=\"Guillermo Balbona\" rel=\"nofollow noopener\" target=\"_blank\"><br \/>\n<img decoding=\"async\" class=\"v-mdl-ath__img\" src=\"https:\/\/www.europesays.com\/es\/wp-content\/uploads\/2025\/09\/autor-1020-foto-3.jpeg\" alt=\"Guillermo Balbona\"\/><br \/>\n<\/a><\/p>\n<p class=\"v-mdl-ath__p v-mdl-ath__p--6\">\nJueves, 18 de septiembre 2025, 21:06<\/p>\n<p class=\"v-p\">Ante los nen\u00fafares de Claude Monet la sensaci\u00f3n de la imagen diluida y desvanecida ha tenido tantos reflejos como visiones y, a su vez, interpretaciones. En ocasiones se achacaron los trazos borrosos de esta serie a una deficiencia ocular. Claude Monet dedic\u00f3 a su serie tres d\u00e9cadas, desde finales de 1890 hasta su muerte en 1926, a la edad de 86 a\u00f1os. Con el paso del tiempo ya fue entendida como \u00abuna elecci\u00f3n est\u00e9tica real\u00bb. Sus \u00f3leos se consideran precedentes de otros tantos que vendr\u00edan despu\u00e9s \u00aben los que artistas de todo el mundo rechazaron igualmente la nitidez en sus propuestas\u00bb. Desde esta semana CaixaForum Madrid explora &#8216;la t\u00e9cnica del desenfoque&#8217; tomando como punto de partida los nen\u00fafares de Monet en la muestra bajo el ep\u00edgrafe &#8216;Desenfocado. Otra visi\u00f3n del arte&#8217;. En ella precisamente se explora y revela c\u00f3mo esta serie de cuadros del pintor expresionista \u00abpudo suponer una nueva forma de ver el mundo para los artistas posteriores\u00bb.<\/p>\n<p><img decoding=\"async\" loading=\"lazy\" src=\"https:\/\/www.europesays.com\/es\/wp-content\/uploads\/2025\/09\/cultura-expo-desenfocado-7 copia.jpg\" class=\"v-a-img\" width=\"2244\" height=\"2000\" alt=\"Claude Monet, 'Le bassin aux nymph\u00e9as, harmonie rose', 1900. Mus\u00e9e d'Orsay.\" data-voc-vtm-id=\"in-text-traffic\"\/><\/p>\n<p>Claude Monet, &#8216;Le bassin aux nymph\u00e9as, harmonie rose&#8217;, 1900. Mus\u00e9e d&#8217;Orsay.<\/p>\n<p>\u00a9 Mus\u00e9e d&#8217;Orsay, Dist. GrandPalaisRmn \/ Patrice Schmidt<\/p>\n<p class=\"v-p\">Prevista hasta abril de 2026, cuenta con 72 obras de 55 artistas diferentes, en su mayor\u00eda contempor\u00e1neos, en colaboraci\u00f3n entre los parisinos Mus\u00e9e d&#8217;Orsay y Mus\u00e9e de l&#8217;Orangerie y Fundaci\u00f3n la Caixa. Son cinco los espacios tem\u00e1ticos que exploran el efecto borroso, que comienza en la zona &#8216;Pre\u00e1mbulo&#8217;. En ella se expone c\u00f3mo el impresionismo de finales del XIX marc\u00f3 un punto de infexi\u00f3n que \u00abconducir\u00eda a la disoluci\u00f3n de la figura\u00bb. La \u00faltima secci\u00f3n es &#8216;Futuros inciertos&#8217;, donde \u00abse propone un acercamiento al modo en que lo borroso delata una inestabilidad y al mismo tiempo crea las condiciones para un nuevo encanto\u00bb.<\/p>\n<p class=\"v-p\">&#8216;Desenfocado. Otra visi\u00f3n del arte&#8217; cuenta con obras de artistas como Alberto Giacometti, Gerhard Richter, Mark Rothko, Eva Nielsen, Thomas Ruff, Alfredo Jaar, Soledad Sevilla, Christian Boltanski, Hans Haacke, Julia Margaret Cameron, Mame-Diarra Niang, Nan Goldin, Bill Viola y Pippilotti Rist, entre otros.<\/p>\n<p class=\"v-p\">Asimismo, la integran cerca de medio centenar de pr\u00e9stamos de colecciones privadas, galer\u00edas, museos, fundaciones y particulares, y una decena de obras de la Colecci\u00f3n de Arte Contempor\u00e1neo Fundaci\u00f3n &#8216;la Caixa&#8217; creadas por los artistas Gerhard Richter, Soledad Sevilla, Roni Horn, Eul\u00e0lia Valldosera, Hiroshi Sugimoto, Pedro G. Romero y Perejaume.<\/p>\n<p class=\"v-p\">Comisariada por la directora del Mus\u00e9e de l&#8217;Orangerie y comisaria, Claire Bernardi, y la conservadora en el Institut National du Patrimoine de Francia y tambi\u00e9n comisaria, Emilia Philippot, el punto de partida es Monet y el concepto de desenfoque en el arte moderno, de lo borroso e impreciso como elementos expresivos. Esta muestra explora este fen\u00f3meno, que supuso una nueva forma de representar y comprender el mundo para artistas posteriores, especialmente desde 1945 hasta hoy.<\/p>\n<p><img decoding=\"async\" loading=\"lazy\" src=\"https:\/\/www.europesays.com\/es\/wp-content\/uploads\/2025\/09\/cultura-expo-desenfocado-9 copia-kXnF-U2302951295681W2C-1140x1140@Diario Montanes.jpg\" class=\"v-a-img\" width=\"1140\" height=\"1140\" alt=\"Mame-Diarra Niang, 'Morphologie du r\u00eave #6', 2021. Cortes\u00eda de la artista y de Stevenson, Cape Town \/ Johannesburg \/ Amsterdam.\" data-voc-vtm-id=\"in-text-traffic\"\/><\/p>\n<p>Mame-Diarra Niang, &#8216;Morphologie du r\u00eave #6&#8217;, 2021. Cortes\u00eda de la artista y de Stevenson, Cape Town \/ Johannesburg \/ Amsterdam.<\/p>\n<p>\u00a9 Mame-Diarra Niang<\/p>\n<p class=\"v-p\">El efecto borroso y desenfocado que caracteriza las amplias extensiones de agua de los lienzos \u2013y que se achac\u00f3 en principio a una deficiencia ocular de Monet\u2013 nunca se hab\u00eda analizado. Hoy, en cambio, esta t\u00e9cnica de expresi\u00f3n art\u00edstica es contemplada como una elecci\u00f3n est\u00e9tica real y es el hilo conductor que recorre la muestra.<\/p>\n<p class=\"v-p\">Partiendo de ra\u00edces est\u00e9ticas del desenfoque en el siglo XIX y principios del XX, y siguiendo las convulsiones intelectuales, cient\u00edficas, sociales y art\u00edsticas con las que creci\u00f3 el impresionismo, la exposici\u00f3n \u00abhabla de lo borroso, que definido inicialmente como una p\u00e9rdida de nitidez resulta ser un medio privilegiado para plasmar un mundo donde reina la inestabilidad y donde la visibilidad se enturbia\u00bb. <\/p>\n<p class=\"v-p\">&#8216;En las fronteras de lo visible&#8217;, primer \u00e1mbito, se plantea el desenfoque como un efecto para desafiar nuestros modos de percepci\u00f3n. Desde los l\u00edmites de lo visible, a trav\u00e9s de im\u00e1genes cient\u00edficas, hasta la alteraci\u00f3n de las referencias art\u00edsticas tradicionales, los artistas juegan con la vaguedad m\u00e1s que con la oposici\u00f3n entre representaci\u00f3n y no representaci\u00f3n. <\/p>\n<p><img decoding=\"async\" loading=\"lazy\" src=\"https:\/\/www.europesays.com\/es\/wp-content\/uploads\/2025\/09\/cultura-expo-desenfocado-14-1 copia.jpg\" class=\"v-a-img\" width=\"1193\" height=\"1193\" alt=\"Wojciech Fangor, 'Number 17', 1963. The Museum of Modern Art, New York.\" data-voc-vtm-id=\"in-text-traffic\"\/><\/p>\n<p>Wojciech Fangor, &#8216;Number 17&#8217;, 1963. The Museum of Modern Art, New York.<\/p>\n<p>\u00a9 Wojciech Fangor \u00a9 Fotograf\u00eda: The Museum of Modern Art, New York \/ 2025 Scala Archives<\/p>\n<p class=\"v-p\">En &#8216;La erosi\u00f3n de las certezas&#8217; el p\u00fablico se coloca ante un nuevo terreno en el que los artistas proponen nuevos enfoques y hacen que su material sea transitorio, desordenado, m\u00f3vil, inacabado y dudoso. <\/p>\n<p class=\"v-p\">&#8216;Elogio de la indefinici\u00f3n&#8217;, tercera secci\u00f3n, incide en el trabajo de artistas que, \u00abreconociendo una profunda conmoci\u00f3n en el orden del mundo, optan por lo indeterminado, lo indistinto y lo alusivo\u00bb.<\/p>\n<ul class=\"v-u\">\n<li class=\"v-u__l\">\n<p class=\"v-p\">\nExposici\u00f3n<br \/>\n&#8216;Desenfocado. Otra visi\u00f3n del arte&#8217; es una colaboraci\u00f3n entre la Fundaci\u00f3n &#8216;la Caixa&#8217;, el Mus\u00e9e d&#8217;Orsay, el Mus\u00e9e de l&#8217;Orangerie que exhibe en CaixaForum Madrid 72 obras de 55 artistas.\n<\/p>\n<\/li>\n<li class=\"v-u__l\">\n<p class=\"v-p\">\nOtros datos<br \/>\nInici\u00f3 su andadura en abril en el museo de la capital parisina y en Madrid, estar\u00e1 hasta el 12 de abril de 2026, con una nueva puesta en escena y la incorporaci\u00f3n de nuevas obras. A partir del 20 de mayo, la muestra se podr\u00e1 visitar en CaixaForum Barcelona.\n<\/p>\n<\/li>\n<\/ul>\n<p class=\"v-p\">&#8216;Futuros inciertos&#8217;, \u00faltimo \u00e1mbito, propone un acercamiento al modo en que lo borroso delata una inestabilidad y al mismo tiempo crea las condiciones para un nuevo encanto. Claire Bernardi, m\u00e1xima responsable del Mus\u00e9e de l&#8217;Orangerie, subraya que la idea de la exposici\u00f3n surgi\u00f3 de una constataci\u00f3n, definida como \u00abprovocadora\u00bb: ante determinadas obras como los Nen\u00fafares de Monet \u00aba veces no vemos nada o incluso vemos borroso, desenfocado\u00bb. Tambi\u00e9n les llam\u00f3 la atenci\u00f3n comprobar que, pese a que este recurso est\u00e1 omnipresente en su trayectoria, nunca se hab\u00eda estudiado ni tanto en sus pinturas ni en las de sus sucesores.<\/p>\n<p class=\"v-p\">Igualmente, quisieron superar la connotaci\u00f3n negativa que conlleva esta difusi\u00f3n al contraponerse a lo n\u00edtido, que es a lo que el ojo est\u00e1 m\u00e1s acostumbrado a concebir como lo &#8216;bueno&#8217;. Y a su vez, \u00abc\u00f3mo este desenfoque est\u00e1 especialmente presente en el mundo actual sin ser algo nuevo, sino que se lleva alimentando desde tiempos de Leonardo da Vinci, a trav\u00e9s de su conocida t\u00e9cnica del sfumato\u00bb.<\/p>\n<p>Frente a la lectura un\u00edvoca<\/p>\n<p class=\"v-p\">Los artistas utilizan este efecto para cuestionar nuestros modos de percepci\u00f3n, invitarnos a regresar a la fuente misma de la mirada y animarnos a dejar atr\u00e1s la lectura un\u00edvoca de la realidad. Algunos exploran los l\u00edmites de lo visible retomando el vocabulario de la imagen cient\u00edfica, desde la visi\u00f3n de lo infraleve hasta la inmensidad del cosmos. <\/p>\n<p><img decoding=\"async\" loading=\"lazy\" src=\"https:\/\/www.europesays.com\/es\/wp-content\/uploads\/2025\/09\/cultura-expo-desenfocado-13 copia-kXnF-U2302951295681h2D-1140x706@Diario Montanes.jpg\" class=\"v-a-img\" width=\"1140\" height=\"706\" alt=\"Hans Hartung, 'T1982-H31', 1982. Hans Hartung Foundation.\" data-voc-vtm-id=\"in-text-traffic\"\/><\/p>\n<p>Hans Hartung, &#8216;T1982-H31&#8217;, 1982. Hans Hartung Foundation.<\/p>\n<p>\u00a9 Hans Hartung, VEGAP, Barcelona, 2025<\/p>\n<p class=\"v-p\">Otros alteran los referentes tradicionales de la representaci\u00f3n jugando con la indefinici\u00f3n m\u00e1s que con la oposici\u00f3n entre figuraci\u00f3n y abstracci\u00f3n. Y algunos ponen a prueba al espectador y estimulan con astucia su agudeza visual evocando la circularidad de la retina en sus obras en forma de diana.La exposici\u00f3n cuenta con un espacio de mediaci\u00f3n y contemplaci\u00f3n titulado &#8216;Re-ver. Mirar el cielo con ojos diversos&#8217;, que propone a los visitantes que se recuesten en un espacio c\u00f3modo y di\u00e1fano para \u00abre-mirar\u00bb un cielo lleno de nubes sugerentes a trav\u00e9s de unas gafas intervenidas art\u00edsticamente que distorsionan la visi\u00f3n y permitir\u00e1n mirar de una forma imaginativa.<\/p>\n<p><img decoding=\"async\" loading=\"lazy\" src=\"https:\/\/www.europesays.com\/es\/wp-content\/uploads\/2025\/09\/cultura-expo-desenfocado-1 copia-kXnF-U2302951295681fxF-1140x1279@Diario Montanes.jpg\" class=\"v-a-img\" width=\"1140\" height=\"1279\" alt=\"Roni Horn, 'Cabinet of, 2001-2002'. Colecci\u00f3n de Arte Contempor\u00e1neo de la Fundaci\u00f3n \u00abla Caixa\u00bb.\" data-voc-vtm-id=\"in-text-traffic\"\/><\/p>\n<p>Roni Horn, &#8216;Cabinet of, 2001-2002&#8217;. Colecci\u00f3n de Arte Contempor\u00e1neo de la Fundaci\u00f3n \u00abla Caixa\u00bb.<\/p>\n<p>\u00a9 Roni Horn<\/p>\n<p class=\"v-p\">El cielo ha sido creado con IA generativa y las gafas permitir\u00e1n ver de diferentes formas: con otros colores, con luz irisada o con una lente que enfoque m\u00e1s de cerca o m\u00e1s de lejos, o m\u00e1s difuminado, por ejemplo. Todo ello, emulando las capacidades visuales de animales reales y de otros inventados con el fin de que los visitantes puedan experimentar capacidades de visi\u00f3n m\u00faltiples.<\/p>\n<p><img decoding=\"async\" loading=\"lazy\" src=\"https:\/\/www.europesays.com\/es\/wp-content\/uploads\/2025\/09\/cultura-expo-desenfocado-12 copia-kXnF-U2302951295681xjD-1140x795@Diario Montanes.jpg\" class=\"v-a-img\" width=\"1140\" height=\"795\" alt=\"Mircea Cantor, 'Unpredicteble Future', 2015. Colecci\u00f3n particular, Par\u00eds\" data-voc-vtm-id=\"in-text-traffic\"\/><\/p>\n<p>Mircea Cantor, &#8216;Unpredicteble Future&#8217;, 2015. Colecci\u00f3n particular, Par\u00eds<\/p>\n<p>\u00a9 Mircea Cantor, VEGAP, Barcelona, 2025<\/p>\n<p class=\"v-p\">En estos trayectos destaca la espontaneidad del instante capturado en la fotograf\u00eda amateur donde el desenfoque refleja la vida en su m\u00e1xima realidad en las m\u00e1s de 80 fotograf\u00edas de la Colecci\u00f3n S\u00e9bastien Lifshitz&#8217;s, que \u00abhacen visibles espacios \u00edntimos, dif\u00edciles de narrar y, por eso mismo, de mostrar aquello que a menudo escapa a la mirada\u00bb. Y el desenfoque que constata la parte animal del ser humano en el gran muro de Roni Horn, artista que ya expuso en el Centro Bot\u00edn. El mundo ha sido y, por tanto, sigue siendo difuso. \u00abEn una actualidad que necesitamos certidumbres constantes y que las cosas est\u00e9n delimitadas, esta exposici\u00f3n permite una perspectiva mayor\u00bb, asegura Bernardi, \u00abque se aleje de esa carrera hacia la precisi\u00f3n en la que nos encontramos, y que va tan lejos que a veces no nos permite distinguir entre la informaci\u00f3n buena de la mala\u00bb.<\/p>\n<p>Comenta<\/p>\n<p>Reporta un error<\/p>\n<p class=\"v-crt__t\"> L\u00edmite de sesiones alcanzadas<\/p>\n<p class=\"v-crt__p\">El acceso al contenido Premium est\u00e1 abierto por cortes\u00eda del establecimiento donde te encuentras, pero ahora mismo hay demasiados usuarios conectados a las vez.<\/p>\n<p class=\"v-crt__p\">Por favor, int\u00e9ntalo pasados unos minutos.<\/p>\n<p>\nVolver a intentar\n<\/p>\n<p class=\"v-crt__t\">Sesi\u00f3n cerrada<\/p>\n<p class=\"v-crt__p\">Al iniciar sesi\u00f3n desde un dispositivo distinto, por seguridad, se cerr\u00f3 la \u00faltima sesi\u00f3n en este.<\/p>\n<p class=\"v-crt__p\">Para continuar disfrutando de su suscripci\u00f3n digital, inicie sesi\u00f3n en este dispositivo.<\/p>\n<p>\nEste contenido es exclusivo para suscriptores\n<\/p>\n<p class=\"text\">\u00bfTienes una suscripci\u00f3n? <a href=\"https:\/\/secure.eldiariomontanes.es\/login\/login.html#vca=suscribete&amp;vso=eldiariomontanes&amp;vmc=on&amp;vli=cdn-ce-link-login\" class=\"login\" data-voc-vtm-id=\"comienzoSuscripcionON\" data-voc-vtm-info=\"cdn-ce-link-login\" rel=\"nofollow noopener\" target=\"_blank\">Inicia sesi\u00f3n<\/a><\/p>\n","protected":false},"excerpt":{"rendered":"Jueves, 18 de septiembre 2025, 21:06 Ante los nen\u00fafares de Claude Monet la sensaci\u00f3n de la imagen diluida&hellip;\n","protected":false},"author":2,"featured_media":126002,"comment_status":"","ping_status":"","sticky":false,"template":"","format":"standard","meta":{"footnotes":""},"categories":[173],"tags":[229,233,231,230,40954,232,234,146,147,25,24,23,19625],"class_list":{"0":"post-126001","1":"post","2":"type-post","3":"status-publish","4":"format-standard","5":"has-post-thumbnail","7":"category-arte-y-diseno","8":"tag-arte","9":"tag-arte-y-diseno","10":"tag-arts","11":"tag-arts-and-design","12":"tag-desenfocado","13":"tag-design","14":"tag-diseno","15":"tag-entertainment","16":"tag-entretenimiento","17":"tag-es","18":"tag-espana","19":"tag-spain","20":"tag-vision"},"share_on_mastodon":{"url":"","error":""},"_links":{"self":[{"href":"https:\/\/www.europesays.com\/es\/wp-json\/wp\/v2\/posts\/126001","targetHints":{"allow":["GET"]}}],"collection":[{"href":"https:\/\/www.europesays.com\/es\/wp-json\/wp\/v2\/posts"}],"about":[{"href":"https:\/\/www.europesays.com\/es\/wp-json\/wp\/v2\/types\/post"}],"author":[{"embeddable":true,"href":"https:\/\/www.europesays.com\/es\/wp-json\/wp\/v2\/users\/2"}],"replies":[{"embeddable":true,"href":"https:\/\/www.europesays.com\/es\/wp-json\/wp\/v2\/comments?post=126001"}],"version-history":[{"count":0,"href":"https:\/\/www.europesays.com\/es\/wp-json\/wp\/v2\/posts\/126001\/revisions"}],"wp:featuredmedia":[{"embeddable":true,"href":"https:\/\/www.europesays.com\/es\/wp-json\/wp\/v2\/media\/126002"}],"wp:attachment":[{"href":"https:\/\/www.europesays.com\/es\/wp-json\/wp\/v2\/media?parent=126001"}],"wp:term":[{"taxonomy":"category","embeddable":true,"href":"https:\/\/www.europesays.com\/es\/wp-json\/wp\/v2\/categories?post=126001"},{"taxonomy":"post_tag","embeddable":true,"href":"https:\/\/www.europesays.com\/es\/wp-json\/wp\/v2\/tags?post=126001"}],"curies":[{"name":"wp","href":"https:\/\/api.w.org\/{rel}","templated":true}]}}