{"id":126011,"date":"2025-09-19T20:39:04","date_gmt":"2025-09-19T20:39:04","guid":{"rendered":"https:\/\/www.europesays.com\/es\/126011\/"},"modified":"2025-09-19T20:39:04","modified_gmt":"2025-09-19T20:39:04","slug":"un-neurologo-destaca-que-en-breve-llegaran-a-espana-nuevos-medicamentos-contra-el-alzheimer-que-actuan-sobre-su-origen","status":"publish","type":"post","link":"https:\/\/www.europesays.com\/es\/126011\/","title":{"rendered":"Un neur\u00f3logo destaca que \u00aben breve\u00bb llegar\u00e1n a Espa\u00f1a nuevos medicamentos contra el Alzheimer que act\u00faan sobre su origen"},"content":{"rendered":"<p>    MADRID 19 Sep. (EUROPA PRESS) &#8211; <\/p>\n<p>   El neur\u00f3logo de la Policl\u00ednica Gipuzkoa Gurutz Linazasoro ha destacado este viernes que \u00aben breve\u00bb llegar\u00e1n a Espa\u00f1a nuevos medicamentos contra el Alzheimer, unos anticuerpos monoclonales que act\u00faan sobre el origen de la misma, lo que abre la puerta a la \u00abesperanza\u00bb para los pacientes y sus familiares.<\/p>\n<p>   \u00abHace 40 a\u00f1os, cuando empec\u00e9 en neurolog\u00eda, no ten\u00edamos pr\u00e1cticamente nada que ofrecer a las personas con Alzheimer. Ahora disponemos de medicamentos que mejoran los s\u00edntomas y, en breve, llegar\u00e1n a Espa\u00f1a f\u00e1rmacos que act\u00faan directamente sobre el origen de la enfermedad, los dep\u00f3sitos de una prote\u00edna llamada amiloide\u00bb, ha explicado Linazasoro, con motivo del D\u00eda Mundial del Alzheimer, que se celebra este domingo.<\/p>\n<p>   Tras ello, ha explicado que estos f\u00e1rmacos ya se comercializan en Estados Unidos e Inglaterra, y que han demostrado ser capaces de limpiar los dep\u00f3sitos de amiloide en el cerebro, lo que da lugar a una evoluci\u00f3n \u00abm\u00e1s lenta y benigna\u00bb de la enfermedad.<\/p>\n<p>   \u00abEstamos hablando de un antes y un despu\u00e9s en el tratamiento del Alzheimer, porque el gran objetivo siempre ha sido modificar el curso de la enfermedad y ganar tiempo frente a la neurodegeneraci\u00f3n\u00bb, ha a\u00f1adido el especialista.<\/p>\n<p>    Asimismo, ha destacado que la innovaci\u00f3n en el diagn\u00f3stico ha permitido detectar estos dep\u00f3sitos intracerebrales mediante un simple an\u00e1lisis de sangre, lo que \u00ababre la puerta\u00bb a estrategias de intervenci\u00f3n m\u00e1s tempranas y eficaces.<\/p>\n<p>   \u00abEstamos en la primera estaci\u00f3n del largo camino que nos va a llevar a la prevenci\u00f3n de la enfermedad de Alzheimer. Las bases cient\u00edficas son muy s\u00f3lidas y estamos ilusionados con lo que est\u00e1 por venir. Hasta entonces, mucho \u00e1nimo y mucha esperanza para las familias y las personas afectadas por esta enfermedad\u00bb, ha concluido Linazasoro. <\/p>\n","protected":false},"excerpt":{"rendered":"MADRID 19 Sep. (EUROPA PRESS) &#8211; El neur\u00f3logo de la Policl\u00ednica Gipuzkoa Gurutz Linazasoro ha destacado este viernes&hellip;\n","protected":false},"author":2,"featured_media":126012,"comment_status":"","ping_status":"","sticky":false,"template":"","format":"standard","meta":{"footnotes":""},"categories":[92],"tags":[25,24,165,166,23],"class_list":{"0":"post-126011","1":"post","2":"type-post","3":"status-publish","4":"format-standard","5":"has-post-thumbnail","7":"category-salud","8":"tag-es","9":"tag-espana","10":"tag-health","11":"tag-salud","12":"tag-spain"},"share_on_mastodon":{"url":"","error":""},"_links":{"self":[{"href":"https:\/\/www.europesays.com\/es\/wp-json\/wp\/v2\/posts\/126011","targetHints":{"allow":["GET"]}}],"collection":[{"href":"https:\/\/www.europesays.com\/es\/wp-json\/wp\/v2\/posts"}],"about":[{"href":"https:\/\/www.europesays.com\/es\/wp-json\/wp\/v2\/types\/post"}],"author":[{"embeddable":true,"href":"https:\/\/www.europesays.com\/es\/wp-json\/wp\/v2\/users\/2"}],"replies":[{"embeddable":true,"href":"https:\/\/www.europesays.com\/es\/wp-json\/wp\/v2\/comments?post=126011"}],"version-history":[{"count":0,"href":"https:\/\/www.europesays.com\/es\/wp-json\/wp\/v2\/posts\/126011\/revisions"}],"wp:featuredmedia":[{"embeddable":true,"href":"https:\/\/www.europesays.com\/es\/wp-json\/wp\/v2\/media\/126012"}],"wp:attachment":[{"href":"https:\/\/www.europesays.com\/es\/wp-json\/wp\/v2\/media?parent=126011"}],"wp:term":[{"taxonomy":"category","embeddable":true,"href":"https:\/\/www.europesays.com\/es\/wp-json\/wp\/v2\/categories?post=126011"},{"taxonomy":"post_tag","embeddable":true,"href":"https:\/\/www.europesays.com\/es\/wp-json\/wp\/v2\/tags?post=126011"}],"curies":[{"name":"wp","href":"https:\/\/api.w.org\/{rel}","templated":true}]}}