{"id":126021,"date":"2025-09-19T20:44:11","date_gmt":"2025-09-19T20:44:11","guid":{"rendered":"https:\/\/www.europesays.com\/es\/126021\/"},"modified":"2025-09-19T20:44:11","modified_gmt":"2025-09-19T20:44:11","slug":"de-inmigrante-agresor-a-salvador-el-falso-relato-sobre-la-chica-quemada-en-las-palmas","status":"publish","type":"post","link":"https:\/\/www.europesays.com\/es\/126021\/","title":{"rendered":"De inmigrante agresor a salvador: el falso relato sobre la chica quemada en Las Palmas"},"content":{"rendered":"<p>  Por&amp;nbsp<a href=\"https:\/\/es.euronews.com\/perfiles\/2828\" rel=\"nofollow noopener\" target=\"_blank\">Christina Thykjaer<\/a><\/p>\n<p>\n                    Publicado                 19\/09\/2025 &#8211; 16:52 CEST<br \/>\n                \u2022Ultima actualizaci\u00f3n<br \/>\n                                     20:39\n                                        <\/p>\n<p>          <img decoding=\"async\" class=\"c-ad__placeholder__logo\" src=\"https:\/\/static.euronews.com\/website\/images\/logos\/logo-euronews-stacked-outlined-72x72-grey-9.svg\" width=\"72\" height=\"72\" alt=\"\" loading=\"lazy\"\/><br \/>\n          PUBLICIDAD<\/p>\n<p>El 21 de julio, apenas un mes y medio despu\u00e9s de haber llegado en patera a Lanzarote, Abarraf\u00eda H., <a href=\"https:\/\/es.euronews.com\/my-europe\/2025\/07\/12\/el-macabro-juego-viral-en-el-que-unos-inmigrantes-dan-una-paliza-a-un-anciano-remueve-torr\" rel=\"nofollow noopener\" target=\"_blank\">un joven marroqu\u00ed<\/a> de 20 a\u00f1os, ingres\u00f3 en prisi\u00f3n acusado de un delito atroz: <strong>intentar quemar viva a una menor de 17 a\u00f1os en Las Palmas de Gran Canaria<\/strong>. La sospecha parec\u00eda demoledora y el relato inicial lo se\u00f1alaba como culpable. Pero la historia termin\u00f3 girando en otra direcci\u00f3n.<\/p>\n<p>Las primeras informaciones <strong>se apoyaron en una llamada al 112.<\/strong> A las 4:01 de la madrugada del 16 de julio, un ciudadano alertaba de la presencia de \u00abun moro\u00bb en una casa ocupada. No ped\u00eda ayuda inmediata, sino que denunciaba que ese joven iba a \u00abreventar\u00bb el lugar. Solo al final, casi de pasada, mencion\u00f3 que hab\u00eda \u00abuna chica quemada entera\u00bb. <\/p>\n<p><strong>Aquella llamada marc\u00f3 el inicio de la sospecha<\/strong>. Horas despu\u00e9s, las c\u00e1maras de seguridad confirmar\u00edan que dos personas intentaban salir de un inmueble en llamas: primero un hombre, luego una mujer. La menor, de 17 a\u00f1os, fue evacuada en estado cr\u00edtico al Hospital Doctor Negr\u00edn y posteriormente trasladada a otro centro en Sevilla, especializado en quemados graves.<\/p>\n<p>Dudas desde el primer auto<\/p>\n<p>El juez instructor del caso no ocult\u00f3 su recelo en el mismo auto que decretaba prisi\u00f3n preventiva. El testigo que llam\u00f3 al 112 estaba <strong>implicado en un episodio de <a href=\"https:\/\/es.euronews.com\/my-europe\/2025\/08\/27\/la-ong-human-rights-watch-acusa-a-espana-y-la-ue-de-complicidad-en-los-abusos-cometidos-en\" rel=\"nofollow noopener\" target=\"_blank\">acoso contra migrantes<\/a> en el barrio de La Isleta<\/strong> apenas cinco d\u00edas antes. Adem\u00e1s, las im\u00e1genes parec\u00edan mostrar lo contrario a lo que se insinuaba: la menor dif\u00edcilmente habr\u00eda podido salir sola de un edificio cerrado con un muro y sin salidas practicables.<\/p>\n<p>En la grabaci\u00f3n del 112, incluso, se escuchaba una voz de fondo, la del propio Abarraf\u00eda  <strong>gritando \u00abm\u00e9dico, ayuda\u00bb<\/strong>. Aun as\u00ed, la sospecha de que la joven hab\u00eda sido quemada con un l\u00edquido inflamable, seg\u00fan los primeros partes m\u00e9dicos, mantuvo viva la hip\u00f3tesis de un ataque intencionado.<\/p>\n<p>La noticia r\u00e1pidamente se volvi\u00f3 viral en las redes sociales y los medios de comunicaci\u00f3n se hicieron eco inmediatamente del crimen, apuntando que un joven marroqu\u00ed fue se\u00f1alado como responsable de <strong>un incendio mortal en una vivienda ocupada<\/strong> en medio de un clima pol\u00edtico ya de por s\u00ed tenso por <a href=\"https:\/\/es.euronews.com\/2025\/07\/14\/espana-tension-y-miedo-en-torre-pacheco-tras-una-oleada-de-ataques-a-inmigrantes\" rel=\"nofollow noopener\" target=\"_blank\">los disturbios en Torre Pacheco<\/a>. Ambos sucesos, ocurridos con pocos d\u00edas de diferencia, alimentaron una narrativa de miedo y desconfianza hacia los inmigrantes magreb\u00edes, amplificada por determinados perfiles y p\u00e1ginas en internet.<\/p>\n<p>El relato de la v\u00edctima lo desminti\u00f3<\/p>\n<p>Pero todo cambi\u00f3 semanas despu\u00e9s, cuando la menor por fin pudo declarar en el hospital. Su testimonio <strong>desmont\u00f3 la versi\u00f3n inicial<\/strong>: el fuego no fue provocado, sino accidental. Y Abarraf\u00eda, lejos de ser su agresor, <strong>hab\u00eda tratado de rescatarla<\/strong>. Coincid\u00eda palabra por palabra con lo que \u00e9l hab\u00eda sostenido desde el principio. La Polic\u00eda y los Bomberos, adem\u00e1s, presentaron informes que desment\u00edan la tesis del l\u00edquido inflamable. El caso se resquebrajaba por completo.<\/p>\n<p>Esta semana, el juez orden\u00f3 su libertad provisional. No solo levant\u00f3 la acusaci\u00f3n de homicidio y lesiones dolosas, sino que <strong>reconoci\u00f3 la falta de base para sostener que Abarraf\u00eda intent\u00f3 acabar con la vida<\/strong> de la joven. La \u00fanica medida cautelar impuesta fue la prohibici\u00f3n de abandonar Gran Canaria, mientras se investiga si hubo alguna imprudencia.<\/p>\n<p>Pero la liberaci\u00f3n judicial <a href=\"https:\/\/es.euronews.com\/my-europe\/2025\/07\/18\/como-la-desinformacion-alimento-los-disturbios-antimigrantes-en-espana-tras-la-agresion-a-\" rel=\"nofollow noopener\" target=\"_blank\">no ha borrado el estigma<\/a>. En redes sociales, perfiles que ya hab\u00edan instigado hostilidad contra inmigrantes en La Isleta <strong>siguen llam\u00e1ndolo \u00abmonstruo\u00bb o \u00abasesino\u00bb<\/strong>, incluidos varios pol\u00edticos de la extrema derecha espa\u00f1ola, como el l\u00edder de Vox, Santiago Abascal. <\/p>\n<p>Una historia que habla de m\u00e1s que un incendio<\/p>\n<p>El caso de Abarraf\u00eda no es solo el relato de un incendio fortuito y de una investigaci\u00f3n judicial que cambi\u00f3 de rumbo. Tambi\u00e9n refleja <strong>la fragilidad de quienes llegan sin papeles<\/strong>, sin arraigo y sin redes de apoyo: basta <a href=\"https:\/\/es.euronews.com\/2025\/07\/15\/crisis-en-torre-pacheco-ya-son-13-los-detenidos-por-los-disturbios-y-la-fiscalia-investiga\" rel=\"nofollow noopener\" target=\"_blank\">una llamada cargada de prejuicios<\/a> para que la sospecha se convierta en condena social. <\/p>\n<p>Hoy, mientras la menor se recupera de las graves quemaduras, Abarraf\u00eda trata de <strong>recomponer su vida bajo la sombra de un proceso judicial<\/strong> que, aunque debilitado, a\u00fan no se ha cerrado del todo. <\/p>\n","protected":false},"excerpt":{"rendered":"Por&amp;nbspChristina Thykjaer Publicado 19\/09\/2025 &#8211; 16:52 CEST \u2022Ultima actualizaci\u00f3n 20:39 PUBLICIDAD El 21 de julio, apenas un mes&hellip;\n","protected":false},"author":2,"featured_media":126022,"comment_status":"","ping_status":"","sticky":false,"template":"","format":"standard","meta":{"footnotes":""},"categories":[8],"tags":[17,18,1896,25,24,2287,13,14,11,590,6238,19,20,9,10,15,16,11301,23,12,21,22],"class_list":{"0":"post-126021","1":"post","2":"type-post","3":"status-publish","4":"format-standard","5":"has-post-thumbnail","7":"category-espana","8":"tag-breaking-news","9":"tag-breakingnews","10":"tag-canarias","11":"tag-es","12":"tag-espana","13":"tag-extrema-derecha","14":"tag-featured-news","15":"tag-featurednews","16":"tag-headlines","17":"tag-inmigracion","18":"tag-las-palmas","19":"tag-latest-news","20":"tag-latestnews","21":"tag-news","22":"tag-noticias","23":"tag-noticias-destacadas","24":"tag-noticiasdestacadas","25":"tag-politica-espanola","26":"tag-spain","27":"tag-titulares","28":"tag-ultimas-noticias","29":"tag-ultimasnoticias"},"share_on_mastodon":{"url":"","error":""},"_links":{"self":[{"href":"https:\/\/www.europesays.com\/es\/wp-json\/wp\/v2\/posts\/126021","targetHints":{"allow":["GET"]}}],"collection":[{"href":"https:\/\/www.europesays.com\/es\/wp-json\/wp\/v2\/posts"}],"about":[{"href":"https:\/\/www.europesays.com\/es\/wp-json\/wp\/v2\/types\/post"}],"author":[{"embeddable":true,"href":"https:\/\/www.europesays.com\/es\/wp-json\/wp\/v2\/users\/2"}],"replies":[{"embeddable":true,"href":"https:\/\/www.europesays.com\/es\/wp-json\/wp\/v2\/comments?post=126021"}],"version-history":[{"count":0,"href":"https:\/\/www.europesays.com\/es\/wp-json\/wp\/v2\/posts\/126021\/revisions"}],"wp:featuredmedia":[{"embeddable":true,"href":"https:\/\/www.europesays.com\/es\/wp-json\/wp\/v2\/media\/126022"}],"wp:attachment":[{"href":"https:\/\/www.europesays.com\/es\/wp-json\/wp\/v2\/media?parent=126021"}],"wp:term":[{"taxonomy":"category","embeddable":true,"href":"https:\/\/www.europesays.com\/es\/wp-json\/wp\/v2\/categories?post=126021"},{"taxonomy":"post_tag","embeddable":true,"href":"https:\/\/www.europesays.com\/es\/wp-json\/wp\/v2\/tags?post=126021"}],"curies":[{"name":"wp","href":"https:\/\/api.w.org\/{rel}","templated":true}]}}