{"id":126025,"date":"2025-09-19T20:46:08","date_gmt":"2025-09-19T20:46:08","guid":{"rendered":"https:\/\/www.europesays.com\/es\/126025\/"},"modified":"2025-09-19T20:46:08","modified_gmt":"2025-09-19T20:46:08","slug":"segundo-titulo-en-la-copa-principado-lobas-global-atac-oviedo","status":"publish","type":"post","link":"https:\/\/www.europesays.com\/es\/126025\/","title":{"rendered":"SEGUNDO T\u00cdTULO EN LA COPA PRINCIPADO | Lobas Global Atac Oviedo"},"content":{"rendered":"<p>El Lobas Global Atac Oviedo se corona campe\u00f3n de la Copa Principado. El conjunto ovetense venci\u00f3 en Langreo al Balonmano Gij\u00f3n por 30-15 y conquista su segundo t\u00edtulo de esta competici\u00f3n, diez a\u00f1os despu\u00e9s de haberse impuesto en la primera edici\u00f3n.<\/p>\n<p><a href=\"https:\/\/lobasglobalatacoviedo.com\/wp-content\/uploads\/2025\/09\/20250919-copaprincipado.jpg\" rel=\"nofollow noopener\" target=\"_blank\"><img loading=\"lazy\" decoding=\"async\" data-attachment-id=\"10500\" data-permalink=\"https:\/\/lobasglobalatacoviedo.com\/2025\/09\/19\/segundo-titulo-en-la-copa-principado\/20250919-copaprincipado\/\" data-orig-file=\"https:\/\/lobasglobalatacoviedo.com\/wp-content\/uploads\/2025\/09\/20250919-copaprincipado.jpg\" data-orig-size=\"1024,648\" data-comments-opened=\"0\" data-image-meta=\"{&quot;aperture&quot;:&quot;5&quot;,&quot;credit&quot;:&quot;&quot;,&quot;camera&quot;:&quot;Canon EOS 1200D&quot;,&quot;caption&quot;:&quot;&quot;,&quot;created_timestamp&quot;:&quot;1758316143&quot;,&quot;copyright&quot;:&quot;&quot;,&quot;focal_length&quot;:&quot;40&quot;,&quot;iso&quot;:&quot;3200&quot;,&quot;shutter_speed&quot;:&quot;0.008&quot;,&quot;title&quot;:&quot;&quot;,&quot;orientation&quot;:&quot;1&quot;}\" data-image-title=\"20250919-copaprincipado\" data-image-description=\"\" data-image-caption=\"\" data-medium-file=\"https:\/\/lobasglobalatacoviedo.com\/wp-content\/uploads\/2025\/09\/20250919-copaprincipado.jpg?w=300\" data-large-file=\"https:\/\/lobasglobalatacoviedo.com\/wp-content\/uploads\/2025\/09\/20250919-copaprincipado.jpg?w=604\" width=\"1024\" height=\"648\" src=\"https:\/\/www.europesays.com\/es\/wp-content\/uploads\/2025\/09\/20250919-copaprincipado.jpg\" alt=\"\" class=\"wp-image-10500\"\/><\/a><\/p>\n<p>Las pupilas de Manolo D\u00edaz llevaron la iniciativa en el marcador desde el principio, rubricando un parcial de 4-1 de salida a base de velocidad. El Balonmano Gij\u00f3n respondi\u00f3 (4-3) pero las carbayonas meter\u00edan la directa con un parcial de 6-1, que colocaba ya seis goles de distancia en el marcador (10-4). Las azules, con Carmen Garc\u00eda-Calvo liderando el ataque, continuar\u00edan ampliando la ventaja rumbo al descanso, al que se llegaba con 16-8 en el electr\u00f3nico.<\/p>\n<p>Al comienzo del segundo tiempo el Balonmano Gij\u00f3n acort\u00f3 distancias (17-11) pero el Lobas Global Atac Oviedo replicar\u00eda con un parcial de 6-0 que llevar\u00eda la renta por encima de la decena de goles (25-12). La reci\u00e9n fichada Raquel \u00c1lvarez jugar\u00eda sus primeros minutos con el cuadro carbay\u00f3n, que terminaba imponi\u00e9ndose finalmente por 30-15 para alzar el trofeo de campe\u00f3n de la Copa Principado. Lisa Chiagozie fue elegida mejor jugadora y Aida Fern\u00e1ndez se llev\u00f3 el premio a la mejor portera.<\/p>\n<p>El Lobas Global Atac Oviedo cierra as\u00ed con un t\u00edtulo su preparaci\u00f3n de cara al inicio de la Liga de Divisi\u00f3n de Honor Oro. El s\u00e1bado de la pr\u00f3xima semana (20:00 horas) las carbayonas comenzar\u00e1n la competici\u00f3n liguera midi\u00e9ndose en el Florida Arena con el Sch\u00e4r Colores Zaragoza.<\/p>\n<p><strong>Lobas Global Atac Oviedo (30):<\/strong> Aida Fern\u00e1ndez, Jimena Merino (2), Carmen Garc\u00eda-Calvo (5), Marta da Silva (3), Celia Rojo (2), Lisa Chiagozie (6), Camila M\u00e9ndez (5) -siete inicial-, Paloma Calvo (2), Teresa Rodr\u00edguez (4), Paula Molano (1), Raquel \u00c1lvarez y Luc\u00eda M\u00e9ndez.<br \/><strong>Balonmano Gij\u00f3n (15):<\/strong> Alba Pi\u00f1era, Marta Dur\u00e1n, Nayara \u00c1lvarez, Sandra Parapar, Lorena Garc\u00eda (2), In\u00e9s Gonz\u00e1lez (2), Luc\u00eda Gonz\u00e1lez (1) -siete inicial-, Eva Vide (1), Alba Gonz\u00e1lez (4), Elisa Collado (1), Silvia Men\u00e9ndez, Ana Gonz\u00e1lez (2), Paula Fern\u00e1ndez, Alicia Rodr\u00edguez (1), Caren Cuanda, Adriana Men\u00e9ndez (1) y Saray Sol\u00eds.<br \/><strong>\u00c1rbitros: <\/strong>Macarena Ord\u00f3\u00f1ez Llanos y Claudia Fern\u00e1ndez Antu\u00f1a (asturianas). Excluyeron a las ovetenses Jimena Merino y Lisa Chiagozie, y a las visitantes Marta Dur\u00e1n, Sandra Parapar y Lorena Garc\u00eda.<br \/><strong>Parciales: <\/strong>4-2, 7-4, 9-4, 10-5, 14-5, 16-8 (descanso), 18-11, 20-12, 24-12, 24-12, 28-14 y 30-15.<br \/><strong>Incidencias: <\/strong>Palacio de los Deportes Juan Carlos Beiro, 200 espectadores.<\/p>\n","protected":false},"excerpt":{"rendered":"El Lobas Global Atac Oviedo se corona campe\u00f3n de la Copa Principado. El conjunto ovetense venci\u00f3 en Langreo&hellip;\n","protected":false},"author":2,"featured_media":126026,"comment_status":"","ping_status":"","sticky":false,"template":"","format":"standard","meta":{"footnotes":""},"categories":[278],"tags":[376,168,25,24,375,23,167],"class_list":{"0":"post-126025","1":"post","2":"type-post","3":"status-publish","4":"format-standard","5":"has-post-thumbnail","7":"category-balonmano","8":"tag-balonmano","9":"tag-deportes","10":"tag-es","11":"tag-espana","12":"tag-handball","13":"tag-spain","14":"tag-sports"},"share_on_mastodon":{"url":"","error":""},"_links":{"self":[{"href":"https:\/\/www.europesays.com\/es\/wp-json\/wp\/v2\/posts\/126025","targetHints":{"allow":["GET"]}}],"collection":[{"href":"https:\/\/www.europesays.com\/es\/wp-json\/wp\/v2\/posts"}],"about":[{"href":"https:\/\/www.europesays.com\/es\/wp-json\/wp\/v2\/types\/post"}],"author":[{"embeddable":true,"href":"https:\/\/www.europesays.com\/es\/wp-json\/wp\/v2\/users\/2"}],"replies":[{"embeddable":true,"href":"https:\/\/www.europesays.com\/es\/wp-json\/wp\/v2\/comments?post=126025"}],"version-history":[{"count":0,"href":"https:\/\/www.europesays.com\/es\/wp-json\/wp\/v2\/posts\/126025\/revisions"}],"wp:featuredmedia":[{"embeddable":true,"href":"https:\/\/www.europesays.com\/es\/wp-json\/wp\/v2\/media\/126026"}],"wp:attachment":[{"href":"https:\/\/www.europesays.com\/es\/wp-json\/wp\/v2\/media?parent=126025"}],"wp:term":[{"taxonomy":"category","embeddable":true,"href":"https:\/\/www.europesays.com\/es\/wp-json\/wp\/v2\/categories?post=126025"},{"taxonomy":"post_tag","embeddable":true,"href":"https:\/\/www.europesays.com\/es\/wp-json\/wp\/v2\/tags?post=126025"}],"curies":[{"name":"wp","href":"https:\/\/api.w.org\/{rel}","templated":true}]}}