{"id":126029,"date":"2025-09-19T20:49:10","date_gmt":"2025-09-19T20:49:10","guid":{"rendered":"https:\/\/www.europesays.com\/es\/126029\/"},"modified":"2025-09-19T20:49:10","modified_gmt":"2025-09-19T20:49:10","slug":"fundacion-grupo-bafar-anuncia-el-14-torneo-une-t","status":"publish","type":"post","link":"https:\/\/www.europesays.com\/es\/126029\/","title":{"rendered":"Fundaci\u00f3n Grupo Bafar Anuncia el 14\u00b0 Torneo Une-T"},"content":{"rendered":"<p>La Fundaci\u00f3n Grupo Bafar anunci\u00f3 el arranque de la d\u00e9cima cuarta edici\u00f3n del Torneo Une-T \u201cPor Mejores Mexicanos\u201d, un evento que se llevar\u00e1 a cabo en Chihuahua, Chih., con el objetivo de fortalecer programas de bienestar social a nivel estatal y nacional, beneficiando a miles de familias mexicanas.<\/p>\n<p>La presentaci\u00f3n oficial del evento se realiz\u00f3 en una conferencia de prensa en las instalaciones de Grupo Bafar, encabezada por la directora de la Fundaci\u00f3n, Lic. Alejandra B\u00e1ez G. Este torneo, considerado uno de los m\u00e1s relevantes del a\u00f1o para la organizaci\u00f3n, dar\u00e1 inicio el pr\u00f3ximo jueves 2 de octubre con el tradicional torneo de golf en el Club Campestre de Chihuahua.<\/p>\n<p>El evento, que se extender\u00e1 hasta el 8 de octubre, ofrecer\u00e1 a los participantes la oportunidad de competir por dos Hole in One con premios de lujo: una Lincoln Navigator 2025 y una Lincoln Corsair 2025, cortes\u00eda de Grupo Pasa. La actividad incluir\u00e1 una noche inaugural el 18 de octubre, seguida de un c\u00f3ctel de bienvenida con protocolo institucional.<\/p>\n<p>Las actividades continuar\u00e1n el viernes 3 de octubre con una experiencia \u00fanica en el Valle de los Encinos, un desarrollo inmobiliario y vitivin\u00edcola de inspiraci\u00f3n italiana ubicado a tan solo 30 minutos de la ciudad de Chihuahua. All\u00ed, los asistentes podr\u00e1n disfrutar de un banquete de casino, catas vin\u00edcolas y un concierto de cierre a cargo de Reyli Barba.<\/p>\n<p>Durante la conferencia de prensa, la Lic. Alejandra B\u00e1ez anunci\u00f3 que se revelar\u00e1 el nombre del deportista invitado especial en colaboraci\u00f3n con la Fundaci\u00f3n Real Madrid. Asimismo, destac\u00f3: \u201cCada edici\u00f3n del Torneo Une-T representa un paso firme hacia nuestro compromiso con la comunidad.\u00a0Durante todo el a\u00f1o, trabajamos incansablemente en campa\u00f1as m\u00e9dicas y distribuci\u00f3n de donativos a trav\u00e9s de Escuelas Sociodeportivas, comedores comunitarios, Centro de Acopio. Gracias al apoyo de voluntarios, aliados y patrocinadores, llevamos alimento, esperanza y calidad de vida a m\u00e1s de 3.2 millones de familias en M\u00e9xico.\u201d<\/p>\n","protected":false},"excerpt":{"rendered":"La Fundaci\u00f3n Grupo Bafar anunci\u00f3 el arranque de la d\u00e9cima cuarta edici\u00f3n del Torneo Une-T \u201cPor Mejores Mexicanos\u201d,&hellip;\n","protected":false},"author":2,"featured_media":126030,"comment_status":"","ping_status":"","sticky":false,"template":"","format":"standard","meta":{"footnotes":""},"categories":[275],"tags":[6092,168,1180,25,24,20363,329,7761,3600,10,4286,23,167,159,1018],"class_list":{"0":"post-126029","1":"post","2":"type-post","3":"status-publish","4":"format-standard","5":"has-post-thumbnail","7":"category-golf","8":"tag-articulos","9":"tag-deportes","10":"tag-editorial","11":"tag-es","12":"tag-espana","13":"tag-galerias","14":"tag-golf","15":"tag-impacto","16":"tag-minuto-a-minuto","17":"tag-noticias","18":"tag-reportajes","19":"tag-spain","20":"tag-sports","21":"tag-tiempo","22":"tag-videos"},"share_on_mastodon":{"url":"","error":""},"_links":{"self":[{"href":"https:\/\/www.europesays.com\/es\/wp-json\/wp\/v2\/posts\/126029","targetHints":{"allow":["GET"]}}],"collection":[{"href":"https:\/\/www.europesays.com\/es\/wp-json\/wp\/v2\/posts"}],"about":[{"href":"https:\/\/www.europesays.com\/es\/wp-json\/wp\/v2\/types\/post"}],"author":[{"embeddable":true,"href":"https:\/\/www.europesays.com\/es\/wp-json\/wp\/v2\/users\/2"}],"replies":[{"embeddable":true,"href":"https:\/\/www.europesays.com\/es\/wp-json\/wp\/v2\/comments?post=126029"}],"version-history":[{"count":0,"href":"https:\/\/www.europesays.com\/es\/wp-json\/wp\/v2\/posts\/126029\/revisions"}],"wp:featuredmedia":[{"embeddable":true,"href":"https:\/\/www.europesays.com\/es\/wp-json\/wp\/v2\/media\/126030"}],"wp:attachment":[{"href":"https:\/\/www.europesays.com\/es\/wp-json\/wp\/v2\/media?parent=126029"}],"wp:term":[{"taxonomy":"category","embeddable":true,"href":"https:\/\/www.europesays.com\/es\/wp-json\/wp\/v2\/categories?post=126029"},{"taxonomy":"post_tag","embeddable":true,"href":"https:\/\/www.europesays.com\/es\/wp-json\/wp\/v2\/tags?post=126029"}],"curies":[{"name":"wp","href":"https:\/\/api.w.org\/{rel}","templated":true}]}}