{"id":126031,"date":"2025-09-19T20:50:13","date_gmt":"2025-09-19T20:50:13","guid":{"rendered":"https:\/\/www.europesays.com\/es\/126031\/"},"modified":"2025-09-19T20:50:13","modified_gmt":"2025-09-19T20:50:13","slug":"arantxa-sanchez-vicario-robredo-ferrer-y-medina-protagonistas-de-la-copa-leyendas-del-tenis-en-albacete","status":"publish","type":"post","link":"https:\/\/www.europesays.com\/es\/126031\/","title":{"rendered":"Arantxa S\u00e1nchez Vicario, Robredo, Ferrer y Medina, protagonistas de la Copa Leyendas del Tenis en Albacete"},"content":{"rendered":"<p>La tercera edici\u00f3n de la Copa Leyendas del Tenis de Albacete, que se disputa el 20 y 21 de septiembre, se ha presentado este viernes con la presencia de una de sus protagonistas, Arancha S\u00e1nchez Vicario. Una esperada cita deportiva que se celebrar\u00e1 en el Club de Tenis de la ciudad y que cuenta con el respaldo del Ayuntamiento de Albacete y la Diputaci\u00f3n provincial.<\/p>\n<p>El alcalde de Albacete, Manuel Serrano, ha destacado la importancia que tiene para nuestra ciudad acoger una nueva edici\u00f3n de la Copa Leyendas del Tenis, ya que nos sit\u00faa en el mapa nacional de este deporte durante su celebraci\u00f3n, contando en esta ocasi\u00f3n con raquetas tan destacadas como Arantxa S\u00e1nchez Vicario, Tommy Robredo, David Ferrer y Anabel Medina.<\/p>\n<p>Manuel Serrano se ha pronunciado de este modo durante la presentaci\u00f3n de este importante torneo que este a\u00f1o celebra su 40 aniversario y la III edici\u00f3n en el formato Leyendas, acompa\u00f1ado por la presidenta del Club de Tenis de Albacete, Elena Mar\u00edn, el director deportivo de esta entidad, Juli\u00e1n Garc\u00eda, la tenista Arantxa S\u00e1nchez Vicario, el presidente de la Diputaci\u00f3n, Santiago Caba\u00f1ero, el concejal de deportes, Francisco Villaescusa, el diputado provincial de Deportes, Daniel Sancha, el jefe de Servicio Provincial de Deportes de la Junta, Luis Fern\u00e1ndez, concejales de la Corporaci\u00f3n Municipal, y representantes de patrocinadores.<\/p>\n<p><img loading=\"lazy\" decoding=\"async\" width=\"1200\" height=\"675\" src=\"https:\/\/www.europesays.com\/es\/wp-content\/uploads\/2025\/09\/Foto.Presentacion-III-Cope-Leyendas-del-Tenis-12.jpg\" alt=\"\" class=\"wp-image-1072499\"  \/>Presentaci\u00f3n Copa Leyendas del Tenis en Albacete<\/p>\n<p>El alcalde le ha dado la bienvenida a Albacete a Arantxa S\u00e1nchez Vicario, esperando que disfrute del tenis, as\u00ed como de la ciudad, poniendo en valor el car\u00e1cter \u201camable, hospitalario y acogedor\u201d de los albacete\u00f1os y albacete\u00f1as y de estas instalaciones.<\/p>\n<p>En opini\u00f3n de Manuel Serrano, \u201cparece que va a seguir la Feria de Albacete, pero en el Club de Tenis porque este fin de semana, adem\u00e1s de congregar a deportistas que son Marca Espa\u00f1a con motivo de la Copa Leyendas del Tenis, acoge el XVII Trofeo \u2018Ciudad de Albacete\u2019 de tenis en silla de ruedas que, desde ayer y hasta este domingo, con la participaci\u00f3n de casi veintena de las mejores raquetas de esta modalidad deportiva\u201d.<\/p>\n<p>El alcalde ha animado a disfrutar de este novedoso formato que incluye un doble mixto, contando con la participaci\u00f3n de Arancha S\u00e1nchez Vicario, una verdadera Leyenda del tenis que hace honor al nombre del torneo, porque fue n\u00famero 1 del mundo en los a\u00f1os 90 y vuelve a la cancha en nuestra ciudad 22 a\u00f1os despu\u00e9s de su \u00faltimo partido en Espa\u00f1a.<\/p>\n<p><img loading=\"lazy\" decoding=\"async\" width=\"1200\" height=\"675\" src=\"https:\/\/www.europesays.com\/es\/wp-content\/uploads\/2025\/09\/Foto.Presentacion-III-Cope-Leyendas-del-Tenis-7.jpg\" alt=\"\" class=\"wp-image-1072497\"  \/>Presentaci\u00f3n Copa Leyendas del Tenis en Albacete<\/p>\n<p>Manuel Serrano ha dado la enhorabuena al Club de Tenis de Albacete en su 60 aniversario por su importante contribuci\u00f3n al deporte en general y al tenis en particular en unas instalaciones que son \u201cpunteras\u201d para la pr\u00e1ctica de este deporte, al tiempo que le ha dado las gracias \u201cpor estos a\u00f1os para la ciudad de tenis de primer nivel\u201d, anim\u00e1ndole a que siga teniendo la capacidad de atraer a leyendas del tenis para seguir promocionando este deporte entre los albacete\u00f1os y albacete\u00f1as.<\/p>\n<p><strong>Subrayan que esta Copa Leyendas es \u201cuna oportunidad y un lujo\u201d<\/strong><\/p>\n<p>Una cita en la que tambi\u00e9n ha participado el presidente de la Diputaci\u00f3n de Albacete, Santi Caba\u00f1ero, acompa\u00f1ado del diputado de Deportes, Dani Sancha, reafirmando el compromiso de la instituci\u00f3n con este evento que organiza el Club de Tenis de la ciudad.<\/p>\n<p>\u201cEs un placer contar en esta rueda de prensa con una deportista a la que todos admiramos, con la que hemos pasado tantos ratos en televisi\u00f3n; una n\u00famero uno del mundo, que se dice f\u00e1cil, pero es muy dif\u00edcil, y s\u00f3lo un pu\u00f1ado de espa\u00f1oles y espa\u00f1oles lo han conseguido\u201d, ha se\u00f1alado.<\/p>\n<p><img loading=\"lazy\" decoding=\"async\" width=\"1200\" height=\"675\" src=\"https:\/\/www.europesays.com\/es\/wp-content\/uploads\/2025\/09\/El-presidente-de-la-Diputacion-participa-en-la-presentacion-de-la-Copa-Leyendas-en-su-tercera-edicio.jpeg\" alt=\"\" class=\"wp-image-1072493\"  \/>Presentaci\u00f3n Copa Leyendas del Tenis en Albacete<\/p>\n<p>Del mismo modo, el presiente de la Diputaci\u00f3n ha felicitado al Club, que este 2025 conmemora su 60 aniversario como referente deportivo, y ha destacado el trabajo que han realizado a lo largo de estas seis d\u00e9cadas hasta llegar a ser un pilar fundamental para la promoci\u00f3n del tenis, la formaci\u00f3n de deportistas y la organizaci\u00f3n de eventos de relevancia, como esta Copa Leyendas que antes fue el Trofeo Internacional de Tenis Ciudad de Albacete y tambi\u00e9n cumple 40 a\u00f1os.<\/p>\n<p>Caba\u00f1ero tambi\u00e9n ha incido en el esfuerzo que desde esta entidad vienen realizando para que Albacete se convierta, edici\u00f3n tras edici\u00f3n, en el epicentro del mejor tenis: \u201cCuando el Trofeo Internacional de Tenis \u2018Ciudad de Albacete\u2019 pas\u00f3 a denominarse Copa Leyendas, dije que si alguien quer\u00eda ser antes algo en el mundo del tenis ten\u00eda que pasar por estas pistas, porque aqu\u00ed te bautizabas y acababas siendo un grande, y ahora hay que decirlo al contrario. Si has sido algo en el mundo del tenis tienes que pasar por aqu\u00ed\u201d.<\/p>\n<p>Adem\u00e1s, ha destacado \u201cel cartel de lujo\u201d de esta III edici\u00f3n de la Copa Leyendas, en la que junto a Arancha S\u00e1nchez Vicario, participar\u00e1n otros tres grandes tenistas de talla internacional, como son Anabel Medina, David Ferrer y Tommy Robredo, en lo que supone una clara apuesta por la visibilizaci\u00f3n del tenis femenino, y ha apuntado \u201cque va a ser dif\u00edcil superar esta edici\u00f3n\u201d.<\/p>\n<p><img loading=\"lazy\" decoding=\"async\" width=\"1200\" height=\"675\" src=\"https:\/\/www.europesays.com\/es\/wp-content\/uploads\/2025\/09\/Foto.Presentacion-III-Cope-Leyendas-del-Tenis-3.jpg\" alt=\"\" class=\"wp-image-1072496\"  \/>Presentaci\u00f3n Copa Leyendas del Tenis en Albacete<\/p>\n<p>De hecho, ha animado a la ciudadan\u00eda \u201ca disfrutar de un espect\u00e1culo de m\u00e1ximo nivel\u201d, incidiendo que es fundamental \u201cvalorar lo que nos vamos a encontrar\u201d, y ha dejado claro que se trata de \u201cuna oportunidad y un lujo para los aficionados al deporte en general y al tenis en particular poder ver en directo a cuatro \u00eddolos, a cuatro deportistas que tantas alegr\u00edas le han dado a nuestro pa\u00eds\u201d.<\/p>\n<p>Finalmente, el presidente de la Diputaci\u00f3n ha querido reconocer p\u00fablicamente la figura de Juli\u00e1n Garc\u00eda, \u201cel coraz\u00f3n del club\u201d, y ha dejado claro el compromiso de la Diputaci\u00f3n de Albacete con el Club y con este evento, con el que colabora activamente a trav\u00e9s de un convenio por valor de 35.000 euros, que tambi\u00e9n incluye el respaldo al Trofeo Ciudad de Albacete de Tenis en Silla de Ruedas, que se est\u00e1 disputando estos d\u00edas.<\/p>\n<p><strong>Primer partido de Arantxa m\u00e1s de 20 a\u00f1os despu\u00e9s<\/strong><\/p>\n<p>Por su parte, Arancha S\u00e1nchez Vicario, que se ha mostrado muy satisfecha de su participaci\u00f3n en esta Copa Leyendas, ha explicado que es el primer partido que disputa tras el \u00faltimo partido que jug\u00f3 en Espa\u00f1a hace m\u00e1s de 20 a\u00f1os, y la presidenta del Club de Tenis de Albacete ha avanzado que, adem\u00e1s \u201cdel mejor tenis\u201d, tambi\u00e9n van a contar con m\u00fasica en directo o una zona gastron\u00f3mica, invitando a la ciudadan\u00eda a que celebre con ellos de este aniversario.<\/p>\n<p><img loading=\"lazy\" decoding=\"async\" width=\"1200\" height=\"675\" src=\"https:\/\/www.europesays.com\/es\/wp-content\/uploads\/2025\/09\/1758315011_543_El-presidente-de-la-Diputacion-participa-en-la-presentacion-de-la-Copa-Leyendas-en-su-tercera-edicio.jpeg\" alt=\"\" class=\"wp-image-1072492\"  \/>Presentaci\u00f3n Copa Leyendas del Tenis en Albacete<\/p>\n<p><strong>La mejor Copa Leyendas hasta la fecha<\/strong><\/p>\n<p>Y ha sido el director de la Copa Leyendas ha dado a conocer todos los detalles, afirmando \u201cque esta va a ser la mejor de las 40 ediciones organizadas hasta el momento\u201d y ha advertido que por Albacete han pasado todos los grandes tenistas espa\u00f1oles, pero \u201cque nunca hab\u00edamos tenido un cuadro con tantas leyendas juntas\u201d.<\/p>\n<p>As\u00ed, ha se\u00f1alado que Arancha S\u00e1nchez Vicario ha sido n\u00famero uno en el ranking mundial; David Ferrer ha sido n\u00famero 3 en individual; Anabel Medina, n\u00famero 3 tambi\u00e9n; y Tommy Robredo ha sido n\u00famero 5, \u201cacumulando, entre los cuatro, 80 t\u00edtulos ATP\u201d.<\/p>\n<p>Tenistas de \u00e9lite que competir\u00e1n en las pistas del Club de Tenis de Albacete. El s\u00e1bado por la tarde, a las 17.30 horas, tendr\u00e1 lugar un partido de dobles mixto que enfrentar\u00e1 a S\u00e1nchez Vicario y Robredo con Medina y Ferrer, y el domingo, tambi\u00e9n a las 17.30 horas, se disputar\u00e1 la final individual masculina a partido \u00fanico.<\/p>\n<p>Tambi\u00e9n el alcalde de la ciudad y el responsable del Gobierno regional han subrayado la calidad de este evento, coincidiendo todos los presentes en la importancia que tiene para nuestro territorio albergar citas deportivas como \u00e9sta.<\/p>\n<p><a href=\"https:\/\/www.europesays.com\/es\/wp-content\/uploads\/2025\/09\/1758315011_543_El-presidente-de-la-Diputacion-participa-en-la-presentacion-de-la-Copa-Leyendas-en-su-tercera-edicio.jpeg\" data-slb-active=\"1\" data-slb-asset=\"1396582449\" data-slb-internal=\"0\" data-slb-group=\"slb\"><img loading=\"lazy\" decoding=\"async\" width=\"1200\" height=\"675\" data-id=\"1072492\" src=\"https:\/\/www.europesays.com\/es\/wp-content\/uploads\/2025\/09\/1758315011_543_El-presidente-de-la-Diputacion-participa-en-la-presentacion-de-la-Copa-Leyendas-en-su-tercera-edicio.jpeg\" alt=\"\" class=\"wp-image-1072492\"  \/><\/a><\/p>\n<p><a href=\"https:\/\/www.europesays.com\/es\/wp-content\/uploads\/2025\/09\/El-presidente-de-la-Diputacion-participa-en-la-presentacion-de-la-Copa-Leyendas-en-su-tercera-edicio.jpeg\" data-slb-active=\"1\" data-slb-asset=\"69525777\" data-slb-internal=\"0\" data-slb-group=\"slb\"><img loading=\"lazy\" decoding=\"async\" width=\"1200\" height=\"675\" data-id=\"1072493\" src=\"https:\/\/www.europesays.com\/es\/wp-content\/uploads\/2025\/09\/El-presidente-de-la-Diputacion-participa-en-la-presentacion-de-la-Copa-Leyendas-en-su-tercera-edicio.jpeg\" alt=\"\" class=\"wp-image-1072493\"  \/><\/a><\/p>\n<p><a href=\"https:\/\/www.europesays.com\/es\/wp-content\/uploads\/2025\/09\/1758315012_106_El-presidente-de-la-Diputacion-participa-en-la-presentacion-de-la-Copa-Leyendas-en-su-tercera-edicio.jpeg\" data-slb-active=\"1\" data-slb-asset=\"1849417517\" data-slb-internal=\"0\" data-slb-group=\"slb\"><img loading=\"lazy\" decoding=\"async\" width=\"1200\" height=\"675\" data-id=\"1072494\" src=\"https:\/\/www.europesays.com\/es\/wp-content\/uploads\/2025\/09\/1758315012_106_El-presidente-de-la-Diputacion-participa-en-la-presentacion-de-la-Copa-Leyendas-en-su-tercera-edicio.jpeg\" alt=\"\" class=\"wp-image-1072494\"  \/><\/a><\/p>\n<p><a href=\"https:\/\/www.europesays.com\/es\/wp-content\/uploads\/2025\/09\/Foto.Presentacion-III-Cope-Leyendas-del-Tenis-1.jpg\" data-slb-active=\"1\" data-slb-asset=\"1756725162\" data-slb-internal=\"0\" data-slb-group=\"slb\"><img loading=\"lazy\" decoding=\"async\" width=\"1200\" height=\"675\" data-id=\"1072495\" src=\"https:\/\/www.europesays.com\/es\/wp-content\/uploads\/2025\/09\/Foto.Presentacion-III-Cope-Leyendas-del-Tenis-1.jpg\" alt=\"\" class=\"wp-image-1072495\"  \/><\/a><\/p>\n<p><a href=\"https:\/\/www.europesays.com\/es\/wp-content\/uploads\/2025\/09\/Foto.Presentacion-III-Cope-Leyendas-del-Tenis-3.jpg\" data-slb-active=\"1\" data-slb-asset=\"2062043825\" data-slb-internal=\"0\" data-slb-group=\"slb\"><img loading=\"lazy\" decoding=\"async\" width=\"1200\" height=\"675\" data-id=\"1072496\" src=\"https:\/\/www.europesays.com\/es\/wp-content\/uploads\/2025\/09\/Foto.Presentacion-III-Cope-Leyendas-del-Tenis-3.jpg\" alt=\"\" class=\"wp-image-1072496\"  \/><\/a><\/p>\n<p><a href=\"https:\/\/www.europesays.com\/es\/wp-content\/uploads\/2025\/09\/Foto.Presentacion-III-Cope-Leyendas-del-Tenis-7.jpg\" data-slb-active=\"1\" data-slb-asset=\"354584202\" data-slb-internal=\"0\" data-slb-group=\"slb\"><img loading=\"lazy\" decoding=\"async\" width=\"1200\" height=\"675\" data-id=\"1072497\" src=\"https:\/\/www.europesays.com\/es\/wp-content\/uploads\/2025\/09\/Foto.Presentacion-III-Cope-Leyendas-del-Tenis-7.jpg\" alt=\"\" class=\"wp-image-1072497\"  \/><\/a><\/p>\n<p><a href=\"https:\/\/www.europesays.com\/es\/wp-content\/uploads\/2025\/09\/Foto.Presentacion-III-Cope-Leyendas-del-Tenis-10.jpg\" data-slb-active=\"1\" data-slb-asset=\"2013393581\" data-slb-internal=\"0\" data-slb-group=\"slb\"><img loading=\"lazy\" decoding=\"async\" width=\"1200\" height=\"675\" data-id=\"1072498\" src=\"https:\/\/www.europesays.com\/es\/wp-content\/uploads\/2025\/09\/Foto.Presentacion-III-Cope-Leyendas-del-Tenis-10.jpg\" alt=\"\" class=\"wp-image-1072498\"  \/><\/a><\/p>\n<p><a href=\"https:\/\/www.europesays.com\/es\/wp-content\/uploads\/2025\/09\/Foto.Presentacion-III-Cope-Leyendas-del-Tenis-12.jpg\" data-slb-active=\"1\" data-slb-asset=\"804469918\" data-slb-internal=\"0\" data-slb-group=\"slb\"><img loading=\"lazy\" decoding=\"async\" width=\"1200\" height=\"675\" data-id=\"1072499\" src=\"https:\/\/www.europesays.com\/es\/wp-content\/uploads\/2025\/09\/Foto.Presentacion-III-Cope-Leyendas-del-Tenis-12.jpg\" alt=\"\" class=\"wp-image-1072499\"  \/><\/a><\/p>\n<p>\/Fotos: Ayuntamiento de Albacete y Diputaci\u00f3n de Albacete\/<\/p>\n","protected":false},"excerpt":{"rendered":"La tercera edici\u00f3n de la Copa Leyendas del Tenis de Albacete, que se disputa el 20 y 21&hellip;\n","protected":false},"author":2,"featured_media":126032,"comment_status":"","ping_status":"","sticky":false,"template":"","format":"standard","meta":{"footnotes":""},"categories":[274],"tags":[2545,168,25,24,23,167,327,326],"class_list":{"0":"post-126031","1":"post","2":"type-post","3":"status-publish","4":"format-standard","5":"has-post-thumbnail","7":"category-tenis","8":"tag-albacete","9":"tag-deportes","10":"tag-es","11":"tag-espana","12":"tag-spain","13":"tag-sports","14":"tag-tenis","15":"tag-tennis"},"share_on_mastodon":{"url":"","error":""},"_links":{"self":[{"href":"https:\/\/www.europesays.com\/es\/wp-json\/wp\/v2\/posts\/126031","targetHints":{"allow":["GET"]}}],"collection":[{"href":"https:\/\/www.europesays.com\/es\/wp-json\/wp\/v2\/posts"}],"about":[{"href":"https:\/\/www.europesays.com\/es\/wp-json\/wp\/v2\/types\/post"}],"author":[{"embeddable":true,"href":"https:\/\/www.europesays.com\/es\/wp-json\/wp\/v2\/users\/2"}],"replies":[{"embeddable":true,"href":"https:\/\/www.europesays.com\/es\/wp-json\/wp\/v2\/comments?post=126031"}],"version-history":[{"count":0,"href":"https:\/\/www.europesays.com\/es\/wp-json\/wp\/v2\/posts\/126031\/revisions"}],"wp:featuredmedia":[{"embeddable":true,"href":"https:\/\/www.europesays.com\/es\/wp-json\/wp\/v2\/media\/126032"}],"wp:attachment":[{"href":"https:\/\/www.europesays.com\/es\/wp-json\/wp\/v2\/media?parent=126031"}],"wp:term":[{"taxonomy":"category","embeddable":true,"href":"https:\/\/www.europesays.com\/es\/wp-json\/wp\/v2\/categories?post=126031"},{"taxonomy":"post_tag","embeddable":true,"href":"https:\/\/www.europesays.com\/es\/wp-json\/wp\/v2\/tags?post=126031"}],"curies":[{"name":"wp","href":"https:\/\/api.w.org\/{rel}","templated":true}]}}