{"id":126037,"date":"2025-09-19T20:53:08","date_gmt":"2025-09-19T20:53:08","guid":{"rendered":"https:\/\/www.europesays.com\/es\/126037\/"},"modified":"2025-09-19T20:53:08","modified_gmt":"2025-09-19T20:53:08","slug":"pretemporada-monbus-obradoiro-el-obradoiro-se-lleva-su-torneo-con-sangre-sudor-y-lagrimas","status":"publish","type":"post","link":"https:\/\/www.europesays.com\/es\/126037\/","title":{"rendered":"PRETEMPORADA MONBUS OBRADOIRO | El Obradoiro se lleva su torneo con sangre, sudor y l\u00e1grimas"},"content":{"rendered":"<p class=\"ft-text\">El <a class=\"ft-link ft-link--decoration\" href=\"https:\/\/www.elcorreogallego.es\/tags\/monbus-obradoiro\/\" target=\"_blank\" rel=\"nofollow noopener\"><strong>Monbus Obradoiro<\/strong><\/a> conquista el I Torneo Internacional Concello de Santiago <strong>tras derrotar 91-74<\/strong> a un agresivo Oliveirense que dej\u00f3 sangrando a Barcello, que pudo regresar a la pista. Los lusos llegaron con una agresividad excesiva al lance amistoso, que les permiti\u00f3 dominar en la primera parte ante un Obra desconcertado. Pero en la segunda, los compostelanos <strong>pasaron como un rodillo por encima de sus rivales<\/strong>.<\/p>\n<p class=\"ft-text\">Llegaba a Sar el \u00faltimo amistoso de la pretemporada picheleira, previo al inicio de la Primera FEB en la que el conjunto dirigido por Diego Epifanio visitar\u00e1 al Hestia Menorca <strong>el pr\u00f3ximo 27 de septiembre a las 19.30 horas<\/strong>. Olle Lundqvist y Diogo Brito ver\u00edan a sus compa\u00f1eros desde el banquillo, con Sergi Quintela de regreso a las pistas y con Epi preparado para hacer sus \u00faltimas pruebas antes del inicio liguero.<\/p>\n<p class=\"ft-text\">El duelo daba comienzo con un rudo Oliveirense y con triple frontal de Barrueta. McIntosh era el protagonista de los lusos con defensas intensas y una dura falta sobre Westermann, aunque tambi\u00e9n anotaba los tres primeros puntos de los suyos. Se adelantaban los portugueses con el triple de Dionisio, al que acompa\u00f1aba tambi\u00e9n desde el exterior McIntosh (4-9). La rudeza de los visitantes <strong>complicaba la ofensiva picheleira<\/strong> y Barrueta desatascaba con tres puntos desde la esquina, seguido por la bandeja de Barcello. Ambas canastas llegaban en buenos contraataques (9-11).<\/p>\n<p class=\"ft-text\">Pasado el ecuador del cuarto, ambos equipo intercambiaban canastas y acumulaban cuatro faltas cada uno, forzando Quintela la quinta para sumar un tiro libre (12-13). Dos Anjos confirmaba la remontada dominando en el poste para machacar. Entraba una fase de triples, con dos de Grela y otros tantos lusos, por medio de Araujo y Sibert. Los cambios le hab\u00edan sentado mejor al Obra, <strong>igualando el nivel f\u00edsico de sus rivales<\/strong>. McIntosh llegaba a los 9 puntos con un triple, mientras Dos Anjos iba rascando desde el tiro libre, aunque volv\u00eda a demostrar que es una asignatura pendiente. Empate a 22 para finalizar el primer cuarto.<\/p>\n<p class=\"ft-text\">Previo al inicio del segundo, <strong>se anunciaba que el Obra superaba los 4.000 abonados<\/strong>. Boeheum III anotaba dos tiros libres al inicio. Gal\u00e1n, peleando en el poste, sumaba dos bajo el aro. Pero McIntosh segu\u00eda siendo un problema y sacaba un 2+1 sobre D\u00edaz, que no materializaba (24-26). Volv\u00edan a estar inc\u00f3modos los hombres de un Epi que ped\u00eda tiempo. Pero el desacierto y las perdidas se suced\u00edan ante el muro luso, que trataba de tomar distancia con Embalo, que sumaba dos canastas, con triple de por medio de Barrueta (27-32).<\/p>\n<p class=\"ft-text\">La &#8216;carnicer\u00eda&#8217; lusa terminaba con <strong>un golpe fort\u00edsimo de Barcello<\/strong>, al que se le abr\u00eda una brecha sangrante en la frente y se retiraba del choque para ser atendido por el cuerpo m\u00e9dico. Las faltas le permit\u00edan al Obra sumar desde la l\u00ednea de personal, pero sus rivales segu\u00edan acertados desde el exterior con dos seguidos de Boeheum III, aunque Barrueta tampoco se quedaba corto y llegaba a los 13 puntos (35-40). Los picheleiros &#8216;picoteaban&#8217; en los tiros libres ante un rival que acumulaba 16 faltas en el duelo y una t\u00e9cnica al entrenador. As\u00ed, volv\u00eda a remontar el Obra (41-40). Pero segu\u00edan sin poder lidiar los de Epi con el dos contra uno sobre el base y terminaba la primera parte a favor de los visitantes (43-45).<\/p>\n<p class=\"ft-text\">En el arranque de la segunda parte Westermann met\u00eda una impresionante canasta, a la que acompa\u00f1aba con una asistencia a Gal\u00e1n para adelantarse. Quintela pon\u00eda la guinda con un triple y McIntosh terminaba expulsado con una t\u00e9cnica, con tiro libre anotado por el base franc\u00e9s (51-45). Los picheleiros <strong>pasaban como un rodillo<\/strong> y Huskic robaba para anotar en la contra. Tiempo visitante. Pero los hombres de Epi estaban ofreciendo su mejor versi\u00f3n y Huskic pon\u00eda el +10 (59-49). Grela daba una espectacular asistencia por la espalda, tras penetraci\u00f3n, para el triple de Barrueta (62-51). Se gustaba el Obra. El base, adem\u00e1s, sumaba dos puntos en la siguiente acci\u00f3n y Barcello entraba a pista por \u00e9l con su herida cerrada.<\/p>\n<p class=\"ft-text\">Andersson machacaba tras rebote y Badinni sacaba un espectacular 2+1, jugando con alegr\u00eda e intensidad (69-56). Barcello &#8216;noqueaba&#8217; con un triple para el +16. Tiempo luso. El exterior americano &#8216;ol\u00eda la sangre&#8217; de su rival ahora, con una penetraci\u00f3n y otro triple que cerraban el cuarto con el 77-58.<\/p>\n<p class=\"ft-text\">Daba comienzo el \u00faltimo acto y Boeheum III era el primero en anotar, con dos buenas penetraciones, para acumular 18 puntos. Barcello, muy serio, era el primer picheleiro en sumar con una bomba que situaba su casillero en 14. La realidad es que el Oliveirense parec\u00eda haber &#8216;bajado una marcha&#8217; en los contactos y el Obra manten\u00eda un cierto control del duelo, aunque con ciertos errores. Dos Anjos estaba imparable, m\u00e1s acertado en sus finalizaciones, e imped\u00eda los intentos portugueses por recortar. D\u00edaz pon\u00eda el +20 de tres (88-68). Poco m\u00e1s ofreci\u00f3 el choque, <strong>que se cerr\u00f3 con el 91-74<\/strong>.<\/p>\n","protected":false},"excerpt":{"rendered":"El Monbus Obradoiro conquista el I Torneo Internacional Concello de Santiago tras derrotar 91-74 a un agresivo Oliveirense&hellip;\n","protected":false},"author":2,"featured_media":126038,"comment_status":"","ping_status":"","sticky":false,"template":"","format":"standard","meta":{"footnotes":""},"categories":[269],"tags":[299,298,634,168,25,24,6414,10284,10281,961,13967,2450,23,167,4981,775],"class_list":{"0":"post-126037","1":"post","2":"type-post","3":"status-publish","4":"format-standard","5":"has-post-thumbnail","7":"category-baloncesto","8":"tag-baloncesto","9":"tag-basketball","10":"tag-deporte","11":"tag-deportes","12":"tag-es","13":"tag-espana","14":"tag-lleva","15":"tag-monbus-obradoiro","16":"tag-obradoiro","17":"tag-pretemporada","18":"tag-sangre","19":"tag-santiago","20":"tag-spain","21":"tag-sports","22":"tag-sudor","23":"tag-torneo"},"share_on_mastodon":{"url":"","error":""},"_links":{"self":[{"href":"https:\/\/www.europesays.com\/es\/wp-json\/wp\/v2\/posts\/126037","targetHints":{"allow":["GET"]}}],"collection":[{"href":"https:\/\/www.europesays.com\/es\/wp-json\/wp\/v2\/posts"}],"about":[{"href":"https:\/\/www.europesays.com\/es\/wp-json\/wp\/v2\/types\/post"}],"author":[{"embeddable":true,"href":"https:\/\/www.europesays.com\/es\/wp-json\/wp\/v2\/users\/2"}],"replies":[{"embeddable":true,"href":"https:\/\/www.europesays.com\/es\/wp-json\/wp\/v2\/comments?post=126037"}],"version-history":[{"count":0,"href":"https:\/\/www.europesays.com\/es\/wp-json\/wp\/v2\/posts\/126037\/revisions"}],"wp:featuredmedia":[{"embeddable":true,"href":"https:\/\/www.europesays.com\/es\/wp-json\/wp\/v2\/media\/126038"}],"wp:attachment":[{"href":"https:\/\/www.europesays.com\/es\/wp-json\/wp\/v2\/media?parent=126037"}],"wp:term":[{"taxonomy":"category","embeddable":true,"href":"https:\/\/www.europesays.com\/es\/wp-json\/wp\/v2\/categories?post=126037"},{"taxonomy":"post_tag","embeddable":true,"href":"https:\/\/www.europesays.com\/es\/wp-json\/wp\/v2\/tags?post=126037"}],"curies":[{"name":"wp","href":"https:\/\/api.w.org\/{rel}","templated":true}]}}