{"id":126042,"date":"2025-09-19T20:56:11","date_gmt":"2025-09-19T20:56:11","guid":{"rendered":"https:\/\/www.europesays.com\/es\/126042\/"},"modified":"2025-09-19T20:56:11","modified_gmt":"2025-09-19T20:56:11","slug":"tendra-el-rascacielos-residencial-mas-alto-de-europa","status":"publish","type":"post","link":"https:\/\/www.europesays.com\/es\/126042\/","title":{"rendered":"tendr\u00e1 el rascacielos residencial m\u00e1s alto de Europa"},"content":{"rendered":"<p><img decoding=\"async\" class=\"voc-author__img\" src=\"https:\/\/www.europesays.com\/es\/wp-content\/uploads\/2025\/08\/autor-5299-foto-2.gif\" alt=\"Jos\u00e9 Luis Fern\u00e1ndez\"\/><\/p>\n<p>19\/09\/2025<br \/>\n<br \/><strong><br \/>\nActualizado a las 13:47h.<br \/>\n<\/strong><\/p>\n<p class=\"voc-p\" style=\"\"><a href=\"https:\/\/www.abc.es\/noticias\/benidorm\/\" target=\"_blank\" data-voc-vtm-id=\"in-text-traffic\" title=\"Benidorm\" data-mrf-link=\"www.abc.es\" rel=\"nofollow noopener\">Benidorm<\/a> alimenta su fama de haberse convertido en el &#8216;Manhattan del Mediterr\u00e1neo&#8217; con un nuevo <strong>rascacielos<\/strong>, el de <strong>mayor altura<\/strong> de <strong>Europa<\/strong> destinado a uso residencial, con 243 metros y 64 plantas, el TM Tower.<\/p>\n<p class=\"voc-p\" style=\"\">La promotora de esta nueva torre, el <strong>TM Grupo Inmobiliario<\/strong>, ha presentado este proyecto como \u00abun antes y un despu\u00e9s en la arquitectura residencial europea\u00bb. <\/p>\n<p class=\"voc-p\" style=\"\">La construcci\u00f3n de este coloso ha supuesto al holding una inversi\u00f3n de 140 millones de euros y la generaci\u00f3n de miles de empleos directos e indirectos en la ciudad. En los primeros d\u00edas tras su lanzamiento, el inter\u00e9s medi\u00e1tico y comercial ha sido inmediato y por el momento, el 25% de las <strong>viviendas<\/strong> ya est\u00e1n <strong>reservadas<\/strong>, seg\u00fan han informado fuentes de la empresa.<\/p>\n<p class=\"voc-p\" style=\"\">El proyecto arquitect\u00f3nico cuenta con dos estudios de prestigio: BakPak Architects y GEA Architects y est\u00e1 inspirado en la forma org\u00e1nica de un <strong>coral marino<\/strong>, para rendir homenaje al Mediterr\u00e1neo y al \u00abADN internacional de Benidorm\u00bb, seg\u00fan sus promotores. Desde el punto de vista t\u00e9cnico, TM Tower contar\u00e1 con una estructura de hormig\u00f3n armado de alta rigidez, validada tras ensayos en t\u00fanel de viento en la Universidad Polit\u00e9cnica de Madrid, para garantizar seguridad y confort.<\/p>\n<p class=\"voc-p\" style=\"\">La movilidad vertical se resolver\u00e1 con siete <strong>a<\/strong><strong>scensores ultrarr\u00e1pidos<\/strong>, capaces de alcanzar los 6 metros por segundo, ofreciendo a los residentes una experiencia propia de las grandes metr\u00f3polis<\/p>\n<p class=\"voc-p\" style=\"\">El <strong>evento<\/strong> de presentaci\u00f3n culmin\u00f3 con un <strong>espect\u00e1culo<\/strong> de <a href=\"https:\/\/www.abc.es\/noticias\/drones\/\" target=\"_blank\" data-voc-vtm-id=\"in-text-traffic\" title=\"drones\" data-mrf-link=\"www.abc.es\" rel=\"nofollow noopener\">drones<\/a> que ilumin\u00f3 el <strong>cielo<\/strong> de Benidorm y dibuj\u00f3 en movimiento la <strong>silueta<\/strong> de TM Tower como anticipo del nuevo icono del skyline de la ciudad.<\/p>\n<p class=\"voc-p\" style=\"\">La cita, conducida por la periodista <strong>Mar\u00eda Fuster<\/strong>, reuni\u00f3 a cerca de <strong>400 asistentes<\/strong>, entre los que se encontraban autoridades locales y auton\u00f3micas, representantes institucionales, clientes, proveedores, colaboradores y medios de comunicaci\u00f3n.<\/p>\n<p><img decoding=\"async\" loading=\"lazy\" src=\"https:\/\/s3.abcstatics.com\/abc\/www\/multimedia\/espana\/2025\/09\/19\/rascacielos-tm-tower-U14861066042cXj-760x427@diario_abc.jpg\" class=\"voc-img\" width=\"760\" height=\"427\" alt=\"Simulaci\u00f3n virtual del futuro coloso\" data-voc-vtm-id=\"in-text-traffic\"\/><\/p>\n<p>Simulaci\u00f3n virtual del futuro coloso<\/p>\n<p>ABC<\/p>\n<p class=\"voc-p\" style=\"\">Ubicado en la Playa de Poniente de Benidorm, TM Tower contar\u00e1 con<strong> 260 viviendas<\/strong> de entre uno y cuatro dormitorios, as\u00ed como m\u00e1s de 10.000 m\u00b2 de zonas comunes que redefinen el concepto de vida en altura: <strong>piscinas<\/strong> climatizadas, <strong>gimnasio<\/strong>, sala de <strong>cine<\/strong>, \u00e1reas deportivas y un skybar en la planta 63 con <strong>observatorio astron\u00f3mico<\/strong>, desarrollado en colaboraci\u00f3n con el <strong>Museo<\/strong> Did\u00e1ctico e Interactivo de Ciencias Jes\u00fas Carnicer (MUDIC).<\/p>\n<p class=\"voc-p\" style=\"\">El acto arranc\u00f3 con un <strong>v\u00eddeo inspiracional<\/strong> sobre Benidorm y la trayectoria de TM Grupo Inmobiliario, seguido de los discursos institucionales de su presidenta, <strong>\u00c1ngeles Serna,<\/strong> y de su consejero delegado, <strong>Pablo Serna<\/strong>. Ambos destacaron la importancia de TM Tower como un s\u00edmbolo del futuro del Mediterr\u00e1neo y un hito para la compa\u00f1\u00eda y la internacionalizaci\u00f3n de la marca Espa\u00f1a.<\/p>\n<p class=\"voc-p\" style=\"\">\u00abEste hito forma parte del camino que hemos construido en la zona de <strong>Poniente<\/strong> durante la \u00faltima d\u00e9cada. Tras proyectos emblem\u00e1ticos como Sunset Dreams, Sunset Waves, Sunset Cliffs, Sunset Sailors y Eagle Tower, hoy damos un paso m\u00e1s con TM Tower, que emerge como el broche de oro de este skyline y lo convierte en una referencia europea y mundial\u00bb, afirma <strong>Pablo Serna<\/strong>, consejero delegado.<\/p>\n<p class=\"voc-p\" style=\"\">Posteriormente, se proyect\u00f3 en primicia el v\u00eddeo de presentaci\u00f3n de TM Tower y Augusto Monte, director comercial y de marketing, comparti\u00f3 los detalles diferenciales del proyecto y dio el pistoletazo de salida al proceso de <strong>comercializaci\u00f3n<\/strong>. <\/p>\n<p class=\"voc-p\" style=\"\">El alcalde de Benidorm, <strong>Toni P\u00e9rez<\/strong>, cerr\u00f3 el bloque institucional subrayando el potencial de la ciudad para <strong>atraer inversiones<\/strong> y generar, con ello, empleo y bienestar; al tiempo que destac\u00f3 que esta nueva torre, como las construidas con anterioridad por TM, enriquecen el<strong> urbanismo vertical<\/strong> que es se\u00f1a de identidad de Benidorm desde hace casi siete d\u00e9cadas.<\/p>\n<p><img decoding=\"async\" loading=\"lazy\" src=\"https:\/\/s2.abcstatics.com\/abc\/www\/multimedia\/espana\/2025\/09\/19\/rascacielos-benidorm-U26808338360qmq-760x427@diario_abc.jpg\" class=\"voc-img\" width=\"760\" height=\"427\" alt=\"Solar de la ubicaci\u00f3n de la nueva edificaci\u00f3n, rodeado de otros inmuebles de gran altura\" data-voc-vtm-id=\"in-text-traffic\"\/><\/p>\n<p>Solar de la ubicaci\u00f3n de la nueva edificaci\u00f3n, rodeado de otros inmuebles de gran altura<\/p>\n<p>abc<\/p>\n<p class=\"voc-p\" style=\"\">La construcci\u00f3n de este coloso ha supuesto al holding una inversi\u00f3n de <strong>140 millones<\/strong> de euros y la generaci\u00f3n de <strong>miles<\/strong> de <strong>empleos<\/strong> directos e indirectos, con un impacto directo en arquitectos, ingenier\u00edas, proveedores y oficios.<\/p>\n<p class=\"voc-p\" style=\"\">Las obras de TM Tower ya han comenzado y la entrega de viviendas est\u00e1 prevista para el \u00faltimo cuatrimestre de 2028.<\/p>\n<p>Reportar un error<\/p>\n","protected":false},"excerpt":{"rendered":"19\/09\/2025 Actualizado a las 13:47h. Benidorm alimenta su fama de haberse convertido en el &#8216;Manhattan del Mediterr\u00e1neo&#8217; con&hellip;\n","protected":false},"author":2,"featured_media":126043,"comment_status":"","ping_status":"","sticky":false,"template":"","format":"standard","meta":{"footnotes":""},"categories":[173],"tags":[3196,229,233,231,230,7092,232,234,146,147,25,24,700,40974,19932,25911,23],"class_list":{"0":"post-126042","1":"post","2":"type-post","3":"status-publish","4":"format-standard","5":"has-post-thumbnail","7":"category-arte-y-diseno","8":"tag-alto","9":"tag-arte","10":"tag-arte-y-diseno","11":"tag-arts","12":"tag-arts-and-design","13":"tag-benidorm","14":"tag-design","15":"tag-diseno","16":"tag-entertainment","17":"tag-entretenimiento","18":"tag-es","19":"tag-espana","20":"tag-europa","21":"tag-manhattan","22":"tag-rascacielos","23":"tag-residencial","24":"tag-spain"},"share_on_mastodon":{"url":"","error":""},"_links":{"self":[{"href":"https:\/\/www.europesays.com\/es\/wp-json\/wp\/v2\/posts\/126042","targetHints":{"allow":["GET"]}}],"collection":[{"href":"https:\/\/www.europesays.com\/es\/wp-json\/wp\/v2\/posts"}],"about":[{"href":"https:\/\/www.europesays.com\/es\/wp-json\/wp\/v2\/types\/post"}],"author":[{"embeddable":true,"href":"https:\/\/www.europesays.com\/es\/wp-json\/wp\/v2\/users\/2"}],"replies":[{"embeddable":true,"href":"https:\/\/www.europesays.com\/es\/wp-json\/wp\/v2\/comments?post=126042"}],"version-history":[{"count":0,"href":"https:\/\/www.europesays.com\/es\/wp-json\/wp\/v2\/posts\/126042\/revisions"}],"wp:featuredmedia":[{"embeddable":true,"href":"https:\/\/www.europesays.com\/es\/wp-json\/wp\/v2\/media\/126043"}],"wp:attachment":[{"href":"https:\/\/www.europesays.com\/es\/wp-json\/wp\/v2\/media?parent=126042"}],"wp:term":[{"taxonomy":"category","embeddable":true,"href":"https:\/\/www.europesays.com\/es\/wp-json\/wp\/v2\/categories?post=126042"},{"taxonomy":"post_tag","embeddable":true,"href":"https:\/\/www.europesays.com\/es\/wp-json\/wp\/v2\/tags?post=126042"}],"curies":[{"name":"wp","href":"https:\/\/api.w.org\/{rel}","templated":true}]}}