{"id":126046,"date":"2025-09-19T20:58:06","date_gmt":"2025-09-19T20:58:06","guid":{"rendered":"https:\/\/www.europesays.com\/es\/126046\/"},"modified":"2025-09-19T20:58:06","modified_gmt":"2025-09-19T20:58:06","slug":"si-te-gustan-las-series-turcas-esta-es-la-que-tienes-que-ver","status":"publish","type":"post","link":"https:\/\/www.europesays.com\/es\/126046\/","title":{"rendered":"si te gustan las series turcas esta es la que tienes que ver"},"content":{"rendered":"<p>Las<strong> <a href=\"https:\/\/okdiario.com\/trailer\/plataformas-streaming-escoge-mejor-servicio-segun-tus-preferencias-cinematograficas-7054547\" rel=\"nofollow noopener\" target=\"_blank\">plataformas de streaming<\/a><\/strong> siguen a rajatabla todas las tendencias de consumo, incluso aquellas que beben directamente de las audiencias de<strong> las cadenas televisivas convencionales<\/strong>. Entre otras cosas, porque gran parte del los suscriptores actuales de los <a href=\"https:\/\/okdiario.com\/trailer\/francesa-lleva-semanas-triunfando-serie-netflix-que-te-va-dejar-pegado-television-15409764\" rel=\"nofollow noopener\" target=\"_blank\">diferentes servicios de transmisi\u00f3n<\/a> representan <strong>el mismo p\u00fablico<\/strong> que anta\u00f1o se pasaba las tardes frente a \u00abla caja tonta\u00bb, viendo los culebrones y los seriales de moda. Por eso, los amantes de las ficciones turcas deben estar alerta, pues Netflix est\u00e1 a punto de estrenar una de esas historias que prometen <strong>vivir varias semanas dentro del Top 10<\/strong> de contenidos m\u00e1s vistos. Nos referimos a la pel\u00edcula de producci\u00f3n alemana, <strong>Y ella dijo quiz\u00e1s<\/strong>.<\/p>\n<p><img loading=\"lazy\" decoding=\"async\" class=\"size-medium wp-image-15432511\" alt=\"Y ella dijo quiz\u00e1s\" width=\"620\" height=\"349\"  src=\"https:\/\/www.europesays.com\/es\/wp-content\/uploads\/2025\/09\/y-ella-dijo-quizas_cropped-620x349.jpg\" \/> \u2018Y ella dijo quiz\u00e1s\u2019 (Netflix).<\/p>\n<p>La major californiana sabe mejor de nadie los buenos resultados que pueden dar las producciones de este tipo. Presupuestos econ\u00f3micos y <strong>audiencias masivas<\/strong> para un target de espectadores acostumbrados a ver dichas narraciones en maratones sin descanso. Y esa forma de consumo representa siempre una noticia fant\u00e1stica para la compa\u00f1\u00eda que dirige <a href=\"https:\/\/okdiario.com\/trailer\/ted-sarandos-pide-demas-servicios-streaming-que-sean-tan-transparentes-como-netflix-13496412\" rel=\"nofollow noopener\" target=\"_blank\">Ted Sarandos<\/a>.\u00a0 A pesar de que Netflix va a seguir apostando por proyectos estrella, ah\u00ed est\u00e1n los futuros estrenos de <strong>Una casa llena de dinamita<\/strong> o la reciente serie <strong>Black Rabbit<\/strong>, el terminal ha soltado el acelerador con el que en la \u00e9poca de la pandemia creaba casi a granel, superproducciones con presupuestos de <strong>200 millones de d\u00f3lares<\/strong> (v\u00e9ase Alerta roja o El agente invisible) inanes en t\u00e9rminos de rentabilidad econ\u00f3mica. Ya que al final, el estudio no vive de sus grandes hits, sino del grueso medio de t\u00edtulos que en un bajo perfil acumulan <strong>miles y miles de visualizaciones<\/strong>. Pero \u00bfde qu\u00e9 trata esta nueva comedia rom\u00e1ntica? \u00bfcu\u00e1ndo se estrena oficialmente?<\/p>\n<p>\u00bfDe qu\u00e9 trata \u2018Y ella dijo quiz\u00e1s\u2019?<\/p>\n<p><img loading=\"lazy\" decoding=\"async\" class=\"size-medium wp-image-15432500\" alt=\"Y ella dijo quiz\u00e1s\" width=\"620\" height=\"349\"  src=\"https:\/\/www.europesays.com\/es\/wp-content\/uploads\/2025\/09\/e184cf6c50f7d3218d8f86974c7f704a_cropped-620x349.jpg\" \/> \u2018Y ella dijo quiz\u00e1s\u2019 (Netflix).<\/p>\n<p>Seg\u00fan las fuentes oficiales de Netflix, Y ella dijo quiz\u00e1s se centra en un viaje: <strong>Mavi<\/strong>, una joven alemana criada en Hamburgo cree su llegada a Estambul forma parte de unas vacaciones corrientes. Sin embargo al poco de aterrizar, una misteriosa mujer le revela que en realidad, su linaje pertenece al de <strong>una acaudalada familia turca<\/strong>,\u00a0 siendo esta una noticia que\u00a0 le llevar\u00e1 a cuestionarse su propia existencia y su relaci\u00f3n.<\/p>\n<p><img loading=\"lazy\" decoding=\"async\" class=\"size-medium wp-image-15432491\" alt=\"\" width=\"620\" height=\"349\"  src=\"https:\/\/www.europesays.com\/es\/wp-content\/uploads\/2025\/09\/65e8b6f0eb28a3c25416e0dd5698033d_cropped-620x349.jpg\" \/> \u2018Y ella dijo quiz\u00e1s\u2019 (Netflix).<\/p>\n<p>En la trama, de poco m\u00e1s de una hora y media de duraci\u00f3n, Mavi deber\u00e1 enfrentarse a las dificultades de asumir una nueva identidad, paralelamente a la introducci\u00f3n social de una forma de vida repleta de lujos y tradiciones que desconoce. Este nuevo universo representar\u00e1 una seria\u00a0 amenaza que pondr\u00e1 en juego tanto el regreso a su hogar como el futuro sentimental que ha construido junto a su pareja. Y ella dijo quiz\u00e1s est\u00e1 dirigida por el vietnamita <strong>The Chau Ngo<\/strong>, quien debuta en el formato del largometraje y <strong>Buket Alakus<\/strong>, la cual debut\u00f3 en 2005 a trav\u00e9s de la \u00f3pera prima, En otra Liga.<\/p>\n<p>La ficci\u00f3n est\u00e1 protagonizada por Beritan Balci, Sinan G\u00fcle\u00e7, Caro Daur, Serkan \u00c7ayoglu y Meral Perin.<\/p>\n<p>\u00bfCu\u00e1ndo se estrena?<\/p>\n<p><img loading=\"lazy\" decoding=\"async\" class=\"size-medium wp-image-15432490\" alt=\"\" width=\"620\" height=\"349\"  src=\"https:\/\/www.europesays.com\/es\/wp-content\/uploads\/2025\/09\/22cb86a8d267ca22831bf150b9decd86_cropped-620x349.jpg\" \/> \u2018Y ella dijo quiz\u00e1s\u2019 (Netflix).<\/p>\n<p>Los suscriptores de Netflix no tendr\u00e1n que esperar demasiado, pues Y ella dijo quiz\u00e1s estar\u00e1 disponible en el cat\u00e1logo a partir de ma\u00f1ana, d\u00eda <strong>19 de septiembre<\/strong>.<\/p>\n","protected":false},"excerpt":{"rendered":"Las plataformas de streaming siguen a rajatabla todas las tendencias de consumo, incluso aquellas que beben directamente de&hellip;\n","protected":false},"author":2,"featured_media":126047,"comment_status":"","ping_status":"","sticky":false,"template":"","format":"standard","meta":{"footnotes":""},"categories":[171],"tags":[146,147,25,24,23,214],"class_list":{"0":"post-126046","1":"post","2":"type-post","3":"status-publish","4":"format-standard","5":"has-post-thumbnail","7":"category-tv","8":"tag-entertainment","9":"tag-entretenimiento","10":"tag-es","11":"tag-espana","12":"tag-spain","13":"tag-tv"},"share_on_mastodon":{"url":"","error":""},"_links":{"self":[{"href":"https:\/\/www.europesays.com\/es\/wp-json\/wp\/v2\/posts\/126046","targetHints":{"allow":["GET"]}}],"collection":[{"href":"https:\/\/www.europesays.com\/es\/wp-json\/wp\/v2\/posts"}],"about":[{"href":"https:\/\/www.europesays.com\/es\/wp-json\/wp\/v2\/types\/post"}],"author":[{"embeddable":true,"href":"https:\/\/www.europesays.com\/es\/wp-json\/wp\/v2\/users\/2"}],"replies":[{"embeddable":true,"href":"https:\/\/www.europesays.com\/es\/wp-json\/wp\/v2\/comments?post=126046"}],"version-history":[{"count":0,"href":"https:\/\/www.europesays.com\/es\/wp-json\/wp\/v2\/posts\/126046\/revisions"}],"wp:featuredmedia":[{"embeddable":true,"href":"https:\/\/www.europesays.com\/es\/wp-json\/wp\/v2\/media\/126047"}],"wp:attachment":[{"href":"https:\/\/www.europesays.com\/es\/wp-json\/wp\/v2\/media?parent=126046"}],"wp:term":[{"taxonomy":"category","embeddable":true,"href":"https:\/\/www.europesays.com\/es\/wp-json\/wp\/v2\/categories?post=126046"},{"taxonomy":"post_tag","embeddable":true,"href":"https:\/\/www.europesays.com\/es\/wp-json\/wp\/v2\/tags?post=126046"}],"curies":[{"name":"wp","href":"https:\/\/api.w.org\/{rel}","templated":true}]}}