{"id":126048,"date":"2025-09-19T21:00:07","date_gmt":"2025-09-19T21:00:07","guid":{"rendered":"https:\/\/www.europesays.com\/es\/126048\/"},"modified":"2025-09-19T21:00:07","modified_gmt":"2025-09-19T21:00:07","slug":"la-nueva-miniserie-de-star-wars-destroza-el-canon-para-que-puedas-ver-a-toda-la-familia-skywalker-unida-ign-espana","status":"publish","type":"post","link":"https:\/\/www.europesays.com\/es\/126048\/","title":{"rendered":"La nueva miniserie de Star Wars destroza el canon para que puedas ver a toda la familia Skywalker unida &#8211; IGN Espa\u00f1a"},"content":{"rendered":"<ol>\n<li><a href=\"https:\/\/news.google.com\/rss\/articles\/CBMi-AFBVV95cUxNZm5QYXpxQnQwSkwwcmNXelB3LWN6U0dIYzNNV0I2UXBXcDZPOUIzczN5eUMyVGtVNlBvV01IeS1LOXVsaW5jOEZydTlsSUtiNmtST2FGanFFeFU4Vk1DY3ZhdmhOSE1wOWVBUlhZOVNPY2dsMHBWWFlvQUdMdWxhcHFTQTl6d1RRQi1kZ0loZlBSelZ2OXdQVjdpWlEwTG9VV2NKWEJGdi1yWG5rZEhGWnZDdGVUTVk3aC1zbllHa00zTjBXOU03ODZPWXZzQ0RQei10Z2FIODd3VDd0Q0pCZnJneXAyT3phMzFEa29tRlY2b21JLXJ0UA?oc=5\" target=\"_blank\" rel=\"nofollow noopener\">La nueva miniserie de Star Wars destroza el canon para que puedas ver a toda la familia Skywalker unida<\/a>&nbsp;&nbsp;IGN Espa\u00f1a<\/li>\n<li><a href=\"https:\/\/news.google.com\/rss\/articles\/CBMi0gFBVV95cUxQbkZ1R01TQVMxTUQ0Sll0S3lyckM0YzVoWXotSFROeE9Jem4tS1FyMW1fcVVvRmNEUC1uTW5PYjNEWFZ4U2xnSTJYbUVRNTNwUFVwTWszZkxWOXZJNHc2REpxNE9KTVpMM0pyaUtsaUwwMk5pWUhvbHdhUWZCYzU4Z2hBVEk3VnB2Y3hBZ0I4c29rbEJTc2Y2RklnTEUyazFObjQ2UzRLS0lraHZ4NXFvenlVWTNncjBpYlVmWVp0RTJxRHJSdnZpal9fcE41MnBEZHc?oc=5\" target=\"_blank\" rel=\"nofollow noopener\">Cr\u00edtica de LEGO Star Wars: Reconstruye la galaxia &#8211; Piezas del pasado: una dimensi\u00f3n m\u00e1s ca\u00f3tica y divertida que nunca<\/a>&nbsp;&nbsp;HobbyConsolas<\/li>\n<li><a href=\"https:\/\/news.google.com\/rss\/articles\/CBMitwFBVV95cUxQR1c4eS1XdTNXc1FtZE4tcWZ1aHVpTFByU0Z4QXpqZFJYRUJsSjJ6ZzlXOXdnYWI0WXA5azAwalRDTGJic1JBQnJSRDRQTkYyeTE5WjJKVElKUkExcUFRcXpSTTQwS1drcWxOeVNiZUJmTzBYSm5EekxCeDRKYVVtVHFXMFhoRE5VS1dfdG91bHJJMldPWDA2c1h2OEN0VDdZRzZ0Q2xHakFlMzNPd2VNeVptLW1DRWM?oc=5\" target=\"_blank\" rel=\"nofollow noopener\">Una reuni\u00f3n familiar de los Skywalker se avecina y \u00abpuede ser la \u00fanica oportunidad\u00bb de que lo veamos en Star Wars<\/a>&nbsp;&nbsp;VidaExtra<\/li>\n<li><a href=\"https:\/\/news.google.com\/rss\/articles\/CBMickFVX3lxTE0yRUZGX0kwc0R5c0s2cElqM3pjSjY5N0dzX09aQWV3d3Q4M1Y1UzEtYUFPNUV2d3ZZaVJpWHFjRGIyMjBYRXdaeDJHemFiR2lqVzNFUFo3NmdzcHdxdlFOS0pzdHg0ZUlZbnhMeVVVekVFdw?oc=5\" target=\"_blank\" rel=\"nofollow noopener\">La saga Skywalker se reencuentra por primera vez en Star Wars con un giro inesperado<\/a>&nbsp;&nbsp;La Casa de EL<\/li>\n<li><a href=\"https:\/\/news.google.com\/rss\/articles\/CBMikwFBVV95cUxQbDl6N2xaX0hSTXgwcXpNZlI0M2swRnpBWUtDWWF1aUpwaVdyYTdTTS1EQzk2M2gtNkY3OEw1Uk5jTWk4cGN5bXpuNXprOWhKZ2NoM2hmM2JUcWFoeHBBZlJGaHd5RGhrT0ZiNkVoN3kwYl9Fc0Z2bnRTbmp0NHFYY2FRUDhxUkR4V0IwaTQ0TURuNFk?oc=5\" target=\"_blank\" rel=\"nofollow noopener\">LEGO Star Wars: Pieces of the Past &#8216;ir\u00e1 m\u00e1s all\u00e1 de los l\u00edmites para los fans&#8217;<\/a>&nbsp;&nbsp;Brick Fanatics<\/li>\n<\/ol>\n","protected":false},"excerpt":{"rendered":"La nueva miniserie de Star Wars destroza el canon para que puedas ver a toda la familia Skywalker&hellip;\n","protected":false},"author":2,"featured_media":123323,"comment_status":"","ping_status":"","sticky":false,"template":"","format":"standard","meta":{"footnotes":""},"categories":[169],"tags":[177,146,147,25,24,176,175,23],"class_list":{"0":"post-126048","1":"post","2":"type-post","3":"status-publish","4":"format-standard","5":"has-post-thumbnail","7":"category-cine","8":"tag-cine","9":"tag-entertainment","10":"tag-entretenimiento","11":"tag-es","12":"tag-espana","13":"tag-film","14":"tag-movies","15":"tag-spain"},"share_on_mastodon":{"url":"","error":""},"_links":{"self":[{"href":"https:\/\/www.europesays.com\/es\/wp-json\/wp\/v2\/posts\/126048","targetHints":{"allow":["GET"]}}],"collection":[{"href":"https:\/\/www.europesays.com\/es\/wp-json\/wp\/v2\/posts"}],"about":[{"href":"https:\/\/www.europesays.com\/es\/wp-json\/wp\/v2\/types\/post"}],"author":[{"embeddable":true,"href":"https:\/\/www.europesays.com\/es\/wp-json\/wp\/v2\/users\/2"}],"replies":[{"embeddable":true,"href":"https:\/\/www.europesays.com\/es\/wp-json\/wp\/v2\/comments?post=126048"}],"version-history":[{"count":0,"href":"https:\/\/www.europesays.com\/es\/wp-json\/wp\/v2\/posts\/126048\/revisions"}],"wp:featuredmedia":[{"embeddable":true,"href":"https:\/\/www.europesays.com\/es\/wp-json\/wp\/v2\/media\/123323"}],"wp:attachment":[{"href":"https:\/\/www.europesays.com\/es\/wp-json\/wp\/v2\/media?parent=126048"}],"wp:term":[{"taxonomy":"category","embeddable":true,"href":"https:\/\/www.europesays.com\/es\/wp-json\/wp\/v2\/categories?post=126048"},{"taxonomy":"post_tag","embeddable":true,"href":"https:\/\/www.europesays.com\/es\/wp-json\/wp\/v2\/tags?post=126048"}],"curies":[{"name":"wp","href":"https:\/\/api.w.org\/{rel}","templated":true}]}}