{"id":126059,"date":"2025-09-19T21:06:09","date_gmt":"2025-09-19T21:06:09","guid":{"rendered":"https:\/\/www.europesays.com\/es\/126059\/"},"modified":"2025-09-19T21:06:09","modified_gmt":"2025-09-19T21:06:09","slug":"juez-desestima-la-demanda-de-trump-contra-the-new-york-times-por-usd-15-000-millones","status":"publish","type":"post","link":"https:\/\/www.europesays.com\/es\/126059\/","title":{"rendered":"Juez desestima la demanda de Trump contra The New York Times por USD 15.000 millones"},"content":{"rendered":"<p>    <img src=\"https:\/\/www.europesays.com\/es\/wp-content\/uploads\/2025\/09\/2025-09-19T203A153A41Z-90036175.jpg\" width=\"1024\" height=\"681\" alt=\"\" loading=\"eager\" decoding=\"sync\" fetchpriority=\"high\"\/><\/p>\n<p>            afp_tickers        <\/p>\n<p>        Este contenido fue publicado en    <\/p>\n<p>        19 septiembre 2025 &#8211; 22:15\n<\/p>\n<p>Un juez federal de Florida desestim\u00f3 el viernes una demanda por 15.000 millones de d\u00f3lares presentada por el presidente estadounidense Donald Trump contra el diario The New York Times por difamaci\u00f3n.<\/p>\n<p>La demanda de 85 p\u00e1ginas presentada por Trump el 15 de septiembre contra el New York Times es \u00abinapropiada e inadmisible\u00bb, ya que no respeta las normas de procedimiento, afirma el juez Steven Merryday en su dictamen.<\/p>\n<p>\u00abSe desestima con permiso para modificarla en un plazo de 28 d\u00edas\u00bb, en un formato que no supere las 40 p\u00e1ginas, seg\u00fan el texto de la decisi\u00f3n.\u00a0<\/p>\n<p>Merryday, nombrado por el presidente republicano George H. W. Bush, no se pronunci\u00f3 sobre el fondo de la demanda, pero critic\u00f3 su estilo, los elogios a Trump y su excesiva extensi\u00f3n.\u00a0<\/p>\n<p>\u00abUna demanda es una declaraci\u00f3n breve, sencilla y directa de alegaciones de hechos suficientes para crear una reclamaci\u00f3n aparentemente plausible de reparaci\u00f3n\u00bb, aleg\u00f3 el juez.<\/p>\n<p>\u00abAunque los abogados gozan de un m\u00ednimo de libertad expresiva a la hora de defender la demanda de un cliente, en este caso va mucho m\u00e1s lejos de los l\u00edmites de esa libertad\u00bb, a\u00f1adi\u00f3, para continuar: \u00bb Una demanda no es un foro p\u00fablico para vituperios e invectivas (\u2026) ni una plataforma para descargar la ira contra un adversario\u00bb.<\/p>\n<p>\u2013 Demanda pol\u00edtica \u2013<\/p>\n<p>The New York Times recibi\u00f3 con satisfacci\u00f3n \u00abla r\u00e1pida resoluci\u00f3n del juez, que reconoci\u00f3 que la denuncia era un documento pol\u00edtico y no una demanda judicial seria\u00bb, escribi\u00f3 un portavoz del diario en X.<\/p>\n<p>Esta demanda es el \u00faltimo ejemplo de la cruzada legal que ha emprendido el presidente contra medios de comunicaci\u00f3n y periodistas que, en su opini\u00f3n, van en su contra.\u00a0<\/p>\n<p>Trump, de 79 a\u00f1os, ha intensificado su hostilidad hacia los medios de comunicaci\u00f3n desde su regreso a la Casa Blanca. El presidente ha restringido el acceso a sus ruedas de prensa y ha presentado numerosas demandas por cifras astron\u00f3micas para tratar de acallar las voces discordantes.\u00a0<\/p>\n<p>Tambi\u00e9n ha presionado a empresas para apartar de las pantallas a comunicadores que incomodan a la Casa Blanca.\u00a0<\/p>\n<p>Jimmy Kimmel fue suspendido indefinidamente por la cadena ABC, propiedad de Disney, esta semana despu\u00e9s de que el director de la Comisi\u00f3n Federal de Comunicaciones amenazara con cancelar las licencias de emisi\u00f3n por los comentarios que el presentador hab\u00eda hecho sobre el asesinato del influyente conservador Charlie Kirk.<\/p>\n<p>\u2013 \u00abMalicia\u00bb \u2013<\/p>\n<p>En la demanda presentada ante un tribunal federal de Florida, Trump acus\u00f3 al diario de seguir un \u00abpatr\u00f3n de d\u00e9cadas\u00bb de difamaciones impulsadas por su \u00abmalicia\u00bb.<\/p>\n<p>\u00abEl Times se ha convertido en el principal difusor, sin remordimientos, de falsedades contra el presidente Trump en el panorama medi\u00e1tico tradicional\u00bb, afirm\u00f3.<\/p>\n<p>La demanda tambi\u00e9n apunta contra cuatro periodistas del diario y Penguin Random House, la editorial que public\u00f3 un libro sobre el origen de la fortuna del presidente.<\/p>\n<p>A pesar de la protecci\u00f3n constitucional de la que gozan los medios en Estados Unidos, el presidente ha conseguido sacar tajada en varios litigios, como contra ABC y CBS, esta \u00faltima propiedad de Paramount.\u00a0<\/p>\n<p>Las empresas matrices de los dos canales televisivos acordaron pagar indemnizaciones millonarias para mantener buenas relaciones con Trump.<\/p>\n<p>El presidente tambi\u00e9n ha acudido a la v\u00eda judicial contra el magnate de los medios de comunicaci\u00f3n Rupert Murdoch y contra el Wall Street Journal por al menos 10.000 millones de d\u00f3lares despu\u00e9s de que este informara en julio sobre la existencia de una carta de cumplea\u00f1os que supuestamente envi\u00f3 en 2003 al delincuente sexual condenado Jeffrey Epstein.<\/p>\n<p>cl\/bgs\/dga\/val<\/p>\n","protected":false},"excerpt":{"rendered":"afp_tickers Este contenido fue publicado en 19 septiembre 2025 &#8211; 22:15 Un juez federal de Florida desestim\u00f3 el&hellip;\n","protected":false},"author":2,"featured_media":126060,"comment_status":"","ping_status":"","sticky":false,"template":"","format":"standard","meta":{"footnotes":""},"categories":[42],"tags":[17,18,5797,13,14,28790,11,61,62,63,64,11895,19,20,7657,5798,9,19604,10,15,16,88,90,12,21,22,65,66,67],"class_list":{"0":"post-126059","1":"post","2":"type-post","3":"status-publish","4":"format-standard","5":"has-post-thumbnail","7":"category-internacional","8":"tag-breaking-news","9":"tag-breakingnews","10":"tag-culture","11":"tag-featured-news","12":"tag-featurednews","13":"tag-freedom-of-the-press","14":"tag-headlines","15":"tag-internacional","16":"tag-international","17":"tag-international-news","18":"tag-internationalnews","19":"tag-justice-and-rights","20":"tag-latest-news","21":"tag-latestnews","22":"tag-law-and-order","23":"tag-mass-media","24":"tag-news","25":"tag-news-media","26":"tag-noticias","27":"tag-noticias-destacadas","28":"tag-noticiasdestacadas","29":"tag-politics","30":"tag-ticker","31":"tag-titulares","32":"tag-ultimas-noticias","33":"tag-ultimasnoticias","34":"tag-world","35":"tag-world-news","36":"tag-worldnews"},"share_on_mastodon":{"url":"","error":""},"_links":{"self":[{"href":"https:\/\/www.europesays.com\/es\/wp-json\/wp\/v2\/posts\/126059","targetHints":{"allow":["GET"]}}],"collection":[{"href":"https:\/\/www.europesays.com\/es\/wp-json\/wp\/v2\/posts"}],"about":[{"href":"https:\/\/www.europesays.com\/es\/wp-json\/wp\/v2\/types\/post"}],"author":[{"embeddable":true,"href":"https:\/\/www.europesays.com\/es\/wp-json\/wp\/v2\/users\/2"}],"replies":[{"embeddable":true,"href":"https:\/\/www.europesays.com\/es\/wp-json\/wp\/v2\/comments?post=126059"}],"version-history":[{"count":0,"href":"https:\/\/www.europesays.com\/es\/wp-json\/wp\/v2\/posts\/126059\/revisions"}],"wp:featuredmedia":[{"embeddable":true,"href":"https:\/\/www.europesays.com\/es\/wp-json\/wp\/v2\/media\/126060"}],"wp:attachment":[{"href":"https:\/\/www.europesays.com\/es\/wp-json\/wp\/v2\/media?parent=126059"}],"wp:term":[{"taxonomy":"category","embeddable":true,"href":"https:\/\/www.europesays.com\/es\/wp-json\/wp\/v2\/categories?post=126059"},{"taxonomy":"post_tag","embeddable":true,"href":"https:\/\/www.europesays.com\/es\/wp-json\/wp\/v2\/tags?post=126059"}],"curies":[{"name":"wp","href":"https:\/\/api.w.org\/{rel}","templated":true}]}}