{"id":126061,"date":"2025-09-19T21:07:12","date_gmt":"2025-09-19T21:07:12","guid":{"rendered":"https:\/\/www.europesays.com\/es\/126061\/"},"modified":"2025-09-19T21:07:12","modified_gmt":"2025-09-19T21:07:12","slug":"han-pasado-de-equipos-de-1-500-euros-a-unos-diez-veces-mas-baratos","status":"publish","type":"post","link":"https:\/\/www.europesays.com\/es\/126061\/","title":{"rendered":"\u00abHan pasado de equipos de 1.500 euros a unos diez veces m\u00e1s baratos\u00bb"},"content":{"rendered":"<p><img decoding=\"async\" class=\"voc-author__img\" src=\"https:\/\/www.europesays.com\/es\/wp-content\/uploads\/2025\/08\/autor-6248-foto-2.jpeg\" alt=\"Javier Palomo\"\/><\/p>\n<p>19\/09\/2025<br \/>\n<br \/><strong><br \/>\nActualizado a las 20:32h.<br \/>\n<\/strong><\/p>\n<p class=\"voc-p\" style=\"\">El sindicato de la Polic\u00eda Nacional Jupol ha cargado este viernes contra el fallo de las nuevas <a href=\"https:\/\/www.abc.es\/sociedad\/funcionan-pulseras-anti-maltrato-20250919095916-nt.html\" target=\"_self\" data-voc-vtm-id=\"in-text-traffic\" title=\"pulseras de control telem\u00e1tico de maltratadores\" rel=\"nofollow noopener\">pulseras de control telem\u00e1tico de maltratadores<\/a>, adquiridas por el Ministerio de Igualdad tras cesar su contrato con Telef\u00f3nica e iniciar uno nuevo con la UTE de Vodafone y Securitas Seguridad. Un \u00abfallo inform\u00e1tico\u00bb en el traspaso de datos provoc\u00f3 que desapareciera la informaci\u00f3n de localizaci\u00f3n anterior a marzo de 2024 de una \u00abgran cantidad\u00bb de maltratadores, lo que se tradujo en absoluciones de condenas. Adem\u00e1s, <a href=\"https:\/\/www.abc.es\/sociedad\/igualdad-miro-lado-ocho-meses-conocia-fallo-20250919211334-nt.html\" target=\"_self\" data-voc-vtm-id=\"in-text-traffic\" title=\"durante los 8 meses que dur\u00f3 esta situaci\u00f3n\" rel=\"nofollow noopener\">durante los 8 meses que dur\u00f3 esta situaci\u00f3n<\/a>, las nuevas pulseras adquiridas por Igualdad presentaban diversos problemas, como falsos positivos, localizaciones de agresores \u00abcongeladas\u00bb y se manipulaban con extremada facilidad, lo que permit\u00eda al maltratador quit\u00e1rsela sin complicaciones. <\/p>\n<p class=\"voc-p\" style=\"\">Mediante un comunicado, Jupol ha indicado que esas pulseras son las mismas que se encuentran a la venta a trav\u00e9s de la plataforma china de venta online AliExpress. \u00ab<a href=\"https:\/\/www.abc.es\/espana\/castilla-leon\/bgfgbfgsdgsd-20250919123248-nt.html\" target=\"_self\" data-voc-vtm-id=\"in-text-traffic\" title=\"El Gobierno m\u00e1s feminista\" rel=\"nofollow noopener\">El Gobierno m\u00e1s feminista<\/a> de la historia protege a las v\u00edctimas con pulseras de AliExpress que no cumplen su funci\u00f3n y que ponen en riesgo vidas humanas\u00bb, denuncia el sindicato en un comunicado.<\/p>\n<p class=\"voc-p\" style=\"\">Jupol ha explicado que las pulseras \u00abfallan constantemente, generando falsas alarmas, ansiedad y desprotecci\u00f3n\u00bb cuando deber\u00edan garantizar la seguridad de las v\u00edctimas: \u00abEstas pulseras son un ejemplo m\u00e1s de la distancia entre la propaganda pol\u00edtica y la realidad. El autodenominado Gobierno m\u00e1s feminista de la historia protege a las v\u00edctimas con pulseras de AliExpress que no cumplen su funci\u00f3n y que ponen en riesgo vidas humanas\u00bb.<\/p>\n<p class=\"voc-p\" style=\"\">Asimismo, Jupol ha compartido un documento de Igualdad donde el ministerio detalla el protocolo de uso de las nuevas pulseras telem\u00e1ticas, y donde aparecen listados los mismos dispositivos \u2014Transmisor de Radiofrecuencia de corto alcance (BLE) VF-OT01 ajustado al cuerpo y Tel\u00e9fono M\u00f3vil Inteligente RSPT_01 (DLV) para el Control, Rastreo y Comunicaci\u00f3n\u2014 que se\u00f1ala Jupol en su comunicado.<\/p>\n<p><img decoding=\"async\" loading=\"lazy\" src=\"https:\/\/www.europesays.com\/es\/wp-content\/uploads\/2025\/09\/jupol-cuatro-U70825777767RWs-758x470@diario_abc.jpg\" class=\"voc-d-c-combo-3__img\" width=\"758\" height=\"470\" alt=\"Imagen principal - En las im\u00e1genes, miembros de Jupol sostienen las nuevas pulseras telem\u00e1ticas as\u00ed como los m\u00f3viles que deben portar las v\u00edctimas para que tambi\u00e9n est\u00e9n geolocalizadas\"\/><\/p>\n<p><img decoding=\"async\" loading=\"lazy\" src=\"https:\/\/www.europesays.com\/es\/wp-content\/uploads\/2025\/09\/jupol-tres-U87014601355WYX-464x329@diario_abc.jpg\" class=\"voc-d-c-combo-3__img\" width=\"464\" height=\"329\" alt=\"Imagen secundaria 1 - En las im\u00e1genes, miembros de Jupol sostienen las nuevas pulseras telem\u00e1ticas as\u00ed como los m\u00f3viles que deben portar las v\u00edctimas para que tambi\u00e9n est\u00e9n geolocalizadas\"\/><\/p>\n<p><img decoding=\"async\" loading=\"lazy\" src=\"https:\/\/www.europesays.com\/es\/wp-content\/uploads\/2025\/09\/jupol-dos_20250919161349-U36221658775tvS-278x329@diario_abc.jpg\" class=\"voc-d-c-combo-3__img\" width=\"278\" height=\"329\" alt=\"Imagen secundaria 2 - En las im\u00e1genes, miembros de Jupol sostienen las nuevas pulseras telem\u00e1ticas as\u00ed como los m\u00f3viles que deben portar las v\u00edctimas para que tambi\u00e9n est\u00e9n geolocalizadas\"\/><\/p>\n<p>Pulseras de 150 euros defectuosas<br \/>\nEn las im\u00e1genes, miembros de Jupol sostienen las nuevas pulseras telem\u00e1ticas as\u00ed como los m\u00f3viles que deben portar las v\u00edctimas para que tambi\u00e9n est\u00e9n geolocalizadas<br \/>\nJupol<\/p>\n<p>\nDe equipos de 1.500 euros a 150\n<\/p>\n<p class=\"voc-p\" style=\"\">Fuentes consultadas por este diario han confirmado que las antiguas pulseras, bajo la administraci\u00f3n de Telef\u00f3nica, ten\u00edan un coste de 1.500 euros, frente a los 150 a los que las adquiri\u00f3 el Gobierno. \u00abEstamos hablando de un valor diez veces m\u00e1s bajo, que ha influido negativamente en la protecci\u00f3n de mujeres en las que su vida est\u00e1 en juego\u00bb, afirman estas fuentes. No obstante, en estos momentos el mismo dispositivo se puede encontrar en Aliexpress y Alibaba por 14,50 euros.<\/p>\n<p class=\"voc-p\" style=\"\">Por otro lado, el sindicato policial ha denunciado la \u00abgrave precariedad\u00bb en la atenci\u00f3n a las v\u00edctimas de violencia de g\u00e9nero por la falta de agentes en las Unidades de Familia y Mujer (UFAM) y los fallos de las pulseras telem\u00e1ticas de control de agresores gestionadas por Igualdad. Seg\u00fan la organizaci\u00f3n, el cat\u00e1logo de puestos de estas unidades no se actualiza desde 2008 y en algunos casos un solo agente llega a asumir la protecci\u00f3n de m\u00e1s de cien mujeres, \u00aben ocasiones superando las 150\u00bb. \u00abNo se puede hablar de defensa de las mujeres mientras se mantiene un cat\u00e1logo de puestos de trabajo congelado desde hace 17 a\u00f1os, se abandona a los polic\u00edas que trabajan en las UFAM y se delega la seguridad de las v\u00edctimas en dispositivos que no funcionan\u00bb, subraya el sindicato.<\/p>\n<p class=\"voc-p\" style=\"\">Por su parte, Jupol ha exigido \u00abmedidas inmediatas\u00bb para \u00abreforzar la UFAM, actualizar el cat\u00e1logo de puestos de trabajo\u00bb y garantizar que \u00abtodas las v\u00edctimas sean atendidas con la dignidad, intimidad y profesionalidad que establece la normativa\u00bb. <\/p>\n<p>Reportar un error<\/p>\n","protected":false},"excerpt":{"rendered":"19\/09\/2025 Actualizado a las 20:32h. El sindicato de la Polic\u00eda Nacional Jupol ha cargado este viernes contra el&hellip;\n","protected":false},"author":2,"featured_media":126062,"comment_status":"","ping_status":"","sticky":false,"template":"","format":"standard","meta":{"footnotes":""},"categories":[8],"tags":[26412,17,18,35840,40978,25,24,13,14,11,2178,19,20,32352,9,10,15,16,40977,23,12,21,22],"class_list":{"0":"post-126061","1":"post","2":"type-post","3":"status-publish","4":"format-standard","5":"has-post-thumbnail","7":"category-espana","8":"tag-aliexpress","9":"tag-breaking-news","10":"tag-breakingnews","11":"tag-compro","12":"tag-defectuosas","13":"tag-es","14":"tag-espana","15":"tag-featured-news","16":"tag-featurednews","17":"tag-headlines","18":"tag-igualdad","19":"tag-latest-news","20":"tag-latestnews","21":"tag-maltratadores","22":"tag-news","23":"tag-noticias","24":"tag-noticias-destacadas","25":"tag-noticiasdestacadas","26":"tag-pulseras","27":"tag-spain","28":"tag-titulares","29":"tag-ultimas-noticias","30":"tag-ultimasnoticias"},"share_on_mastodon":{"url":"","error":""},"_links":{"self":[{"href":"https:\/\/www.europesays.com\/es\/wp-json\/wp\/v2\/posts\/126061","targetHints":{"allow":["GET"]}}],"collection":[{"href":"https:\/\/www.europesays.com\/es\/wp-json\/wp\/v2\/posts"}],"about":[{"href":"https:\/\/www.europesays.com\/es\/wp-json\/wp\/v2\/types\/post"}],"author":[{"embeddable":true,"href":"https:\/\/www.europesays.com\/es\/wp-json\/wp\/v2\/users\/2"}],"replies":[{"embeddable":true,"href":"https:\/\/www.europesays.com\/es\/wp-json\/wp\/v2\/comments?post=126061"}],"version-history":[{"count":0,"href":"https:\/\/www.europesays.com\/es\/wp-json\/wp\/v2\/posts\/126061\/revisions"}],"wp:featuredmedia":[{"embeddable":true,"href":"https:\/\/www.europesays.com\/es\/wp-json\/wp\/v2\/media\/126062"}],"wp:attachment":[{"href":"https:\/\/www.europesays.com\/es\/wp-json\/wp\/v2\/media?parent=126061"}],"wp:term":[{"taxonomy":"category","embeddable":true,"href":"https:\/\/www.europesays.com\/es\/wp-json\/wp\/v2\/categories?post=126061"},{"taxonomy":"post_tag","embeddable":true,"href":"https:\/\/www.europesays.com\/es\/wp-json\/wp\/v2\/tags?post=126061"}],"curies":[{"name":"wp","href":"https:\/\/api.w.org\/{rel}","templated":true}]}}