{"id":126071,"date":"2025-09-19T21:13:04","date_gmt":"2025-09-19T21:13:04","guid":{"rendered":"https:\/\/www.europesays.com\/es\/126071\/"},"modified":"2025-09-19T21:13:04","modified_gmt":"2025-09-19T21:13:04","slug":"la-copa-davis-ya-conoce-su-cuadro-final-con-otro-posible-alcaraz-vs-sinner-en-el-horizonte","status":"publish","type":"post","link":"https:\/\/www.europesays.com\/es\/126071\/","title":{"rendered":"La Copa Davis ya conoce su cuadro final con otro posible Alcaraz vs Sinner en el horizonte"},"content":{"rendered":"<p class=\"article-text\">\n        El equipo espa\u00f1ol hizo lo m\u00e1s complicado al conseguir la clasificaci\u00f3n para la final de la <strong>Copa Davis 2025<\/strong> en la eliminatoria ante Dinamarca en Marbella sin la presencia de <strong>Carlos Alcaraz<\/strong>, que opt\u00f3 por descansar <a href=\"https:\/\/www.eldiario.es\/spin\/deportes\/dinero-lleva-alcaraz-ganar-us-open-2025-pm_1_12585359.html\" data-mrf-recirculation=\"links-noticia\" class=\"link\" rel=\"nofollow noopener\" target=\"_blank\">tras ganar el US Open<\/a> y recuperar el n\u00famero uno, y estar\u00e1 entre las ocho mejores selecciones para intentar conseguir la ensaladera.\n    <\/p>\n<p>    <a href=\"https:\/\/www.eldiario.es\/spin\/deportes\/calendario-carlos-alcaraz-defender-numero-ganar-us-open-2025-pm_1_12611363.html\" data-mrf-recirculation=\"saber-mas\" data-dl-event=\"saber-mas\" rel=\"nofollow noopener\" target=\"_blank\"><\/p>\n<p class=\"know-more__title\">Este es el calendario de Carlos Alcaraz para defender su n\u00famero uno tras ganar el US Open en 2025<\/p>\n<p>            <img decoding=\"async\" class=\"lazy\" loading=\"lazy\" data-src=\"https:\/\/static.eldiario.es\/clip\/eeb7725f-ddc9-49be-9fc2-38b9a3b44272_16-9-aspect-ratio_default_0.jpg\" src=\"data:image\/svg+xml,%3Csvg xmlns=\" http:=\"\" viewbox=\"0 0 880 495\" alt=\"Este es el calendario de Carlos Alcaraz para defender su n\u00famero uno tras ganar el US Open en 2025\"\/><\/p>\n<p>                        <\/a><\/p>\n<p>    La Italia de Jannik Sinner defiende t\u00edtulo en la Copa Davis<\/p>\n<p class=\"article-text\">\n        Un formato de final a ocho que tiene de nuevo a Italia como gran favorita al llegar no solo como anfitriona, sino como la ganadora en la pasada edici\u00f3n, con la posible participaci\u00f3n de su gran estrella,<strong> Jannik Sinner<\/strong>, as\u00ed como las de <strong>Lorenzo Musetti<\/strong> o <strong>Matteo Berrettini<\/strong>, y a los que los ha acompa\u00f1ado el sorteo.\n    <\/p>\n<blockquote class=\"twitter-tweet\" data-lang=\"es\"><p><a href=\"https:\/\/twitter.com\/X\/status\/1969039426450817356?ref_src=twsrc%5Etfw\" rel=\"nofollow noopener\" target=\"_blank\"><\/p><\/blockquote>\n<p class=\"article-text\">\n        Y es que el cuadro final de la <strong>Final Eight de la Copa Davis 2025<\/strong>, que tendr\u00e1 lugar del 18 al 23 de noviembre en Bolonia, ya se ha conocido esta semana y son tres las eliminatorias que debe ganar el equipo que quiera ser campe\u00f3n y levantar la m\u00edtica ensaladera del tenis.\n    <\/p>\n<p class=\"article-text\">\n        Italia se enfrentar\u00e1 en la primera ronda a <strong>Austria<\/strong>, el equipo que ha dado la sorpresa y que era el rival de menor entidad, para luego en semifinales encontrarse al ganador del duelo entre <strong>Francia<\/strong> y <strong>B\u00e9lgica<\/strong>, ya un duelo de mayor intensidad.\n    <\/p>\n<p>    La Espa\u00f1a de Carlos Alcaraz en el otro lado del cuadro<\/p>\n<p class=\"article-text\">\n        El sorteo de la final de <strong>Copa Davis<\/strong> ha dado como resultado que Espa\u00f1a est\u00e9 en el otro lado del cuadro y as\u00ed <strong>Sinner<\/strong> y <a href=\"https:\/\/www.eldiario.es\/spin\/deportes\/calendario-carlos-alcaraz-defender-numero-ganar-us-open-2025-pm_1_12611363.html\" data-mrf-recirculation=\"links-noticia\" class=\"link\" rel=\"nofollow noopener\" target=\"_blank\">Alcaraz<\/a> solo se ver\u00edan las caras en una final que tendr\u00e1 lugar el 23 de noviembre, lo que ser\u00eda la sexta vez que se vieran por un t\u00edtulo, de momento, tras la de <strong>Masters 1000 de Roma, Roland Garros, Wimbledon, Masters 1000 de Cincinnati y US Open<\/strong>.\n    <\/p>\n<blockquote class=\"twitter-tweet\" data-lang=\"es\"><p><a href=\"https:\/\/twitter.com\/X\/status\/1968266469533508071?ref_src=twsrc%5Etfw\" rel=\"nofollow noopener\" target=\"_blank\"><\/p><\/blockquote>\n<p class=\"article-text\">\n        El equipo espa\u00f1ol de Copa Davis, con<strong> David Ferrer<\/strong> como capit\u00e1n, se enfrentar\u00e1 a Rep\u00fablica Checa como primer rival en la final de Copa Davis, donde se ver\u00e1 las caras como capit\u00e1n con otro jugador de su generaci\u00f3n como es <strong>Tomas Berdych<\/strong>.\n    <\/p>\n<p>    <a href=\"https:\/\/www.eldiario.es\/spin\/deportes\/alcaraz-toca-cielo-nueva-york-segundo-us-open-sexto-grand-slam-recupera-numero-1-pm_1_12585402.html\" data-mrf-recirculation=\"saber-mas-abajo\" data-dl-event=\"saber-mas-abajo\" rel=\"nofollow noopener\" target=\"_blank\"><\/p>\n<p class=\"know-more__title\">Alcaraz toca el cielo en Nueva York: segundo US Open, sexto grand slam y recupera el n\u00famero 1<\/p>\n<p>            <img decoding=\"async\" class=\"lazy\" loading=\"lazy\" data-src=\"https:\/\/static.eldiario.es\/clip\/14de7b66-d6ce-4c08-9ef8-8bdda30a08e1_16-9-aspect-ratio_default_0.jpg\" src=\"data:image\/svg+xml,%3Csvg xmlns=\" http:=\"\" viewbox=\"0 0 880 495\" alt=\"Alcaraz toca el cielo en Nueva York: segundo US Open, sexto grand slam y recupera el n\u00famero 1\"\/><\/p>\n<p>                        <\/a><\/p>\n<p class=\"article-text\">\n        Para las semifinales de la final de Copa Davis en Bolonia, el equipo espa\u00f1ol se enfrentar\u00e1 al ganador del Argentina vs Alemania, donde podr\u00eda estar <strong>Alexander Zverev <\/strong>como jugador estrella, para luego encararse a poder ganar su s\u00e9ptima Copa Davis tras las de 2000, 2004, 2008, 2009, 2011 y 2019, siendo el equipo m\u00e1s laureado en el siglo XXI del torneo.\n    <\/p>\n<p>    El Palmar\u00e9s de la Copa Davis al completo<\/p>\n<ul>\n<li><strong>Estados Unidos <\/strong>(32 t\u00edtulos): 1900, 1902, 1913, 1920, 1921, 1922, 1923, 1924, 1925, 1926, 1937, 1938, 1946, 1947, 1948, 1949, 1954, 1958, 1963, 1968, 1969, 1970, 1971, 1972, 1978, 1979, 1981, 1982, 1990, 1992, 1995, 2007<\/li>\n<li><strong>Australia<\/strong> (28 t\u00edtulos): 1907, 1908, 1909, 1911, 1914, 1939, 1950, 1951, 1952, 1953, 1955, 1956, 1957, 1959, 1960, 1961, 1962, 1964, 1965, 1966, 1967, 1973, 1977, 1983, 1986, 1999, 2003<\/li>\n<li><strong>Reino Unido<\/strong> (10 t\u00edtulos): 1903, 1904, 1905, 1906, 1912, 1933, 1934, 1935, 1936, 2015<\/li>\n<li><strong>Francia<\/strong> (10 t\u00edtulos): 1927, 1928, 1929, 1930, 1931, 1932, 1991, 1996, 2001, 2017<\/li>\n<li><strong>Suecia<\/strong> (7 t\u00edtulos): 1975, 1984, 1985, 1987, 1994, 1997, 1998<\/li>\n<li><strong>Espa\u00f1a<\/strong> (6 t\u00edtulos): 2000, 2004, 2008, 2009, 2011, 2019<\/li>\n<li><strong>Italia<\/strong> (3 t\u00edtulos): 1976, 2023, 2024<\/li>\n<li><strong>Chequia<\/strong> (3 t\u00edtulos): 1980, 2012, 2013<\/li>\n<li><strong>Alemania<\/strong> (3 t\u00edtulos): 1988, 1989, 1993<\/li>\n<li><strong>Rusia<\/strong> (3 t\u00edtulos): 2002, 2006, 2021<\/li>\n<li><strong>Croacia<\/strong> (2 t\u00edtulos): 2005, 2018<\/li>\n<li><strong>Sud\u00e1frica<\/strong> (1 t\u00edtulo): 1974<\/li>\n<li><strong>Serbia<\/strong> (1 t\u00edtulo): 2010<\/li>\n<li><strong>Suiza<\/strong> (1 t\u00edtulo): 2014<\/li>\n<li><strong>Argentina<\/strong> (1 t\u00edtulo): 2016<\/li>\n<li><strong>Canad\u00e1<\/strong> (1 t\u00edtulo): 2022<\/li>\n<\/ul>\n<p>                                    <script async src=\"https:\/\/platform.twitter.com\/widgets.js\" charset=\"utf-8\"><\/script><\/p>\n","protected":false},"excerpt":{"rendered":"El equipo espa\u00f1ol hizo lo m\u00e1s complicado al conseguir la clasificaci\u00f3n para la final de la Copa Davis&hellip;\n","protected":false},"author":2,"featured_media":126072,"comment_status":"","ping_status":"","sticky":false,"template":"","format":"standard","meta":{"footnotes":""},"categories":[274],"tags":[4736,11181,2493,5835,2494,168,25,24,1058,14989,2678,2397,4466,23,167,327,326,17182],"class_list":{"0":"post-126071","1":"post","2":"type-post","3":"status-publish","4":"format-standard","5":"has-post-thumbnail","7":"category-tenis","8":"tag-alcaraz","9":"tag-conoce","10":"tag-copa","11":"tag-cuadro","12":"tag-davis","13":"tag-deportes","14":"tag-es","15":"tag-espana","16":"tag-final","17":"tag-horizonte","18":"tag-pm","19":"tag-posible","20":"tag-sinner","21":"tag-spain","22":"tag-sports","23":"tag-tenis","24":"tag-tennis","25":"tag-vs"},"share_on_mastodon":{"url":"","error":""},"_links":{"self":[{"href":"https:\/\/www.europesays.com\/es\/wp-json\/wp\/v2\/posts\/126071","targetHints":{"allow":["GET"]}}],"collection":[{"href":"https:\/\/www.europesays.com\/es\/wp-json\/wp\/v2\/posts"}],"about":[{"href":"https:\/\/www.europesays.com\/es\/wp-json\/wp\/v2\/types\/post"}],"author":[{"embeddable":true,"href":"https:\/\/www.europesays.com\/es\/wp-json\/wp\/v2\/users\/2"}],"replies":[{"embeddable":true,"href":"https:\/\/www.europesays.com\/es\/wp-json\/wp\/v2\/comments?post=126071"}],"version-history":[{"count":0,"href":"https:\/\/www.europesays.com\/es\/wp-json\/wp\/v2\/posts\/126071\/revisions"}],"wp:featuredmedia":[{"embeddable":true,"href":"https:\/\/www.europesays.com\/es\/wp-json\/wp\/v2\/media\/126072"}],"wp:attachment":[{"href":"https:\/\/www.europesays.com\/es\/wp-json\/wp\/v2\/media?parent=126071"}],"wp:term":[{"taxonomy":"category","embeddable":true,"href":"https:\/\/www.europesays.com\/es\/wp-json\/wp\/v2\/categories?post=126071"},{"taxonomy":"post_tag","embeddable":true,"href":"https:\/\/www.europesays.com\/es\/wp-json\/wp\/v2\/tags?post=126071"}],"curies":[{"name":"wp","href":"https:\/\/api.w.org\/{rel}","templated":true}]}}