{"id":126073,"date":"2025-09-19T21:14:09","date_gmt":"2025-09-19T21:14:09","guid":{"rendered":"https:\/\/www.europesays.com\/es\/126073\/"},"modified":"2025-09-19T21:14:09","modified_gmt":"2025-09-19T21:14:09","slug":"egan-bernal-cambiaria-de-equipo-para-2026-correria-en-el-visma-junto-a-jonas-vingegaard","status":"publish","type":"post","link":"https:\/\/www.europesays.com\/es\/126073\/","title":{"rendered":"Egan Bernal cambiar\u00eda de equipo para 2026: correr\u00eda en el Visma junto a Jonas Vingegaard"},"content":{"rendered":"<p><img alt=\"Egan Bernal podr\u00eda ir al\" class=\"global-image\" decoding=\"async\" fetchpriority=\"high\" height=\"552\" loading=\"eager\" src=\"https:\/\/www.europesays.com\/es\/wp-content\/uploads\/2025\/09\/KDDIQSMIJBAPXBDABVRHUCIALQ.JPG\" width=\"800\"\/>Egan Bernal podr\u00eda ir al Visma Lease a Bike, seg\u00fan informes de la prensa italiana &#8211; cr\u00e9dito<br \/>\nManon Cruz \/ REUTERS<\/p>\n<p class=\"paragraph\">El ciclismo internacional podr\u00eda experimentar un giro relevante con la posible transferencia de Egan Bernal a uno de los equipos m\u00e1s destacados de Europa. <\/p>\n<p class=\"paragraph\">Seg\u00fan informaci\u00f3n difundida por la prensa italiana, el corredor colombiano estar\u00eda en negociaciones avanzadas para dejar el Ineos Grenadiers y sumarse al Visma-Lease a Bike, escuadra neerlandesa que cuenta entre sus l\u00edderes a Jonas Vingegaard y Wout van Aert.<\/p>\n<p class=\"paragraph\"><b>Ahora puede seguirnos en<\/b><a rel=\"noopener nofollow\" href=\"https:\/\/www.facebook.com\/infobaecolombia\" target=\"_blank\"><b> <\/b><b>Facebook<\/b><\/a><b> y en nuestro<\/b><a rel=\"noopener nofollow\" href=\"https:\/\/whatsapp.com\/channel\/0029Va4oNEALikgEL4Y8mb2K\" target=\"_blank\"><b> <\/b><b>WhatsApp Channel<\/b><\/a><\/p>\n<p><img alt=\"El l\u00edder del Ineos Grenadiers\" class=\"global-image\" decoding=\"async\" fetchpriority=\"low\" height=\"1078\" loading=\"lazy\" src=\"https:\/\/www.europesays.com\/es\/wp-content\/uploads\/2025\/09\/F6RNY2TCTZGJZJSJP7W6C6Z5KQ.png\" width=\"1918\"\/>El l\u00edder del Ineos Grenadiers gan\u00f3 la etapa 16 de la Vuelta a Espa\u00f1a &#8211; cr\u00e9dito @lavuelta \/ X<\/p>\n<p class=\"paragraph\">El periodista Beppe Conti, en declaraciones recogidas por el programa Radiocorsa de la cadena RAI, asegur\u00f3 que Egan Bernal habr\u00eda alcanzado un acuerdo para incorporarse al Visma-Lease a Bike y disputar el Giro de Italia 2026 junto a Jonas Vingegaard.<\/p>\n<p class=\"paragraph\">De acuerdo con la versi\u00f3n de Conti, el ciclista colombiano ya tendr\u00eda definidos sus planes para la pr\u00f3xima temporada, lo que incluir\u00eda vestir la camiseta del equipo neerland\u00e9s en la ronda italiana.<\/p>\n<p class=\"paragraph\"><b>\u201cEgan Bernal habr\u00eda llegado a un acuerdo con el Visma-Lease a Bike para correr el Giro de Italia del 2026 junto a Jonas Vingegaard\u201d<\/b>, afirm\u00f3 Beppe Conti en RAI.<\/p>\n<p><img alt=\"Egan Bernal se destac\u00f3 como\" class=\"global-image\" decoding=\"async\" fetchpriority=\"low\" height=\"1836\" loading=\"lazy\" src=\"https:\/\/www.europesays.com\/es\/wp-content\/uploads\/2025\/09\/KVPI6DVKINHEBDMNBKBXVRICBE.jpg\" width=\"3264\"\/>Egan Bernal se destac\u00f3 como uno de los l\u00edderes del Ineos Grenadiers en los \u00faltimos 8 a\u00f1os &#8211; cr\u00e9dito Ineos Grenadiers<\/p>\n<p class=\"paragraph\">Desde su llegada al World Tour en 2018, cuando el equipo a\u00fan se denominaba Team Sky, Egan Bernal ha permanecido fiel a la estructura que posteriormente se transform\u00f3 en Ineos Grenadiers. Durante este periodo, el ciclista de Zipaquir\u00e1 se consolid\u00f3 como uno de los l\u00edderes de la escuadra, logrando victorias de gran prestigio como el Tour de Francia 2019 y el Giro de Italia 2021.<\/p>\n<p class=\"paragraph\">Bernal ha sido pieza clave en la estrategia del equipo, especialmente tras la retirada de Geraint Thomas y la falta de resultados sobresalientes por parte de Carlos Rodr\u00edguez en su proceso de renovaci\u00f3n.<\/p>\n<p class=\"paragraph\">A continuaci\u00f3n, este es el palmar\u00e9s de Egan Bernal: <\/p>\n<p class=\"paragraph\">Grandes Vueltas<\/p>\n<ul data-icon=\"\u2b24\" class=\"list\">\n<li data-icon=\"\u2b24\"><b>Tour de Francia<\/b>:\u00a0Campe\u00f3n en 2019.<\/li>\n<li data-icon=\"\u2b24\"><b>Giro de Italia<\/b>:\u00a0Campe\u00f3n en 2021.<\/li>\n<\/ul>\n<p class=\"paragraph\">Carreras por Etapas<\/p>\n<ul data-icon=\"\u2b24\" class=\"list\">\n<li data-icon=\"\u2b24\"><b>Par\u00eds-Niza<\/b>:\u00a0Campe\u00f3n en 2019.<\/li>\n<li data-icon=\"\u2b24\"><b>Tour de Suiza<\/b>:\u00a0Campe\u00f3n en 2019.<\/li>\n<li data-icon=\"\u2b24\"><b>Tour de California<\/b>:\u00a0Campe\u00f3n en 2018<\/li>\n<li data-icon=\"\u2b24\"><b>Tour del Porvenir<\/b>:\u00a0Campe\u00f3n en 2017<\/li>\n<\/ul>\n<p class=\"paragraph\">Cl\u00e1sicas y Otras Carreras<\/p>\n<ul data-icon=\"\u2b24\" class=\"list\">\n<li data-icon=\"\u2b24\"><b>Gran Piemonte<\/b>:\u00a0Ganador en 2019.<\/li>\n<li data-icon=\"\u2b24\"><b>Strade Bianche<\/b>:\u00a0Tercer puesto en 2021.<\/li>\n<\/ul>\n<p class=\"paragraph\">T\u00edtulos Nacionales y Juveniles<\/p>\n<ul data-icon=\"\u2b24\" class=\"list\">\n<li data-icon=\"\u2b24\"><b>Campeonato de Colombia Contrarreloj<\/b>:\u00a0Campe\u00f3n en 2018 y 2025.\u00a0<\/li>\n<li data-icon=\"\u2b24\"><b>Campeonato de Colombia de Ruta<\/b>:\u00a0Campe\u00f3n en 2025.\u00a0<\/li>\n<li data-icon=\"\u2b24\"><b>Tour de Bihor<\/b>:Campe\u00f3n en 2016<\/li>\n<li data-icon=\"\u2b24\"><b>Medallas en Campeonatos Mundiales de MTB<\/b>:Plata en 2014 y bronce en 2015, adem\u00e1s de m\u00faltiples t\u00edtulos y medallas en categor\u00edas juveniles<\/li>\n<\/ul>\n<p><img alt=\"Egan Bernal encabeza la delegaci\u00f3n\" class=\"global-image\" decoding=\"async\" fetchpriority=\"low\" height=\"576\" loading=\"lazy\" src=\"https:\/\/www.europesays.com\/es\/wp-content\/uploads\/2025\/09\/Z3GMUR6Z6FHUBBCE5G43AVV6RA.jpeg\" width=\"1024\"\/>Egan Bernal encabeza la delegaci\u00f3n colombiana que disputar\u00e1 el Mundial de Ciclismo de Ruta en Ruanda &#8211; cr\u00e9dito Fedeciclismo<\/p>\n<p class=\"paragraph\">Mientras se define su futuro contractual, Bernal se prepara para representar a la Selecci\u00f3n Colombia en el Mundial de Ruta que se celebrar\u00e1 en Kigali (Ruanda). <\/p>\n<p class=\"paragraph\">Ser\u00e1 la primera ocasi\u00f3n en la que dispute esta competencia, ya que en ediciones anteriores debi\u00f3 abandonar la convocatoria por problemas f\u00edsicos o ajustes en su calendario. La prueba, programada para el domingo 28 de septiembre, tendr\u00e1 un recorrido de 268 kil\u00f3metros y comenzar\u00e1 a las 2:45 a. m. (hora de Colombia). Bernal ser\u00e1 la principal carta del pa\u00eds sudamericano para buscar el t\u00edtulo, enfrent\u00e1ndose a rivales de la talla de Tadej Poga\u010dar y Remco Evenepoel.<\/p>\n<p><img alt=\"Con la participaci\u00f3n de varios\" class=\"global-image\" decoding=\"async\" fetchpriority=\"low\" height=\"869\" loading=\"lazy\" src=\"https:\/\/www.europesays.com\/es\/wp-content\/uploads\/2025\/09\/A2SQKPPOQFBWNC7WSPGH2FLEZA.png\" width=\"1920\"\/>Con la participaci\u00f3n de varios colombianos en la Vuelta a Espa\u00f1a, algunos subieron escalones en el ranking &#8211; cr\u00e9dito UCI<\/p>\n<p class=\"paragraph\">El 16 de septiembre de 2025, la Uni\u00f3n Cicl\u00edstica Internacional public\u00f3 el ranking actualizado de los mejores ciclistas del mundo. <\/p>\n<p class=\"paragraph\">Por los lados de Colombia, Bernal subi\u00f3 28 puestos tras su participaci\u00f3n, mientras que Buitrago subi\u00f3 26 escalones. A continuaci\u00f3n, as\u00ed quedaron los ciclistas colombianos tras la Vuelta a Espa\u00f1a:<\/p>\n<p class=\"paragraph\">1. Tadej Poga\u010dar (Eslovenia &#8211; UAE Emirates XRG): 11.235 puntos<\/p>\n<p class=\"paragraph\">2. Jonas Vingegaard (Dinamarca &#8211; Visma Lease a Bike): 5904 (subi\u00f3 dos puestos)<\/p>\n<p class=\"paragraph\">3. Mads Pedersen (Dinamarca &#8211; Lidl &#8211; Trek): 5287 puntos<\/p>\n<p class=\"paragraph\">4. Mathieu van der Poel (Pa\u00edses Bajos &#8211; Alpecin &#8211; Deceuninck): 4661 puntos (baj\u00f3 dos puestos)<\/p>\n<p class=\"paragraph\">5. Jo\u00e3o Almeida (Portugal &#8211; UAE Emirates XRG): 4334 puntos (subi\u00f3 8 puestos)<\/p>\n<p class=\"paragraph\">6. Isaac del Toro (M\u00e9xico &#8211; UAE Emirates XRG): 4194 puntos<\/p>\n<p class=\"paragraph\">7. Remco Evenepoel (B\u00e9lgica &#8211; Soudal Quick &#8211; Step): 3553 puntos<\/p>\n<p class=\"paragraph\">8. Thomas Pidcock (Gran Breta\u00f1a &#8211; Q36 Pro Cycling): 3481 puntos (subi\u00f3 16 puestos)<\/p>\n<p class=\"paragraph\">9. Oscar Onley (Gran Breta\u00f1a &#8211; Picnic PostNL): 3182 puntos (subi\u00f3 dos puestos)<\/p>\n<p class=\"paragraph\">10. Giulio Ciccone (Italia &#8211; Lidl &#8211; Trek): 2967 puntos (subi\u00f3 cuatro puestos)<\/p>\n<p class=\"paragraph\"><b>51. Egan Bernal (Colombia &#8211; Ineos Grenadiers): 1402 puntos (subi\u00f3 28 puestos)<\/b><\/p>\n<p class=\"paragraph\"><b>71. Santiago Buitrago (Colombia &#8211; Bahrain Victorious): 1077 puntos (subi\u00f3 26 puestos)<\/b><\/p>\n<p class=\"paragraph\"><b>113. Einer Rubio (Colombia &#8211; Movistar Team): 786 puntos (baj\u00f3 8 puestos)<\/b><\/p>\n<p class=\"paragraph\"><b>123. Harold Tejada (Colombia &#8211; XDS Astana Team): 735 puntos (subi\u00f3 24 puestos)<\/b><\/p>\n","protected":false},"excerpt":{"rendered":"Egan Bernal podr\u00eda ir al Visma Lease a Bike, seg\u00fan informes de la prensa italiana &#8211; cr\u00e9dito Manon&hellip;\n","protected":false},"author":2,"featured_media":126074,"comment_status":"","ping_status":"","sticky":false,"template":"","format":"standard","meta":{"footnotes":""},"categories":[273],"tags":[313,312,168,25,24,406,40979,23,3020,167],"class_list":{"0":"post-126073","1":"post","2":"type-post","3":"status-publish","4":"format-standard","5":"has-post-thumbnail","7":"category-ciclismo","8":"tag-ciclismo","9":"tag-cycling","10":"tag-deportes","11":"tag-es","12":"tag-espana","13":"tag-europe","14":"tag-san-maurizio-canavese","15":"tag-spain","16":"tag-sport","17":"tag-sports"},"share_on_mastodon":{"url":"","error":""},"_links":{"self":[{"href":"https:\/\/www.europesays.com\/es\/wp-json\/wp\/v2\/posts\/126073","targetHints":{"allow":["GET"]}}],"collection":[{"href":"https:\/\/www.europesays.com\/es\/wp-json\/wp\/v2\/posts"}],"about":[{"href":"https:\/\/www.europesays.com\/es\/wp-json\/wp\/v2\/types\/post"}],"author":[{"embeddable":true,"href":"https:\/\/www.europesays.com\/es\/wp-json\/wp\/v2\/users\/2"}],"replies":[{"embeddable":true,"href":"https:\/\/www.europesays.com\/es\/wp-json\/wp\/v2\/comments?post=126073"}],"version-history":[{"count":0,"href":"https:\/\/www.europesays.com\/es\/wp-json\/wp\/v2\/posts\/126073\/revisions"}],"wp:featuredmedia":[{"embeddable":true,"href":"https:\/\/www.europesays.com\/es\/wp-json\/wp\/v2\/media\/126074"}],"wp:attachment":[{"href":"https:\/\/www.europesays.com\/es\/wp-json\/wp\/v2\/media?parent=126073"}],"wp:term":[{"taxonomy":"category","embeddable":true,"href":"https:\/\/www.europesays.com\/es\/wp-json\/wp\/v2\/categories?post=126073"},{"taxonomy":"post_tag","embeddable":true,"href":"https:\/\/www.europesays.com\/es\/wp-json\/wp\/v2\/tags?post=126073"}],"curies":[{"name":"wp","href":"https:\/\/api.w.org\/{rel}","templated":true}]}}