{"id":126075,"date":"2025-09-19T21:15:15","date_gmt":"2025-09-19T21:15:15","guid":{"rendered":"https:\/\/www.europesays.com\/es\/126075\/"},"modified":"2025-09-19T21:15:15","modified_gmt":"2025-09-19T21:15:15","slug":"adidas-se-une-a-audi-y-sera-socio-oficial-en-su-debut-en-la-formula-1","status":"publish","type":"post","link":"https:\/\/www.europesays.com\/es\/126075\/","title":{"rendered":"adidas se une a Audi y ser\u00e1 socio oficial en su debut en la F\u00f3rmula 1"},"content":{"rendered":"<p>\t\t\t\t\t<img fetchpriority=\"high\" decoding=\"async\" class=\"wp-image-12520912 size-full\" src=\"https:\/\/www.europesays.com\/es\/wp-content\/uploads\/2025\/09\/adidas-audi-formuila1.jpg\" alt=\"F1: adidas se une a Audi y ser\u00e1 socio oficial en su debut en la F\u00f3rmula 1 Cortes\u00eda: adidas\" width=\"1200\" height=\"675\"  \/>F1: adidas se une a Audi. Cortes\u00eda: adidas<\/p>\n<p><strong>Adidas<\/strong> anunci\u00f3 una alianza con el futuro equipo Audi de F\u00f3rmula 1, cuya primera participaci\u00f3n en la parrilla est\u00e1 prevista para la<strong> temporada 2026.<\/strong> Con este acuerdo, la marca deportiva se posiciona como socio oficial y aportar\u00e1 innovaci\u00f3n en la indumentaria t\u00e9cnica, calzado y accesorios, tanto para pilotos y mec\u00e1nicos como para los aficionados.<\/p>\n<p>La colaboraci\u00f3n se present\u00f3 como un paso clave en la expansi\u00f3n de adidas dentro del automovilismo, un deporte que vive uno de sus momentos de mayor <strong>crecimiento a nivel mundial.<\/strong><\/p>\n<p>Ante esto, los fan\u00e1ticos del Gran Circo quieren tener todos los detalles sobre esta colaboraci\u00f3n entre <strong>Audi<\/strong> x adidas, la cual se ver\u00e1 en el mercado a principios de 2026.<\/p>\n<p>Audi x adidas: Una colecci\u00f3n para 2026<\/p>\n<p>La primera colecci\u00f3n adidas x Audi de la F\u00f3rmula 1 ver\u00e1 la luz en febrero de 2026, justo antes del debut de Audi en la F\u00f3rmula 1. Estar\u00e1 compuesta por una l\u00ednea completa de ropa, calzado y accesorios exclusivos, dise\u00f1ados con la m\u00e1s alta tecnolog\u00eda de adidas y pensados para el paddock, el equipo y los fan\u00e1ticos que buscan expresar su pasi\u00f3n con estilo.<\/p>\n<p>De acuerdo con la marca, el objetivo es ofrecer piezas de alto rendimiento que respondan a las demandas de la competici\u00f3n, sin dejar de lado el atractivo visual y la conexi\u00f3n con la cultura del automovilismo.<\/p>\n<p>Estas son las voces de adidas x Audi<\/p>\n<p>Bjoern Gulden, CEO de adidas, celebr\u00f3 la uni\u00f3n con Audi como un cap\u00edtulo hist\u00f3rico en el deporte: \u201cEsta colaboraci\u00f3n demuestra nuestro enfoque en trabajar con marcas que comparten creencias y perspectivas innovadoras. Queremos que el equipo triunfe dentro de la pista y, al mismo tiempo, conectar con una nueva generaci\u00f3n de aficionados\u201d.<\/p>\n<p>Por su parte, Jonathan Wheatley, director del futuro equipo Audi F1, destac\u00f3 que la alianza permitir\u00e1 equipar a pilotos y mec\u00e1nicos con indumentaria t\u00e9cnica de \u00e9lite. \u201cNuestra ambici\u00f3n compartida es inspirar a los fan\u00e1ticos a trav\u00e9s de la innovaci\u00f3n y el estilo\u201d, afirm\u00f3.<\/p>\n<p>Gernot D\u00f6llner, CEO de Audi AG, record\u00f3 que ambas marcas llevan d\u00e9cadas colaborando en el deporte de \u00e9lite: \u201cNuestra entrada a la F1 junto con adidas subraya la confianza en esta alianza, que no solo busca innovaci\u00f3n y rendimiento, sino tambi\u00e9n inspirar a trav\u00e9s de un dise\u00f1o claro y preciso\u201d.<\/p>\n<p>LEE TAMBI\u00c9N: <a href=\"https:\/\/www.merca20.com\/confirmado-vans-lanzara-coleccion-edicion-especila-dia-de-muertos-2025-este-25-de-septiembre\/\" target=\"_blank\" rel=\"noopener nofollow\">\u00a1Confirmado! Vans lanzar\u00e1 colecci\u00f3n edici\u00f3n especial D\u00eda de Muertos 2025 este 25 de septiembre<\/a><br \/>\nAdidas: Recordar el viejo logo<\/p>\n<p>Como parte de sus estrategias, Adidas acaba de anunciar la reintroducci\u00f3n del emblem\u00e1tico \u201cTrefoil\u201c al f\u00fatbol.<\/p>\n<p>Recordemos que este ic\u00f3nico logo, utilizado por la marca en sus modelos hasta principios de los a\u00f1os 90, y que ahora har\u00e1 su regreso en la pr\u00f3xima temporada en forma de uniformes alternativos en los equipos de f\u00fatbol.<\/p>\n<p>De acuerdo a la marca, el distintivo \u201cTr\u00e9bol\u201d ser\u00e1 visible en las terceras camisetas de los equipos principales de Europa que tienen a Adidas como su proveedor oficial.<\/p>\n<p>Y se dio a conocer que algunos de los equipos confirmados son Arsenal, Juventus, Manchester United, Real Madrid y Bayern Munich.<\/p>\n<p>Asimismo, se espera que esta reaparici\u00f3n del \u201cTr\u00e9bol\u201d traer\u00e1 una colecci\u00f3n especial inspirada en uniformes emblem\u00e1ticos de la marca en el pasado y que los fan\u00e1ticos del f\u00fatbol disfrutar\u00e1n.<\/p>\n<p>Por eso, para promocionar estas ediciones, la compa\u00f1\u00eda ha dado inicio recientemente a una campa\u00f1a en la \u201cSemana de la Moda de Par\u00eds\u201d, contando con la colaboraci\u00f3n de los embajadores y futbolistas, el franc\u00e9s Zinedine Zidane y el ingl\u00e9s David Beckham.<\/p>\n<p>La marca tambi\u00e9n indic\u00f3 que la \u00faltima vez que los clubes asociados a Adidas recibieron equipaciones con el \u201cTr\u00e9bol\u201d fue en la temporada 1990-1991, marcando un momento hist\u00f3rico para la compa\u00f1\u00eda, ya que estos dise\u00f1os estuvieron presentes en el Mundial de 1990, celebrado en Italia.<\/p>\n<p>Con esto podemos ver la importancia que tiene este elemento gr\u00e1fico en la vida de las marcas y en especial en la de los consumidores, que cada vez m\u00e1s muestran su fidelidad con peque\u00f1os detalles.<\/p>\n<p>LEE TAMBI\u00c9N: <a href=\"https:\/\/www.merca20.com\/batman-day-2025-lego-del-clasico-batimovil-de-los-sesenta-con-el-casi-30-de-descuento\/\" target=\"_blank\" rel=\"noopener nofollow\">Batman Day 2025: LEGO del cl\u00e1sico batim\u00f3vil de los sesenta con el casi 30% de descuento<\/a><\/p>\n<p>.<strong><a href=\"https:\/\/news.google.com\/publications\/CAAqJQgKIh9DQklTRVFnTWFnMEtDMjFsY21OaE1qQXVZMjl0S0FBUAE?ceid=MX:es-419&amp;oc=3\" target=\"_blank\" rel=\"noopener nofollow\">\u21d2 SUSCR\u00cdBETE A NUESTROS CONTENIDOS EN GOOGLE NEWS<\/a><\/strong><\/p>\n","protected":false},"excerpt":{"rendered":"F1: adidas se une a Audi. Cortes\u00eda: adidas Adidas anunci\u00f3 una alianza con el futuro equipo Audi de&hellip;\n","protected":false},"author":2,"featured_media":126076,"comment_status":"","ping_status":"","sticky":false,"template":"","format":"standard","meta":{"footnotes":""},"categories":[270],"tags":[168,25,24,306,271,272,6523,23,167],"class_list":{"0":"post-126075","1":"post","2":"type-post","3":"status-publish","4":"format-standard","5":"has-post-thumbnail","7":"category-formula-1","8":"tag-deportes","9":"tag-es","10":"tag-espana","11":"tag-f1","12":"tag-formula-1","13":"tag-formula1","14":"tag-home","15":"tag-spain","16":"tag-sports"},"share_on_mastodon":{"url":"","error":""},"_links":{"self":[{"href":"https:\/\/www.europesays.com\/es\/wp-json\/wp\/v2\/posts\/126075","targetHints":{"allow":["GET"]}}],"collection":[{"href":"https:\/\/www.europesays.com\/es\/wp-json\/wp\/v2\/posts"}],"about":[{"href":"https:\/\/www.europesays.com\/es\/wp-json\/wp\/v2\/types\/post"}],"author":[{"embeddable":true,"href":"https:\/\/www.europesays.com\/es\/wp-json\/wp\/v2\/users\/2"}],"replies":[{"embeddable":true,"href":"https:\/\/www.europesays.com\/es\/wp-json\/wp\/v2\/comments?post=126075"}],"version-history":[{"count":0,"href":"https:\/\/www.europesays.com\/es\/wp-json\/wp\/v2\/posts\/126075\/revisions"}],"wp:featuredmedia":[{"embeddable":true,"href":"https:\/\/www.europesays.com\/es\/wp-json\/wp\/v2\/media\/126076"}],"wp:attachment":[{"href":"https:\/\/www.europesays.com\/es\/wp-json\/wp\/v2\/media?parent=126075"}],"wp:term":[{"taxonomy":"category","embeddable":true,"href":"https:\/\/www.europesays.com\/es\/wp-json\/wp\/v2\/categories?post=126075"},{"taxonomy":"post_tag","embeddable":true,"href":"https:\/\/www.europesays.com\/es\/wp-json\/wp\/v2\/tags?post=126075"}],"curies":[{"name":"wp","href":"https:\/\/api.w.org\/{rel}","templated":true}]}}