{"id":126081,"date":"2025-09-19T21:18:09","date_gmt":"2025-09-19T21:18:09","guid":{"rendered":"https:\/\/www.europesays.com\/es\/126081\/"},"modified":"2025-09-19T21:18:09","modified_gmt":"2025-09-19T21:18:09","slug":"miguel-morales-tio-de-shaila-durcal-y-carmen-morales-muere-a-los-75-anos","status":"publish","type":"post","link":"https:\/\/www.europesays.com\/es\/126081\/","title":{"rendered":"Miguel Morales, t\u00edo de Shaila D\u00farcal y Carmen Morales, muere a los 75 a\u00f1os"},"content":{"rendered":"<p style=\"text-align: justify;\">\u00a0\u00a0\u00a0MADRID, 19 Sep. (CHANCE) &#8211;<\/p>\n<p style=\"text-align: justify;\">\u00a0\u00a0\u00a0<strong>Miguel Morales<\/strong>, hermano de <strong>Junior<\/strong> -difunto marido de <strong>Roc\u00edo D\u00farcal<\/strong>-, ha muerto a los 75 a\u00f1os de edad, en Madrid, debido a una enfermedad que llev\u00f3 con discreci\u00f3n seg\u00fan publica el portal &#8216;Vanitatis&#8217;.<\/p>\n<p style=\"text-align: justify;\">\u00a0\u00a0\u00a0Se trata de un duro golpe para la familia Morales, ya que el artista tambi\u00e9n es t\u00edo de <strong>Shaila D\u00farcal <\/strong>y<strong> Carmen Morales<\/strong>, y ser\u00e1 recordado por sus trabajos en el mundo musical, ya que particip\u00f3 en Los Brincos y tambi\u00e9n colabor\u00f3 en distintos proyectos art\u00edsticos.<\/p>\n<p><img decoding=\"async\" style=\"display: block; margin-left: auto; margin-right: auto;\" src=\"https:\/\/www.europesays.com\/es\/wp-content\/uploads\/2025\/09\/fotogaleriafamosos_276214_690.jpg\" alt=\"\" width=\"567\" height=\"851\" loading=\"lazy\"\/><\/p>\n<p style=\"text-align: justify;\">\u00a0\u00a0\u00a0Tal y como publica el digital, los restos mortales de <strong>Miguel Morales<\/strong> se instalaran en el Tanatorio Norte de Madrid a las 18h de esta tarde. Hasta all\u00ed se desplazar\u00e1n sus seres queridos para darle su \u00faltimo adi\u00f3s.<\/p>\n<p style=\"text-align: justify;\">\u00a0\u00a0\u00a0Muy unido a su familia, la \u00faltima vez que se dej\u00f3 ver ante las c\u00e1maras fue en el a\u00f1o 2021 cuando acud\u00eda, junto a su mujer <strong>Freda Lorente<\/strong>, a casa de su sobrina <strong>Shaila<\/strong> a celebrar el 42 cumplea\u00f1os de esta.<\/p>\n","protected":false},"excerpt":{"rendered":"\u00a0\u00a0\u00a0MADRID, 19 Sep. (CHANCE) &#8211; \u00a0\u00a0\u00a0Miguel Morales, hermano de Junior -difunto marido de Roc\u00edo D\u00farcal-, ha muerto a&hellip;\n","protected":false},"author":2,"featured_media":126082,"comment_status":"","ping_status":"","sticky":false,"template":"","format":"standard","meta":{"footnotes":""},"categories":[174],"tags":[255,146,147,25,24,256,23],"class_list":{"0":"post-126081","1":"post","2":"type-post","3":"status-publish","4":"format-standard","5":"has-post-thumbnail","7":"category-famosos","8":"tag-celebrities","9":"tag-entertainment","10":"tag-entretenimiento","11":"tag-es","12":"tag-espana","13":"tag-famosos","14":"tag-spain"},"share_on_mastodon":{"url":"","error":""},"_links":{"self":[{"href":"https:\/\/www.europesays.com\/es\/wp-json\/wp\/v2\/posts\/126081","targetHints":{"allow":["GET"]}}],"collection":[{"href":"https:\/\/www.europesays.com\/es\/wp-json\/wp\/v2\/posts"}],"about":[{"href":"https:\/\/www.europesays.com\/es\/wp-json\/wp\/v2\/types\/post"}],"author":[{"embeddable":true,"href":"https:\/\/www.europesays.com\/es\/wp-json\/wp\/v2\/users\/2"}],"replies":[{"embeddable":true,"href":"https:\/\/www.europesays.com\/es\/wp-json\/wp\/v2\/comments?post=126081"}],"version-history":[{"count":0,"href":"https:\/\/www.europesays.com\/es\/wp-json\/wp\/v2\/posts\/126081\/revisions"}],"wp:featuredmedia":[{"embeddable":true,"href":"https:\/\/www.europesays.com\/es\/wp-json\/wp\/v2\/media\/126082"}],"wp:attachment":[{"href":"https:\/\/www.europesays.com\/es\/wp-json\/wp\/v2\/media?parent=126081"}],"wp:term":[{"taxonomy":"category","embeddable":true,"href":"https:\/\/www.europesays.com\/es\/wp-json\/wp\/v2\/categories?post=126081"},{"taxonomy":"post_tag","embeddable":true,"href":"https:\/\/www.europesays.com\/es\/wp-json\/wp\/v2\/tags?post=126081"}],"curies":[{"name":"wp","href":"https:\/\/api.w.org\/{rel}","templated":true}]}}