{"id":126093,"date":"2025-09-19T21:29:08","date_gmt":"2025-09-19T21:29:08","guid":{"rendered":"https:\/\/www.europesays.com\/es\/126093\/"},"modified":"2025-09-19T21:29:08","modified_gmt":"2025-09-19T21:29:08","slug":"extraen-un-cangrejo-vivo-del-oido-de-un-nino-que-se-quejaba-de-dolores-tras-un-dia-de-playa","status":"publish","type":"post","link":"https:\/\/www.europesays.com\/es\/126093\/","title":{"rendered":"Extraen un cangrejo vivo del o\u00eddo de un ni\u00f1o que se quejaba de dolores tras un d\u00eda de playa"},"content":{"rendered":"<p class=\"c-paragraph\">La literatura m\u00e9dica est\u00e1 llena de casos de insectos o peque\u00f1os animales que se introducen en cavidades humanas. Ahora se suma un nuevo caso, ocurrido en <a href=\"https:\/\/www.20minutos.es\/tags\/lugares\/mexico.html\" title=\"M\u00e9xico\" rel=\"nofollow noopener\" target=\"_blank\">M\u00e9xico<\/a>: el de un ni\u00f1o al que <b>le extrajeron del o\u00eddo<\/b> un <a href=\"https:\/\/www.20minutos.es\/tags\/temas\/cangrejo.html\" title=\"Cangrejo\" rel=\"nofollow noopener\" target=\"_blank\">cangrejo<\/a> vivo.<\/p>\n<p class=\"c-paragraph\">La v\u00edctima fue Pedro, el hijo de la dise\u00f1adora e influencer\u00a0mexicana Kitzia Mitre, que mostr\u00f3 en redes sociales el momento en el que el aterrorizado peque\u00f1o se somet\u00eda a<b> la extracci\u00f3n del crust\u00e1ceo.<\/b><\/p>\n<p class=\"c-paragraph\">La familia <b>hab\u00eda pasado el d\u00eda en la playa<\/b> y al acabar, el ni\u00f1o refiri\u00f3 dolores y molestias en el interior del o\u00eddo. Kitzia Mitre llev\u00f3 a Pedro al m\u00e9dico, donde descubrieron que en el interior del o\u00eddo del peque\u00f1o se hab\u00eda instalado un peque\u00f1o cangrejo.<\/p>\n<p class=\"c-paragraph\">El v\u00eddeo compartido por la influencer muestra a Pedro <b>entre l\u00e1grimas sosteniendo la mano de su madre,<\/b> mientras el m\u00e9dico realizaba la extracci\u00f3n con una mano mientras sosten\u00eda la cabeza del peque\u00f1o.<\/p>\n<p class=\"c-paragraph\">El pobre ni\u00f1o tiene dos preocupaciones: una, <b>si el cangrejo va a morir en la intervenci\u00f3n <\/b>y la otra, si \u00e9l mismo corre el riesgo de quedarse ciego, ante lo cual la madre no puede reprimir una risa.<\/p>\n<p class=\"c-paragraph\">Pedro se comporta con valent\u00eda ante las indicaciones de su madre de que se quedara completamente quieto. Finalmente, el m\u00e9dico logra extraer a un min\u00fasculo cangrejo, que <b>sali\u00f3 vivo, aunque perdi\u00f3 dos patas <\/b>en el proceso. Al ver el final de la historia, Pedro no pudo m\u00e1s que romper a llorar.<\/p>\n","protected":false},"excerpt":{"rendered":"La literatura m\u00e9dica est\u00e1 llena de casos de insectos o peque\u00f1os animales que se introducen en cavidades humanas.&hellip;\n","protected":false},"author":2,"featured_media":126094,"comment_status":"","ping_status":"","sticky":false,"template":"","format":"standard","meta":{"footnotes":""},"categories":[42],"tags":[17,18,40992,40991,13,14,11,61,62,63,64,19,20,9,10,15,16,40993,12,21,22,16743,1852,65,66,67],"class_list":{"0":"post-126093","1":"post","2":"type-post","3":"status-publish","4":"format-standard","5":"has-post-thumbnail","7":"category-internacional","8":"tag-breaking-news","9":"tag-breakingnews","10":"tag-cangrejo","11":"tag-extraen","12":"tag-featured-news","13":"tag-featurednews","14":"tag-headlines","15":"tag-internacional","16":"tag-international","17":"tag-international-news","18":"tag-internationalnews","19":"tag-latest-news","20":"tag-latestnews","21":"tag-news","22":"tag-noticias","23":"tag-noticias-destacadas","24":"tag-noticiasdestacadas","25":"tag-oido","26":"tag-titulares","27":"tag-ultimas-noticias","28":"tag-ultimasnoticias","29":"tag-un","30":"tag-vivo","31":"tag-world","32":"tag-world-news","33":"tag-worldnews"},"share_on_mastodon":{"url":"","error":""},"_links":{"self":[{"href":"https:\/\/www.europesays.com\/es\/wp-json\/wp\/v2\/posts\/126093","targetHints":{"allow":["GET"]}}],"collection":[{"href":"https:\/\/www.europesays.com\/es\/wp-json\/wp\/v2\/posts"}],"about":[{"href":"https:\/\/www.europesays.com\/es\/wp-json\/wp\/v2\/types\/post"}],"author":[{"embeddable":true,"href":"https:\/\/www.europesays.com\/es\/wp-json\/wp\/v2\/users\/2"}],"replies":[{"embeddable":true,"href":"https:\/\/www.europesays.com\/es\/wp-json\/wp\/v2\/comments?post=126093"}],"version-history":[{"count":0,"href":"https:\/\/www.europesays.com\/es\/wp-json\/wp\/v2\/posts\/126093\/revisions"}],"wp:featuredmedia":[{"embeddable":true,"href":"https:\/\/www.europesays.com\/es\/wp-json\/wp\/v2\/media\/126094"}],"wp:attachment":[{"href":"https:\/\/www.europesays.com\/es\/wp-json\/wp\/v2\/media?parent=126093"}],"wp:term":[{"taxonomy":"category","embeddable":true,"href":"https:\/\/www.europesays.com\/es\/wp-json\/wp\/v2\/categories?post=126093"},{"taxonomy":"post_tag","embeddable":true,"href":"https:\/\/www.europesays.com\/es\/wp-json\/wp\/v2\/tags?post=126093"}],"curies":[{"name":"wp","href":"https:\/\/api.w.org\/{rel}","templated":true}]}}