{"id":126114,"date":"2025-09-19T21:41:15","date_gmt":"2025-09-19T21:41:15","guid":{"rendered":"https:\/\/www.europesays.com\/es\/126114\/"},"modified":"2025-09-19T21:41:15","modified_gmt":"2025-09-19T21:41:15","slug":"me-voy-de-aqui-mas-feliz-si-lo-repartimos","status":"publish","type":"post","link":"https:\/\/www.europesays.com\/es\/126114\/","title":{"rendered":"\u00abMe voy de aqu\u00ed m\u00e1s feliz si lo repartimos\u00bb"},"content":{"rendered":"<p class=\"ft-text\">Sin duda el paso de\u00a0<strong>Orestes\u00a0por\u00a0<\/strong><a class=\"ft-link ft-link--decoration\" href=\"https:\/\/www.farodevigo.es\/ocio\/tv\/2025\/07\/31\/aplaudido-gesto-ganar-bote-pasapalabra-dv-120242902.html\" rel=\"nofollow noopener\" target=\"_blank\"><strong>Pasapalabra<\/strong><\/a><strong>\u00a0<\/strong>dej\u00f3 huella. El burgal\u00e9s, que se ha retirado de los medios de comunicaci\u00f3n durante un tiempo \u00abpara descansar\u00bb, fue en su momento uno de los grandes atractivos del programa junto a <a class=\"ft-link ft-link--decoration\" href=\"https:\/\/www.farodevigo.es\/ocio\/tv\/2025\/07\/24\/rafa-castano-acierta-agarrate-sillon-embolsa-mucho-mas-dinero-pasapalabra-120036996.html\" rel=\"nofollow noopener\" target=\"_blank\"><strong>Rafa Casta\u00f1o<\/strong><\/a>, con quien libr\u00f3 una batalla que todav\u00eda se recuerda en pantalla. Sin duda, el que fuera tambi\u00e9n &#8216;Espartano&#8217; de &#8216;El Cazador&#8217; en TVE quedar\u00e1 para el recuerdo como uno de los m\u00e1s queridos del concurso por sus conocimientos, su buena actitud, gran coraz\u00f3n y un sentido del humor enorme.<\/p>\n<p class=\"ft-text\">Pese a que era el gran favorito, sus tit\u00e1nicos duelos con Rafa culminaron en una inesperada derrota para el burgal\u00e9s que, adem\u00e1s, le llev\u00f3 a ostentar un r\u00e9cord de lo m\u00e1s peculiar. En total, acumul\u00f3\u00a0360 Roscos en su \u00faltima etapa en Pasapalabra, tiempo en el bati\u00f3 algunas marcas que todav\u00eda siguen vigentes en el programa de Antena 3.<\/p>\n<p class=\"ft-text\">Curiosamente, en su \u00faltimo programa,\u00a0<strong>Orestes no sum\u00f3 ni un acierto en El Rosco<\/strong>. Pero, recordamos, que no fue dem\u00e9rito suyo, sino que nadie esperaba que Rafa Casta\u00f1o resolviese El Rosco del tir\u00f3n para llevarse 2.272.000 euros, el mayor bote en la historia de Pasapalabra. Aunque, t\u00e9cnicamente, el burgal\u00e9s\u00a0<strong>no lleg\u00f3 a jugar ese Rosco<\/strong>, pues lo que pas\u00f3 fue algo inaudito y que dif\u00edcilmente se volver\u00e1 a repetir, podemos afirmar siendo fieles a la realidad que Orestes sum\u00f3 0 aciertos ese d\u00eda.<\/p>\n<p class=\"ft-text\">Despu\u00e9s de aquel episodio, el burgal\u00e9s\u00a0regres\u00f3 al programa de Roberto Leal para participar en la Noche de Campeones. El duelo final era entre Orestes y otra leyenda del concurso, Luis de Lama. Se midieron en una\u00a0muerte s\u00fabita nunca vista antes en el concurso, despu\u00e9s de que el resultado en<strong>\u00a0El Rosco<\/strong>\u00a0reflejara un\u00a0<strong>empate\u00a0<\/strong>vibrante con 22 aciertos y un fallo.<\/p>\n<p class=\"ft-text\">M\u00e1s excepcional fue la situaci\u00f3n en la que que Orestes tom\u00f3 una\u00a0<strong>decisi\u00f3n sorprendent<\/strong>e en plena celebraci\u00f3n:\u00a0<strong>compartir con su rival los 25.000 euros del premio<\/strong>. El duelo ya promet\u00eda emociones fuertes. Era la primera vez que se enfrentaban\u00a0<strong>Orestes\u00a0<\/strong>y\u00a0<strong>Luis<\/strong>, que incluso\u00a0se ha sentido \u00abinfiel\u00bb al no tener a Pablo D\u00edaz en el atril de al lado. A eso hay que sumar la expectaci\u00f3n de toda una\u00a0<strong>gran final\u00a0<\/strong>en un torneo que ha contado con cuatro de los concursantes m\u00e1s excepcionales de\u00a0<strong>Pasapalabra<\/strong>. El propio\u00a0<strong>Pablo\u00a0<\/strong>y\u00a0<strong>Javier D\u00e1vila\u00a0<\/strong>han sido testigos desde el p\u00fablico de la gran batalla estrat\u00e9gica y de conocimientos que sus compa\u00f1eros han librado.<\/p>\n<p><img decoding=\"async\" src=\"https:\/\/estaticos-cdn.prensaiberica.es\/clip\/8c515665-54f9-4c39-af7d-340de670af9e_alta-libre-aspect-ratio_default_0.jpg\" width=\"1200\" height=\"675\" alt=\"Rosa y Manu de Pasapalabra.\" class=\"ft-helper-img-rd\" loading=\"lazy\" hasdataaida=\"true\"\/><\/p>\n<p class=\"ft-helper-fontColor-quaternary ft-helper-fontSize-body-S ft-helper-spacer-t-xxs\">Rosa y Manu de Pasapalabra.  \/ Antena 3<\/p>\n<p class=\"ft-text\">Es lo que se ha visto en\u00a0<strong>El Rosco<\/strong>: un enfrentamiento entre dos colosos. Y que se decidi\u00f3<strong>\u00a0por detalles<\/strong>. Por eso,\u00a0<strong>Orestes\u00a0<\/strong>se mostr\u00f3 contenido en su alegr\u00eda cuando ha empezado a volar el confeti por el plat\u00f3 mientras\u00a0<strong>abrazaba a Luis<\/strong>. Roberto Leal lo ha notado y le ha preguntado el motivo. \u00abHa sido un empate completamente t\u00e9cnico en El Rosco, ha sido un fallo tonto de cada uno y, luego, un acierto sacado a la virul\u00e9. Ha sido \u00e9pico y esta manera de resolverlo es m\u00e1s accidental que real\u00bb, ha afirmado, haciendo un\u00a0<strong>an\u00e1lisis\u00a0<\/strong>de lo ocurrido.<\/p>\n<p class=\"ft-text\">Por eso, en un\u00a0<strong>gesto de generosidad<\/strong>\u00a0y nobleza, el burgal\u00e9s le ha propuesto a su rival\u00a0<strong>repartirse los 25.000 euros<\/strong>\u00a0que ha ganado. \u00abEste dinero ahora t\u00e9cnicamente es m\u00edo pero \u00fanicamente por mera regla, no por la justicia y el m\u00e9rito, que en este caso ha sido exactamente el mismo\u00bb, ha asegurado.<\/p>\n<p class=\"ft-text\">Por eso,\u00a0<strong>Orestes\u00a0<\/strong>le ha pedido a\u00a0<strong>Luis\u00a0<\/strong>que acepte el\u00a0<strong>empate\u00a0<\/strong>como<strong>\u00a0resultado definitivo<\/strong>. \u00abMe voy de aqu\u00ed m\u00e1s feliz si lo repartimos\u00bb, ha dicho emocionado. Ahora son\u00a0Manu y Rosa\u00a0los que luchan por hacer historia en el concurso de Antena 3.<\/p>\n","protected":false},"excerpt":{"rendered":"Sin duda el paso de\u00a0Orestes\u00a0por\u00a0Pasapalabra\u00a0dej\u00f3 huella. El burgal\u00e9s, que se ha retirado de los medios de comunicaci\u00f3n durante&hellip;\n","protected":false},"author":2,"featured_media":126115,"comment_status":"","ping_status":"","sticky":false,"template":"","format":"standard","meta":{"footnotes":""},"categories":[174],"tags":[4040,255,4482,146,147,25,24,256,2000,35348,6659,4284,843,2145,4283,23],"class_list":{"0":"post-126114","1":"post","2":"type-post","3":"status-publish","4":"format-standard","5":"has-post-thumbnail","7":"category-famosos","8":"tag-antena-3","9":"tag-celebrities","10":"tag-dv","11":"tag-entertainment","12":"tag-entretenimiento","13":"tag-es","14":"tag-espana","15":"tag-famosos","16":"tag-ganar","17":"tag-generosidad","18":"tag-maxima","19":"tag-pasapalabra","20":"tag-premio","21":"tag-programa","22":"tag-roberto-leal","23":"tag-spain"},"share_on_mastodon":{"url":"","error":""},"_links":{"self":[{"href":"https:\/\/www.europesays.com\/es\/wp-json\/wp\/v2\/posts\/126114","targetHints":{"allow":["GET"]}}],"collection":[{"href":"https:\/\/www.europesays.com\/es\/wp-json\/wp\/v2\/posts"}],"about":[{"href":"https:\/\/www.europesays.com\/es\/wp-json\/wp\/v2\/types\/post"}],"author":[{"embeddable":true,"href":"https:\/\/www.europesays.com\/es\/wp-json\/wp\/v2\/users\/2"}],"replies":[{"embeddable":true,"href":"https:\/\/www.europesays.com\/es\/wp-json\/wp\/v2\/comments?post=126114"}],"version-history":[{"count":0,"href":"https:\/\/www.europesays.com\/es\/wp-json\/wp\/v2\/posts\/126114\/revisions"}],"wp:featuredmedia":[{"embeddable":true,"href":"https:\/\/www.europesays.com\/es\/wp-json\/wp\/v2\/media\/126115"}],"wp:attachment":[{"href":"https:\/\/www.europesays.com\/es\/wp-json\/wp\/v2\/media?parent=126114"}],"wp:term":[{"taxonomy":"category","embeddable":true,"href":"https:\/\/www.europesays.com\/es\/wp-json\/wp\/v2\/categories?post=126114"},{"taxonomy":"post_tag","embeddable":true,"href":"https:\/\/www.europesays.com\/es\/wp-json\/wp\/v2\/tags?post=126114"}],"curies":[{"name":"wp","href":"https:\/\/api.w.org\/{rel}","templated":true}]}}