{"id":126116,"date":"2025-09-19T21:42:11","date_gmt":"2025-09-19T21:42:11","guid":{"rendered":"https:\/\/www.europesays.com\/es\/126116\/"},"modified":"2025-09-19T21:42:11","modified_gmt":"2025-09-19T21:42:11","slug":"el-enorme-legado-del-artista-ibicenco-picarol-sale-a-la-venta-por-387-000-euros","status":"publish","type":"post","link":"https:\/\/www.europesays.com\/es\/126116\/","title":{"rendered":"El enorme legado del artista ibicenco Picarol sale a la venta por 387.000 euros"},"content":{"rendered":"<p class=\"ft-text ft-helper-closenews\">La Adri\u00e0 Codina Art Gallery present\u00f3 este jueves la exposici\u00f3n <strong>&#8216;El llegat infinit: Josep Costa i Ferrer i el seu arxiu&#8217;<\/strong>, dedicada al polifac\u00e9tico artista ibicenco Josep Costa i Ferrer, conocido como Picarol (Ibiza, 1876 \u2013 Palma, 1971).<\/p>\n<p class=\"ft-text\"><strong>El archivo de Picarol constituye un fondo excepcional: m\u00e1s de 40.000 documentos<\/strong> <strong>y 300 obras de arte<\/strong> que incluyen dibujos, ilustraciones, pinturas, fotograf\u00edas, cartas personales, documentos de compraventa fruto de su actividad como anticuario y material arqueol\u00f3gico vinculado a su gran afici\u00f3n por esta disciplina. Este conjunto, que se ofrece a la venta como un \u00fanico lote por 387.350 euros, supone una de las colecciones privadas m\u00e1s completas sobre un artista balear del siglo XX.<\/p>\n<p><img decoding=\"async\" src=\"https:\/\/www.europesays.com\/es\/wp-content\/uploads\/2025\/09\/8b3752ea-c92e-479e-8849-7e7c1424878e_alta-libre-aspect-ratio_default_0.jpg\" width=\"1200\" height=\"900\" alt=\"Velasco y Codina en la inauguraci\u00f3n de la muestra\" class=\"ft-helper-img-rd\" loading=\"lazy\" hasdataaida=\"true\"\/><\/p>\n<p class=\"ft-helper-fontColor-quaternary ft-helper-fontSize-body-S ft-helper-spacer-t-xxs\">Velasco y Codina en la inauguraci\u00f3n de la muestra  \/ Adri\u00e0 Codina Art Gallery<\/p>\n<p class=\"ft-text\">La intenci\u00f3n del actual propietario, el galerista y coleccionista Adri\u00e0 Codina. es que alguna instituci\u00f3n pueda adquirir este legado para que quede en el \u00e1mbito p\u00fablico.<\/p>\n<p>Colecci\u00f3n catalogada<\/p>\n<p class=\"ft-text\">La muestra incluye adem\u00e1s cinco obras de Picasso, que fue amigo de Picarol, cedidas por la familia Costa. Permanecer\u00e1 abierta al p\u00fablico hasta el 18 de octubre y ofrece una <strong>mirada in\u00e9dita a la vida y obra de este creador fundamental <\/strong>para la historia cultural de Balears y tambi\u00e9n de Catalunya.<\/p>\n<p class=\"ft-text\">Adri\u00e0 Codina, comisario de la exposici\u00f3n junto al historiador Albert Velasco, adquiri\u00f3 el legado a los descendientes de Picarol hace varios a\u00f1os y desde entonces ambos han trabajado en su exhaustiva catalogaci\u00f3n. \u201cEl archivo solo podr\u00e1 desplegar todo su potencial si pasa a manos de una instituci\u00f3n que lo estudie, lo preserve y lo difunda\u201d, se\u00f1al\u00f3 Codina durante la inauguraci\u00f3n.<\/p>\n<p><img decoding=\"async\" src=\"https:\/\/www.europesays.com\/es\/wp-content\/uploads\/2025\/09\/2fc3a595-a6c0-4564-9893-2b2788695627_alta-libre-aspect-ratio_default_0.jpg\" width=\"1200\" height=\"900\" alt=\"La exposici\u00f3n incluye documentos de todo tipo\" class=\"ft-helper-img-rd\" loading=\"lazy\" hasdataaida=\"true\"\/><\/p>\n<p class=\"ft-helper-fontColor-quaternary ft-helper-fontSize-body-S ft-helper-spacer-t-xxs\">La exposici\u00f3n incluye documentos de todo tipo  \/ Adri\u00e0 Codina Art Gallery<\/p>\n<p class=\"ft-text\">El acto de apertura reuni\u00f3 a personalidades del \u00e1mbito cultural y pol\u00edtico, tanto local como nacional. Entre ellas destac\u00f3 la directora de los Servicios Territoriales de Cultura en Lleida, Montserrat Parra, que recogi\u00f3 el guante del galerista y defendi\u00f3 que este patrimonio \u201ctiene que ser p\u00fablico\u201d, subrayando la importancia de que las instituciones apoyen la conservaci\u00f3n y difusi\u00f3n de este legado \u00fanico.<\/p>\n<p data-close=\"closedContent\" class=\"subscribeHideForDisplay\">Suscr\u00edbete para seguir leyendo<\/p>\n","protected":false},"excerpt":{"rendered":"La Adri\u00e0 Codina Art Gallery present\u00f3 este jueves la exposici\u00f3n &#8216;El llegat infinit: Josep Costa i Ferrer i&hellip;\n","protected":false},"author":2,"featured_media":126117,"comment_status":"","ping_status":"","sticky":false,"template":"","format":"standard","meta":{"footnotes":""},"categories":[173],"tags":[229,233,1830,231,230,209,232,234,25266,146,147,25,24,7577,363,40995,23],"class_list":{"0":"post-126116","1":"post","2":"type-post","3":"status-publish","4":"format-standard","5":"has-post-thumbnail","7":"category-arte-y-diseno","8":"tag-arte","9":"tag-arte-y-diseno","10":"tag-artista","11":"tag-arts","12":"tag-arts-and-design","13":"tag-cultura","14":"tag-design","15":"tag-diseno","16":"tag-enorme","17":"tag-entertainment","18":"tag-entretenimiento","19":"tag-es","20":"tag-espana","21":"tag-ibicenco","22":"tag-legado","23":"tag-picarol","24":"tag-spain"},"share_on_mastodon":{"url":"","error":""},"_links":{"self":[{"href":"https:\/\/www.europesays.com\/es\/wp-json\/wp\/v2\/posts\/126116","targetHints":{"allow":["GET"]}}],"collection":[{"href":"https:\/\/www.europesays.com\/es\/wp-json\/wp\/v2\/posts"}],"about":[{"href":"https:\/\/www.europesays.com\/es\/wp-json\/wp\/v2\/types\/post"}],"author":[{"embeddable":true,"href":"https:\/\/www.europesays.com\/es\/wp-json\/wp\/v2\/users\/2"}],"replies":[{"embeddable":true,"href":"https:\/\/www.europesays.com\/es\/wp-json\/wp\/v2\/comments?post=126116"}],"version-history":[{"count":0,"href":"https:\/\/www.europesays.com\/es\/wp-json\/wp\/v2\/posts\/126116\/revisions"}],"wp:featuredmedia":[{"embeddable":true,"href":"https:\/\/www.europesays.com\/es\/wp-json\/wp\/v2\/media\/126117"}],"wp:attachment":[{"href":"https:\/\/www.europesays.com\/es\/wp-json\/wp\/v2\/media?parent=126116"}],"wp:term":[{"taxonomy":"category","embeddable":true,"href":"https:\/\/www.europesays.com\/es\/wp-json\/wp\/v2\/categories?post=126116"},{"taxonomy":"post_tag","embeddable":true,"href":"https:\/\/www.europesays.com\/es\/wp-json\/wp\/v2\/tags?post=126116"}],"curies":[{"name":"wp","href":"https:\/\/api.w.org\/{rel}","templated":true}]}}