{"id":126122,"date":"2025-09-19T21:48:12","date_gmt":"2025-09-19T21:48:12","guid":{"rendered":"https:\/\/www.europesays.com\/es\/126122\/"},"modified":"2025-09-19T21:48:12","modified_gmt":"2025-09-19T21:48:12","slug":"la-falta-de-tiempo-en-consulta-y-de-recursos-dificulta-los-diagnosticos-tempranos-de-alzheimer-segun-los-medicos","status":"publish","type":"post","link":"https:\/\/www.europesays.com\/es\/126122\/","title":{"rendered":"La falta de tiempo en consulta y de recursos dificulta los diagn\u00f3sticos tempranos de alzh\u00e9imer, seg\u00fan los m\u00e9dicos"},"content":{"rendered":"<p class=\"ft-text ft-helper-closenews\">Hace a\u00f1os la falta de <strong>diagn\u00f3stico temprano <\/strong>en la <a class=\"ft-link ft-link--decoration\" href=\"https:\/\/www.elperiodicomediterraneo.com\/sociedad\/2025\/08\/28\/conexion-trastornos-digestivos-alzheimer-parkinson-microbiota-intestino-cerebro-121011266.html\" target=\"_blank\" rel=\"nofollow noopener\">enfermedad de Alzh\u00e9imer<\/a> se deb\u00eda a que los pacientes acud\u00edan \u00abtarde\u00bb al m\u00e9dico, cuando los s\u00edntomas estaban avanzados. \u00abPero se ha producido un cambio y ahora los especialistas mencionan <strong>la falta de tiempo en consulta,<\/strong> que es lo que facilita un buen diagn\u00f3stico, como la principal barrera\u00bb a la hora de diagnosticar la patolog\u00eda neurodegenerativa en las fases iniciales, seg\u00fan ha explicado este jueves Pablo Mart\u00ednez Lage, director cient\u00edfico del Centro de Investigaci\u00f3n y Cl\u00ednica Memoria de la Fundaci\u00f3n CITA-Alzheimer.<\/p>\n<p class=\"ft-text ft-helper-align-justify\">Asimismo, la falta de <strong>formaci\u00f3n<\/strong> espec\u00edfica sobre la dolencia o la falta de <strong>equipos o recursos <\/strong>son otras de las principales dificultades a la hora de llevar a cabo diagn\u00f3sticos tempranos, seg\u00fan revelan los estudios Map y Alma-Care, en los que han participado m\u00e1s de 140 expertos de diferentes especialidades, que han sido presentados este jueves por la farmac\u00e9utica Lilly con motivo del D\u00eda Mundial del Alzh\u00e9imer, que se celebra este 21 de septiembre.<\/p>\n<p class=\"ft-text ft-helper-align-justify\">Ambos trabajos tienen como objetivo identificar c\u00f3mo afrontar el diagn\u00f3stico, el tratamiento y el seguimiento de las personas con enfermedad de Alzheimer en Espa\u00f1a a nivel sanitario, pol\u00edtico y social, as\u00ed como preparar el sistema para incorporar los <strong>\u00faltimos avances terap\u00e9uticos<\/strong> frente a la dolencia, que han sido aprobados por la UE pero a\u00fan no han llegado a Espa\u00f1a.<\/p>\n<p class=\"ft-text\">Las investigaciones revelan que, adem\u00e1s de las barreras al diagn\u00f3stico temprano, la facilidad de <strong>derivaci\u00f3n <\/strong>entre Atenci\u00f3n Primaria y Neurolog\u00eda o Geriatr\u00eda es <strong>moderada y lenta<\/strong>, seg\u00fan los especialistas. Por ejemplo, los pacientes tardan menos de tres meses en ser derivados desde Atenci\u00f3n Primaria, pero pueden pasar m\u00e1s de seis meses hasta su primera cita con un especialista, en total unos <strong>nueve meses de espera<\/strong>. Asimismo, los m\u00e9dicos indican que la <strong>informaci\u00f3n <\/strong>que se ofrece en el diagn\u00f3stico es \u00abinsuficiente\u00bb para la toma de decisiones sobre la enfermedad.<\/p>\n<p>La comunicaci\u00f3n<\/p>\n<p class=\"ft-text ft-helper-align-justify\">\u201cLos resultados de mapEA se\u00f1alan que el diagn\u00f3stico de la enfermedad de Alzheimer ha mejorado algo en los \u00faltimos diez a\u00f1os, pero queda <strong>mucho trabajo a\u00fan <\/strong>por acercar a la poblaci\u00f3n los avances en la investigaci\u00f3n en lo que se refiere al uso de biomarcadores y a la comunicaci\u00f3n de un diagn\u00f3stico temprano y fiable. Es de destacar que estos avances no se han realizado ni con el plan nacional ni con la estrategia de enfermedades neurodegenerativas, sino que se ha debido fundamentalmente al inter\u00e9s, esfuerzo y dedicaci\u00f3n de profesionales de Atenci\u00f3n Primaria, Neurolog\u00eda, Geriatr\u00eda, Psiquiatr\u00eda o Enfermer\u00eda, por decir algunas, as\u00ed como de las propias asociaciones de familiares\u201d, ha destacado Mart\u00ednez Lage en la presentaci\u00f3n de los estudios.<\/p>\n<p class=\"ft-text\">En concreto, el proyecto Alma-Care se ha centrado en identificar los <strong>puntos cr\u00edticos y los recursos necesarios<\/strong> para trasladar a la pr\u00e1ctica cl\u00ednica las innovaciones terap\u00e9uticas, dado que han sido aprobados recientemente los dos primeros f\u00e1rmacos que ralentizan la enfermedad, Lecanemab y Donanemab, pero a\u00fan no han sido incorporados a la cartera de servicios del sistema de salud espa\u00f1ol. El objetivo del estudio es definir unas recomendaciones, resultado del consenso de un panel multidisciplinar de expertos a nivel nacional.<\/p>\n<p>Las recomendaciones<\/p>\n<p class=\"ft-text ft-helper-align-justify\">Y, de las m\u00e1s de 40 recomendaciones que han sido elaboradas por 50 expertos de diferentes especialidades, 14 de ellas se han identificado como prioritarias. Seg\u00fan la <strong>doctora Raquel S\u00e1nchez-Valle, <\/strong>neur\u00f3loga en el Hospital Cl\u00ednic de Barcelona y coordinadora del Grupo de estudio de conducta y demencias de la Sociedad Espa\u00f1ola de Neurolog\u00eda, se necesitan \u201cdiagn\u00f3sticos tempranos y de precisi\u00f3n, y para ello, urge establecer circuitos \u00e1giles de derivaci\u00f3n entre niveles asistenciales y disponer de las herramientas adecuadas, incluyendo <strong>biomarcadores\u00bb<\/strong>.<\/p>\n<p class=\"ft-text ft-helper-align-justify\">\u00abY no solo eso: necesitamos equipos cl\u00ednicos expertos bien dimensionados, y que cuenten con neur\u00f3logos, enfermeras, neurorradi\u00f3logos, entre otros profesionales sanitarios; as\u00ed como los recursos adecuados, como hospitales de d\u00eda, resonancias magn\u00e9ticas y atenci\u00f3n continuada\u201d. \u201cEstos 14 puntos\u201d, a\u00f1ade la doctora S\u00e1nchez-Valle, \u201cson condici\u00f3n &#8216;sine qua non&#8217; para llevar a cabo la selecci\u00f3n de <strong>personas candidatas a las nuevas terapias<\/strong> y la administraci\u00f3n de f\u00e1rmacos y su monitorizaci\u00f3n. De ah\u00ed su car\u00e1cter prioritario\u201d.<\/p>\n<p data-close=\"closedContent\" class=\"subscribeHideForDisplay\">Suscr\u00edbete para seguir leyendo<\/p>\n","protected":false},"excerpt":{"rendered":"Hace a\u00f1os la falta de diagn\u00f3stico temprano en la enfermedad de Alzh\u00e9imer se deb\u00eda a que los pacientes&hellip;\n","protected":false},"author":2,"featured_media":126123,"comment_status":"","ping_status":"","sticky":false,"template":"","format":"standard","meta":{"footnotes":""},"categories":[92],"tags":[3350,38857,7291,2996,1293,25,24,1998,165,166,23,159],"class_list":{"0":"post-126122","1":"post","2":"type-post","3":"status-publish","4":"format-standard","5":"has-post-thumbnail","7":"category-salud","8":"tag-alzheimer","9":"tag-consulta","10":"tag-diagnostico","11":"tag-enfermedad","12":"tag-enfermedades","13":"tag-es","14":"tag-espana","15":"tag-falta","16":"tag-health","17":"tag-salud","18":"tag-spain","19":"tag-tiempo"},"share_on_mastodon":{"url":"","error":""},"_links":{"self":[{"href":"https:\/\/www.europesays.com\/es\/wp-json\/wp\/v2\/posts\/126122","targetHints":{"allow":["GET"]}}],"collection":[{"href":"https:\/\/www.europesays.com\/es\/wp-json\/wp\/v2\/posts"}],"about":[{"href":"https:\/\/www.europesays.com\/es\/wp-json\/wp\/v2\/types\/post"}],"author":[{"embeddable":true,"href":"https:\/\/www.europesays.com\/es\/wp-json\/wp\/v2\/users\/2"}],"replies":[{"embeddable":true,"href":"https:\/\/www.europesays.com\/es\/wp-json\/wp\/v2\/comments?post=126122"}],"version-history":[{"count":0,"href":"https:\/\/www.europesays.com\/es\/wp-json\/wp\/v2\/posts\/126122\/revisions"}],"wp:featuredmedia":[{"embeddable":true,"href":"https:\/\/www.europesays.com\/es\/wp-json\/wp\/v2\/media\/126123"}],"wp:attachment":[{"href":"https:\/\/www.europesays.com\/es\/wp-json\/wp\/v2\/media?parent=126122"}],"wp:term":[{"taxonomy":"category","embeddable":true,"href":"https:\/\/www.europesays.com\/es\/wp-json\/wp\/v2\/categories?post=126122"},{"taxonomy":"post_tag","embeddable":true,"href":"https:\/\/www.europesays.com\/es\/wp-json\/wp\/v2\/tags?post=126122"}],"curies":[{"name":"wp","href":"https:\/\/api.w.org\/{rel}","templated":true}]}}