{"id":126126,"date":"2025-09-19T21:50:13","date_gmt":"2025-09-19T21:50:13","guid":{"rendered":"https:\/\/www.europesays.com\/es\/126126\/"},"modified":"2025-09-19T21:50:13","modified_gmt":"2025-09-19T21:50:13","slug":"una-de-las-mejores-funciones-de-ios-26-es-su-gestion-de-bateria-tu-iphone-tendra-mas-autonomia-smartphones-smartlife","status":"publish","type":"post","link":"https:\/\/www.europesays.com\/es\/126126\/","title":{"rendered":"Una de las mejores funciones de iOS 26 es su gesti\u00f3n de bater\u00eda: tu iPhone tendr\u00e1 m\u00e1s autonom\u00eda | Smartphones | Smartlife"},"content":{"rendered":"<p class=\"\"> Si llevas a\u00f1os utilizando un <b>iPhone<\/b>, sabr\u00e1s que uno de los grandes problemas de la familia de tel\u00e9fonos del fabricante con sede en Cupertino radica en la <b>baj\u00edsima autonom\u00eda que ofrecen los diferentes modelos que ofrece Apple. <\/b><\/p>\n<p class=\"\"> Un fallo que la compa\u00f1\u00eda lleva a\u00f1os arrastrando y que no ha sabido solucionar. Hasta ahora. Y es que uno de los cambios m\u00e1s \u00fatiles de <b>iOS 26<\/b>, el nuevo sistema operativo de Apple para iPhone, est\u00e1 en un apartado que suele preocupar a todos los usuarios: la bater\u00eda.<\/p>\n<p class=\"\">Tal y como <a href=\"https:\/\/9to5mac.com\/2025\/09\/18\/ios-26s-new-battery-feature-can-help-save-a-draining-iphone\/\" target=\"_self\" rel=\"nofollow noopener\" title=\"https:\/\/9to5mac.com\/2025\/09\/18\/ios-26s-new-battery-feature-can-help-save-a-draining-iphone\/\">explican desde 9to5Mac,<\/a> la compa\u00f1\u00eda<b> ha redise\u00f1ado por completo la secci\u00f3n de<\/b> <b>Bater\u00eda en Ajustes en iOS 26<\/b>, incorporando funciones basadas en inteligencia artificial y nuevas alertas que ayudan a detectar qu\u00e9 aplicaciones consumen m\u00e1s energ\u00eda de lo que deber\u00edan.<\/p>\n<p> Instala iOS 26 en tu iPhone para mejorar su autonom\u00eda<\/p>\n<p class=\"\">Desde el citado medio se\u00f1alan que, en iOS 26, la pantalla de Bater\u00eda ya no se limita a mostrar estad\u00edsticas y gr\u00e1ficos de uso. Ahora incorpora un sistema que compara el consumo actual con lo que Apple considera un <b>uso normal<\/b> del dispositivo. Si una aplicaci\u00f3n o proceso destaca por un gasto an\u00f3malo, se resalta en <b>color naranja<\/b>, lo que permite identificar r\u00e1pidamente al culpable.<\/p>\n<p><img decoding=\"auto\" class=\"_re lazyload a_m-h\" height=\"233\"  width=\"414\"  src=\"https:\/\/www.europesays.com\/es\/wp-content\/uploads\/2025\/09\/XQAALNPNHFDKJK4D4VHBTG74EM.jpg\" loading=\"lazy\"\/>iOS 26 en un iPhoneApple<\/p>\n<p class=\"\">Adem\u00e1s, el sistema tambi\u00e9n <b>ofrece sugerencias<\/b> para corregirlo. En algunos casos, puede recomendar limitar el uso en segundo plano de una app, desactivar funciones concretas o incluso forzar una actualizaci\u00f3n pendiente que est\u00e9 provocando una peor autonom\u00eda.<\/p>\n<p class=\"\">Y parte del m\u00e9rito se lo lleva la inteligencia artificial. S\u00ed, Apple Intelligence est\u00e1 muy lejos de lo que se esperaba, pero es capaz de ajustar diferentes procesos internos seg\u00fan los h\u00e1bitos del usuario. Esto se suma al historial detallado de consumo, que ahora se presenta con gr\u00e1ficos m\u00e1s intuitivos y f\u00e1ciles de interpretar.<\/p>\n<p class=\"\">Con este cambio, iOS 26 promete <b>reducir la ansiedad por la carga<\/b>, evitar p\u00e9rdidas inesperadas de autonom\u00eda y alargar la vida \u00fatil de la bater\u00eda al optimizar su uso. As\u00ed que estamos ante una de las mejoras m\u00e1s importantes de esta versi\u00f3n del sistema operativo de Apple.<\/p>\n<p class=\"\">Recordemos que hoy se acaban de poner a la venta los iPhone 17, iPhone 17 Pro, iPhone 17 Pro Max, adem\u00e1s del iPhone Air, por lo que habr\u00e1 que esperar un poco a que los usuarios dicten sentencia. Pero parece que iOS 26 va a mejorar la autonom\u00eda de tu tel\u00e9fono. <b>Esperemos que Apple empiece a ofrecer un tiempo de uso m\u00e1s acorde al precio de sus productos&#8230;<\/b><\/p>\n","protected":false},"excerpt":{"rendered":"Si llevas a\u00f1os utilizando un iPhone, sabr\u00e1s que uno de los grandes problemas de la familia de tel\u00e9fonos&hellip;\n","protected":false},"author":2,"featured_media":126127,"comment_status":"","ping_status":"","sticky":false,"template":"","format":"standard","meta":{"footnotes":""},"categories":[81],"tags":[2823,119,123,124,2308,25,24,2824,2822,117,121,122,23,118,120,2307],"class_list":{"0":"post-126126","1":"post","2":"type-post","3":"status-publish","4":"format-standard","5":"has-post-thumbnail","7":"category-ciencia-y-tecnologia","8":"tag-apple","9":"tag-ciencia","10":"tag-ciencia-y-tecnologia","11":"tag-cienciaytecnologia","12":"tag-empresas","13":"tag-es","14":"tag-espana","15":"tag-ios","16":"tag-iphone","17":"tag-science","18":"tag-science-and-technology","19":"tag-scienceandtechnology","20":"tag-spain","21":"tag-technology","22":"tag-tecnologia","23":"tag-telefonia"},"share_on_mastodon":{"url":"","error":""},"_links":{"self":[{"href":"https:\/\/www.europesays.com\/es\/wp-json\/wp\/v2\/posts\/126126","targetHints":{"allow":["GET"]}}],"collection":[{"href":"https:\/\/www.europesays.com\/es\/wp-json\/wp\/v2\/posts"}],"about":[{"href":"https:\/\/www.europesays.com\/es\/wp-json\/wp\/v2\/types\/post"}],"author":[{"embeddable":true,"href":"https:\/\/www.europesays.com\/es\/wp-json\/wp\/v2\/users\/2"}],"replies":[{"embeddable":true,"href":"https:\/\/www.europesays.com\/es\/wp-json\/wp\/v2\/comments?post=126126"}],"version-history":[{"count":0,"href":"https:\/\/www.europesays.com\/es\/wp-json\/wp\/v2\/posts\/126126\/revisions"}],"wp:featuredmedia":[{"embeddable":true,"href":"https:\/\/www.europesays.com\/es\/wp-json\/wp\/v2\/media\/126127"}],"wp:attachment":[{"href":"https:\/\/www.europesays.com\/es\/wp-json\/wp\/v2\/media?parent=126126"}],"wp:term":[{"taxonomy":"category","embeddable":true,"href":"https:\/\/www.europesays.com\/es\/wp-json\/wp\/v2\/categories?post=126126"},{"taxonomy":"post_tag","embeddable":true,"href":"https:\/\/www.europesays.com\/es\/wp-json\/wp\/v2\/tags?post=126126"}],"curies":[{"name":"wp","href":"https:\/\/api.w.org\/{rel}","templated":true}]}}