{"id":126130,"date":"2025-09-19T21:52:06","date_gmt":"2025-09-19T21:52:06","guid":{"rendered":"https:\/\/www.europesays.com\/es\/126130\/"},"modified":"2025-09-19T21:52:06","modified_gmt":"2025-09-19T21:52:06","slug":"el-ejercito-israeli-promete-emplear-fuerza-sin-precedentes-en-ciudad-de-gaza","status":"publish","type":"post","link":"https:\/\/www.europesays.com\/es\/126130\/","title":{"rendered":"El ej\u00e9rcito israel\u00ed promete emplear \u00abfuerza sin precedentes\u00bb en Ciudad de Gaza"},"content":{"rendered":"<p>    <img src=\"https:\/\/www.europesays.com\/es\/wp-content\/uploads\/2025\/09\/2025-09-19T123A173A52Z-90033872.jpg\" width=\"1024\" height=\"682\" alt=\"\" loading=\"eager\" decoding=\"sync\" fetchpriority=\"high\"\/><\/p>\n<p>            afp_tickers        <\/p>\n<p>        Este contenido fue publicado en    <\/p>\n<p>        19 septiembre 2025 &#8211; 22:30\n<\/p>\n<p>El ej\u00e9rcito israel\u00ed advirti\u00f3 este viernes que emplear\u00e1 una \u00abfuerza sin precedentes\u00bb en Ciudad de Gaza, y urgi\u00f3 a los habitantes a huir hacia el sur ante la intensificaci\u00f3n de su ofensiva terrestre en este territorio palestino.<\/p>\n<p>Israel lanz\u00f3 el martes una gran ofensiva terrestre y a\u00e9rea sobre la mayor urbe de la Franja de Gaza con el fin de \u00abeliminar\u00bb al movimiento islamista Ham\u00e1s, cuyo ataque el 7 de octubre de 2023 en suelo israel\u00ed desencaden\u00f3 la guerra.<\/p>\n<p>\u00abLas Fuerzas de Defensa de Israel seguir\u00e1n actuando con una fuerza sin precedentes contra Ham\u00e1s y otras organizaciones terroristas\u00bb, escribi\u00f3 en X el portavoz militar israel\u00ed en lengua \u00e1rabe, Avichay Adraee.<\/p>\n<p>La advertencia de este viernes se produce antes de los d\u00edas fuertes de la Asamblea General de la ONU en Nueva York, una cita en la que varias potencias occidentales como Francia y Reino Unido anunciaron que reconocer\u00e1n al Estado palestino.<\/p>\n<p>El conflicto ha provocado una cat\u00e1strofe humanitaria en el devastado territorio, y desde que Israel anunci\u00f3 el inicio de su ofensiva en la principal ciudad del enclave, una extensa fila de palestinos huye hacia el sur a pie o en carretas tiradas por burros.\u00a0<\/p>\n<p>La Defensa Civil, que opera bajo la autoridad del gobierno de Ham\u00e1s, indic\u00f3 este viernes que 450.000 personas huyeron de Ciudad de Gaza desde finales de agosto.<\/p>\n<p>Mientras el ej\u00e9rcito israel\u00ed calcula que \u00abalrededor de 480.000\u00bb palestinos abandonaron la ciudad.<\/p>\n<p>Pero para muchos, el viaje es demasiado caro y no saben d\u00f3nde ir.<\/p>\n<p>\u00abNuestra vida se convirti\u00f3 en una sucesi\u00f3n de explosiones y peligros\u00bb, relat\u00f3 por tel\u00e9fono a AFP Sami Baroud, desde el oeste de Ciudad de Gaza.\u00a0<\/p>\n<p>\u00abLo hemos perdido todo: nuestras vidas, nuestro futuro, nuestra sensaci\u00f3n de seguridad. \u00bfC\u00f3mo puedo evacuar si ni siquiera puedo permitirme el transporte?\u00bb, se pregunt\u00f3 este desplazado de 35 a\u00f1os.<\/p>\n<p>Seg\u00fan los balances entregados por los hospitales de Gaza contactados por AFP, los ataques israel\u00edes mataron al menos a 33 personas en toda la Franja este viernes, incluyendo 18 fallecidos en Ciudad de Gaza.\u00a0<\/p>\n<p>Israel anunci\u00f3 el mi\u00e9rcoles que permitir\u00eda la apertura de una nueva ruta \u00abtemporal\u00bb para que la poblaci\u00f3n huyera de Ciudad de Gaza a trav\u00e9s de la carretera Salah al Din, pero advirti\u00f3 que solo permanecer\u00eda abierta hasta este viernes al mediod\u00eda.<\/p>\n<p>El vocero Avichay Adraee anunci\u00f3 que esta carretera, la principal v\u00eda norte-sur que atraviesa la Franja, hab\u00eda cerrado al tr\u00e1fico en direcci\u00f3n del sur.\u00a0<\/p>\n<p>Actualmente, la \u00fanica ruta posible hacia el sur es por la calle Al Rashid, a\u00f1adi\u00f3 el portavoz, que inst\u00f3 a los habitantes a \u00abaprovechar esta oportunidad y unirse a los cientos de miles de residentes de la ciudad que se trasladaron al sur, a la zona humanitaria\u00bb.<\/p>\n<p>\u2013 Denuncia de \u00abgenocidio\u00bb \u2013<\/p>\n<p>La ofensiva en Ciudad de Gaza, respaldada por Estados Unidos, coincidi\u00f3 con la publicaci\u00f3n el martes de un informe de\u00a0una comisi\u00f3n independiente nombrada por la ONU.<\/p>\n<p>En el documento, la comisi\u00f3n acus\u00f3 a Israel de cometer un \u00abgenocidio\u00bb en el territorio palestino y responsabiliz\u00f3 al primer ministro Benjamin Netanyahu y otros altos cargos. Israel rechaz\u00f3 esta acusaci\u00f3n y tach\u00f3 el informe de \u00absesgado y mentiroso\u00bb.<\/p>\n<p>Adem\u00e1s del elevado costo, la poblaci\u00f3n de Gaza enfrenta los riesgos de evacuar en medio de los bombardeos.\u00a0<\/p>\n<p>\u00abLlevamos varios d\u00edas intentando evacuar hacia el sur, pero no hemos podido encontrar ning\u00fan medio de transporte\u00bb, cont\u00f3 a AFP Jaled al Majdalawi, un palestino desplazado de 32 a\u00f1os, que relat\u00f3 que los bombardeos son \u00abintensos y continuos\u00bb.\u00a0<\/p>\n<p>Nivin Ahmed, de 50 a\u00f1os, huy\u00f3 el jueves hacia Deir al Balah, en el centro de la Franja, con siete miembros de su familia.\u00a0<\/p>\n<p>\u00abMi hijo menor lloraba de cansancio. Nos turn\u00e1bamos para arrastrar un peque\u00f1o carrito con algunas de nuestras pertenencias\u00bb, describi\u00f3, al precisar que caminaron \u00abm\u00e1s de 15 km\u00bb.<\/p>\n<p>Mona Abdel Karim, de 36 a\u00f1os, dijo que no logr\u00f3 conseguir transporte para ir hacia el sur. Tuvo que dormir con su familia en la costanera de Al Rashid durante dos noches esperando a un conductor.\u00a0<\/p>\n<p>\u00abSiento que estoy a punto de explotar. No podemos ir a pie: los padres de mi esposo son ancianos y est\u00e1n enfermos, y los ni\u00f1os est\u00e1n demasiado d\u00e9biles para caminar\u00bb, cont\u00f3.<\/p>\n<p>La guerra se desat\u00f3 el 7 de octubre de 2023, cuando comandos islamistas mataron en Israel a 1.219 personas, la mayor\u00eda de ellas civiles, seg\u00fan un recuento de AFP basado en fuentes oficiales.<\/p>\n<p>La campa\u00f1a de represalia israel\u00ed mat\u00f3 al menos a 65.174 palestinos en la Franja de Gaza, tambi\u00e9n en su mayor parte civiles, seg\u00fan cifras del Ministerio de Salud del territorio -gobernado por Ham\u00e1s-, que la ONU considera fiables.<\/p>\n<p>my-acc\/avl-sag\/pb-an\/hgs\/val<\/p>\n","protected":false},"excerpt":{"rendered":"afp_tickers Este contenido fue publicado en 19 septiembre 2025 &#8211; 22:30 El ej\u00e9rcito israel\u00ed advirti\u00f3 este viernes que&hellip;\n","protected":false},"author":2,"featured_media":126131,"comment_status":"","ping_status":"","sticky":false,"template":"","format":"standard","meta":{"footnotes":""},"categories":[42],"tags":[635,17,18,636,83,13,14,11,61,62,63,86,64,19,20,9,10,15,16,88,90,12,21,22,65,66,67],"class_list":{"0":"post-126130","1":"post","2":"type-post","3":"status-publish","4":"format-standard","5":"has-post-thumbnail","7":"category-internacional","8":"tag-armed-conflict","9":"tag-breaking-news","10":"tag-breakingnews","11":"tag-conflict","12":"tag-diplomacy","13":"tag-featured-news","14":"tag-featurednews","15":"tag-headlines","16":"tag-internacional","17":"tag-international","18":"tag-international-news","19":"tag-international-relations","20":"tag-internationalnews","21":"tag-latest-news","22":"tag-latestnews","23":"tag-news","24":"tag-noticias","25":"tag-noticias-destacadas","26":"tag-noticiasdestacadas","27":"tag-politics","28":"tag-ticker","29":"tag-titulares","30":"tag-ultimas-noticias","31":"tag-ultimasnoticias","32":"tag-world","33":"tag-world-news","34":"tag-worldnews"},"share_on_mastodon":{"url":"","error":""},"_links":{"self":[{"href":"https:\/\/www.europesays.com\/es\/wp-json\/wp\/v2\/posts\/126130","targetHints":{"allow":["GET"]}}],"collection":[{"href":"https:\/\/www.europesays.com\/es\/wp-json\/wp\/v2\/posts"}],"about":[{"href":"https:\/\/www.europesays.com\/es\/wp-json\/wp\/v2\/types\/post"}],"author":[{"embeddable":true,"href":"https:\/\/www.europesays.com\/es\/wp-json\/wp\/v2\/users\/2"}],"replies":[{"embeddable":true,"href":"https:\/\/www.europesays.com\/es\/wp-json\/wp\/v2\/comments?post=126130"}],"version-history":[{"count":0,"href":"https:\/\/www.europesays.com\/es\/wp-json\/wp\/v2\/posts\/126130\/revisions"}],"wp:featuredmedia":[{"embeddable":true,"href":"https:\/\/www.europesays.com\/es\/wp-json\/wp\/v2\/media\/126131"}],"wp:attachment":[{"href":"https:\/\/www.europesays.com\/es\/wp-json\/wp\/v2\/media?parent=126130"}],"wp:term":[{"taxonomy":"category","embeddable":true,"href":"https:\/\/www.europesays.com\/es\/wp-json\/wp\/v2\/categories?post=126130"},{"taxonomy":"post_tag","embeddable":true,"href":"https:\/\/www.europesays.com\/es\/wp-json\/wp\/v2\/tags?post=126130"}],"curies":[{"name":"wp","href":"https:\/\/api.w.org\/{rel}","templated":true}]}}