{"id":126132,"date":"2025-09-19T21:53:04","date_gmt":"2025-09-19T21:53:04","guid":{"rendered":"https:\/\/www.europesays.com\/es\/126132\/"},"modified":"2025-09-19T21:53:04","modified_gmt":"2025-09-19T21:53:04","slug":"el-jefe-de-la-armada-recuerda-que-su-mision-es-ayudar-a-los-migrantes-en-peligro","status":"publish","type":"post","link":"https:\/\/www.europesays.com\/es\/126132\/","title":{"rendered":"El jefe de la Armada recuerda que su misi\u00f3n es \u00abayudar\u00bb a los migrantes en peligro"},"content":{"rendered":"<p>El jefe del Estado Mayor de la Armada (AJEMA), el almirante general Antonio Pi\u00f1eiro, ha replicado este viernes a Vox que, ante un cayuco en el mar, la misi\u00f3n de la Armada<strong> es \u00abayudar y salvar\u00bb a los ocupantes de la embarcaci\u00f3n<\/strong> si se encuentran en peligro, y no devolverlos o bloquearles el paso, como han propuesto desde el partido de Santiago Abascal.<\/p>\n<p>As\u00ed lo ha indicado durante su intervenci\u00f3n en el Foro de la Nueva Defensa y el Espacio, en respuesta al dirigente de Vox, Javier Ortega Smith, quien le ha preguntado si ve\u00eda necesario<strong> incrementar la presencia de barcos de la Armada <\/strong>en el Estrecho y en aguas de Canarias, Ceuta y Melilla para poner freno a la inmigraci\u00f3n irregular que llega a las costas espa\u00f1olas a trav\u00e9s de embarcaciones.<\/p>\n<p>Vox ha propuesto en varias ocasiones desplegar a la Armada en las rutas migratorias habituales para bloquear la entrada de embarcaciones en territorio espa\u00f1ol. \u00abNo se puede, no estamos para eso\u00bb, ha dicho rotundamente el AJEMA. <\/p>\n<p>\u00abQue nadie piense que la Armada va a combatir la inmigraci\u00f3n\u00bb<\/p>\n<p>\u00abQue nadie piense que la Armada va a estar combatiendo en la mar la inmigraci\u00f3n ilegal\u00bb, ha recalcado el almirante Pi\u00f1eiro, que ha precisado que<strong> pueden identificar los buques<\/strong> que transportan seres humanos de manera irregular <strong>o ponerlos al servicio de la justicia,<\/strong> como se est\u00e1 haciendo en la <a href=\"https:\/\/www.rtve.es\/noticias\/20100330\/operacion-atalanta-mayor-mision-naval-ue-contra-pirateria-oceano-indico\/323976.shtml\" rel=\"nofollow noopener\" target=\"_blank\">Operaci\u00f3n Atalanta de la Uni\u00f3n Europea<\/a>. \u00abPero que nadie espere que un barco de la Armada ante una situaci\u00f3n de ese tipo vaya a proceder a apartarlos\u00bb, ha a\u00f1adido.<\/p>\n<p>\u00abEn el tema de inmigraci\u00f3n voy a ser muy claro: <strong>es mandato de la ley del mar salvar a los migrantes si est\u00e1n en peligro<\/strong>\u00ab, ha insistido el AJEMA. \u00abLa \u00fanica misi\u00f3n de la Armada y de cualquier Armada occidental es ayudar, que no quepa ninguna duda al respecto\u00bb, ha abundado. <\/p>\n<blockquote>\n<p>\u201cEs mandato de la ley del mar salvar a los migrantes si est\u00e1n en peligro\u201c<\/p>\n<\/blockquote>\n<p>Para ilustrar<strong> la crudeza que se vive en el mar ante ese tipo de situaciones,<\/strong> el AJEMA se ha referido tambi\u00e9n a <a href=\"https:\/\/www.rtve.es\/noticias\/20190329\/ue-prorroga-operacion-sophia-para-abordar-crisis-migratoria-mediterraneo-pero-suspende-envio-barcos\/1912940.shtml\" rel=\"nofollow noopener\" target=\"_blank\">la Operaci\u00f3n Sophia de la UE,<\/a> que buscaba desarticular redes de tr\u00e1fico de personas en el Mediterr\u00e1neo y en la que participaron fragatas espa\u00f1olas en labores humanitarias, una de las misiones \u00abque m\u00e1s ha impactado a mi gente\u00bb.<\/p>\n<p>El almirante ha relatado<strong> la \u00abimpotencia de tener 250 o 300 personas en el agua <\/strong>que no saben nadar, que se van a ahogar, y t\u00fa con una embarcaci\u00f3n en la que puedes meter 10 o 20 para sacarlos del agua y que tengas que escoger entre uno y otro sabiendo que en el tiempo que vas y vuelves al que vas a recoger ya no est\u00e1. Eso es muy duro\u00bb, ha lamentado. <\/p>\n<p>Vox acusa a S\u00e1nchez de \u00abasaltar\u00bb la Armada <\/p>\n<p>Las palabras del jefe de la Armada han sido respondidas por Vox en la cuenta de la red X, en la que han acusado al Gobierno de Pedro S\u00e1nchez de estar \u00abasaltando\u00bb la instituci\u00f3n \u00abtratando de ponerla a su servicio de inter\u00e9s partidista\u00bb.<\/p>\n<p>\u00abUna pena que algunos se dejen tan f\u00e1cilmente\u00bb, a\u00f1ade el partido de Santiago Abascal, que subraya que \u00abLa Armada, igual que los Ej\u00e9rcitos del Aire y de Tierra, est\u00e1n para defender a los espa\u00f1oles. Y para garantizar la integridad territorial, la independencia y la soberan\u00eda\u00bb.<\/p>\n","protected":false},"excerpt":{"rendered":"El jefe del Estado Mayor de la Armada (AJEMA), el almirante general Antonio Pi\u00f1eiro, ha replicado este viernes&hellip;\n","protected":false},"author":2,"featured_media":126133,"comment_status":"","ping_status":"","sticky":false,"template":"","format":"standard","meta":{"footnotes":""},"categories":[8],"tags":[17,18,25,24,13,14,11,19,20,9,10,15,16,23,12,21,22],"class_list":{"0":"post-126132","1":"post","2":"type-post","3":"status-publish","4":"format-standard","5":"has-post-thumbnail","7":"category-espana","8":"tag-breaking-news","9":"tag-breakingnews","10":"tag-es","11":"tag-espana","12":"tag-featured-news","13":"tag-featurednews","14":"tag-headlines","15":"tag-latest-news","16":"tag-latestnews","17":"tag-news","18":"tag-noticias","19":"tag-noticias-destacadas","20":"tag-noticiasdestacadas","21":"tag-spain","22":"tag-titulares","23":"tag-ultimas-noticias","24":"tag-ultimasnoticias"},"share_on_mastodon":{"url":"","error":""},"_links":{"self":[{"href":"https:\/\/www.europesays.com\/es\/wp-json\/wp\/v2\/posts\/126132","targetHints":{"allow":["GET"]}}],"collection":[{"href":"https:\/\/www.europesays.com\/es\/wp-json\/wp\/v2\/posts"}],"about":[{"href":"https:\/\/www.europesays.com\/es\/wp-json\/wp\/v2\/types\/post"}],"author":[{"embeddable":true,"href":"https:\/\/www.europesays.com\/es\/wp-json\/wp\/v2\/users\/2"}],"replies":[{"embeddable":true,"href":"https:\/\/www.europesays.com\/es\/wp-json\/wp\/v2\/comments?post=126132"}],"version-history":[{"count":0,"href":"https:\/\/www.europesays.com\/es\/wp-json\/wp\/v2\/posts\/126132\/revisions"}],"wp:featuredmedia":[{"embeddable":true,"href":"https:\/\/www.europesays.com\/es\/wp-json\/wp\/v2\/media\/126133"}],"wp:attachment":[{"href":"https:\/\/www.europesays.com\/es\/wp-json\/wp\/v2\/media?parent=126132"}],"wp:term":[{"taxonomy":"category","embeddable":true,"href":"https:\/\/www.europesays.com\/es\/wp-json\/wp\/v2\/categories?post=126132"},{"taxonomy":"post_tag","embeddable":true,"href":"https:\/\/www.europesays.com\/es\/wp-json\/wp\/v2\/tags?post=126132"}],"curies":[{"name":"wp","href":"https:\/\/api.w.org\/{rel}","templated":true}]}}