{"id":126134,"date":"2025-09-19T21:54:30","date_gmt":"2025-09-19T21:54:30","guid":{"rendered":"https:\/\/www.europesays.com\/es\/126134\/"},"modified":"2025-09-19T21:54:30","modified_gmt":"2025-09-19T21:54:30","slug":"espana-ofrecera-a-la-otan-tres-eurofighter-un-avion-a-400-y-un-radar-a-la-nueva-operacion-centinela-oriental-sociedad","status":"publish","type":"post","link":"https:\/\/www.europesays.com\/es\/126134\/","title":{"rendered":"Espa\u00f1a ofrecer\u00e1 a la OTAN tres Eurofighter, un avi\u00f3n A-400 y un radar a la nueva operaci\u00f3n Centinela Oriental | Sociedad"},"content":{"rendered":"<p>Espa\u00f1a ofrecer\u00e1 a la OTAN tres cazas Eurofighter, un avi\u00f3n de transporte militar A-400 y un radar de vigilancia a\u00e9rea &#8211; similar al radar AN\/TPS-43M del del destacamento &#8216;Tigru&#8217; que Espa\u00f1a tiene actualmente en Ruman\u00eda-, en el marco de la nueva operaci\u00f3n &#8216;Centinela Oriental&#8217;, que busca reforzar el flanco Este europeo ante la amenaza de Putin, seg\u00fan confirman a la SER fuentes de Defensa. <\/p>\n<p>Esta es la oferta que ha puesto Espa\u00f1a sobre la mesa del Consejo Militar de la OTAN que se ha celebrado este viernes, donde cada pa\u00eds de la Alianza Atl\u00e1ntica ha ofrecido sus capacidades para reforzar la presencia militar ante la escala de las provocaciones de Rusia.<\/p>\n<p>Defensa detalla que esos medios que aportar\u00e1 Espa\u00f1a no se van a detraer de los aviones que Espa\u00f1a ya tiene desplegado en Lituania dentro de la misi\u00f3n de Vigilancia A\u00e9rea Reforzada como complemento a la Polic\u00eda A\u00e9rea del B\u00e1ltico, que comenz\u00f3 en 2004 para disuadir y defender su flanco este ante cualquier agresi\u00f3n o amenaza de agresi\u00f3n. <\/p>\n<p>En la actualidad, el DAT Vilkas est\u00e1 formado por 8 aviones C.16 Eurofighter del Ala 11 &#8211; procedentes de Mor\u00f3n de la Frontera-, y unos 150 aviadores de hasta 15 unidades diferentes del Ej\u00e9rcito del Aire\u00a0y\u00a0del\u00a0Espacio.<\/p>\n<p>El Ministerio de Defensa tambi\u00e9n descarta que Espa\u00f1a vaya a enviar un bater\u00eda antia\u00e9rea. <\/p>\n<p>La aportaci\u00f3n de Espa\u00f1a no est\u00e1 cerrada a\u00fan, tampoco donde se desplegar\u00e1n, no se descarta incluso que adem\u00e1s de Polonia, tambi\u00e9n se refuerce en Ruman\u00eda. <\/p>\n","protected":false},"excerpt":{"rendered":"Espa\u00f1a ofrecer\u00e1 a la OTAN tres cazas Eurofighter, un avi\u00f3n de transporte militar A-400 y un radar de&hellip;\n","protected":false},"author":2,"featured_media":126135,"comment_status":"","ping_status":"","sticky":false,"template":"","format":"standard","meta":{"footnotes":""},"categories":[5],"tags":[17,18,25,24,13,14,11,19,20,9,10,15,16,23,12,21,22],"class_list":{"0":"post-126134","1":"post","2":"type-post","3":"status-publish","4":"format-standard","5":"has-post-thumbnail","7":"category-titulares","8":"tag-breaking-news","9":"tag-breakingnews","10":"tag-es","11":"tag-espana","12":"tag-featured-news","13":"tag-featurednews","14":"tag-headlines","15":"tag-latest-news","16":"tag-latestnews","17":"tag-news","18":"tag-noticias","19":"tag-noticias-destacadas","20":"tag-noticiasdestacadas","21":"tag-spain","22":"tag-titulares","23":"tag-ultimas-noticias","24":"tag-ultimasnoticias"},"share_on_mastodon":{"url":"","error":""},"_links":{"self":[{"href":"https:\/\/www.europesays.com\/es\/wp-json\/wp\/v2\/posts\/126134","targetHints":{"allow":["GET"]}}],"collection":[{"href":"https:\/\/www.europesays.com\/es\/wp-json\/wp\/v2\/posts"}],"about":[{"href":"https:\/\/www.europesays.com\/es\/wp-json\/wp\/v2\/types\/post"}],"author":[{"embeddable":true,"href":"https:\/\/www.europesays.com\/es\/wp-json\/wp\/v2\/users\/2"}],"replies":[{"embeddable":true,"href":"https:\/\/www.europesays.com\/es\/wp-json\/wp\/v2\/comments?post=126134"}],"version-history":[{"count":0,"href":"https:\/\/www.europesays.com\/es\/wp-json\/wp\/v2\/posts\/126134\/revisions"}],"wp:featuredmedia":[{"embeddable":true,"href":"https:\/\/www.europesays.com\/es\/wp-json\/wp\/v2\/media\/126135"}],"wp:attachment":[{"href":"https:\/\/www.europesays.com\/es\/wp-json\/wp\/v2\/media?parent=126134"}],"wp:term":[{"taxonomy":"category","embeddable":true,"href":"https:\/\/www.europesays.com\/es\/wp-json\/wp\/v2\/categories?post=126134"},{"taxonomy":"post_tag","embeddable":true,"href":"https:\/\/www.europesays.com\/es\/wp-json\/wp\/v2\/tags?post=126134"}],"curies":[{"name":"wp","href":"https:\/\/api.w.org\/{rel}","templated":true}]}}