{"id":126139,"date":"2025-09-19T21:58:17","date_gmt":"2025-09-19T21:58:17","guid":{"rendered":"https:\/\/www.europesays.com\/es\/126139\/"},"modified":"2025-09-19T21:58:17","modified_gmt":"2025-09-19T21:58:17","slug":"golfista-rafa-campos-y-su-esposa-anuncian-llegada-de-su-segundo-bebe-metro-puerto-rico","status":"publish","type":"post","link":"https:\/\/www.europesays.com\/es\/126139\/","title":{"rendered":"Golfista Rafa Campos y su esposa anuncian llegada de su segundo beb\u00e9 \u2013 Metro Puerto Rico"},"content":{"rendered":"<p class=\"c-paragraph\">El golfista puertorrique\u00f1o Rafael \u201cRafa\u201d Campos y su esposa Stephanie Casanova anunciaron con gran emoci\u00f3n que en el 2026 se convertir\u00e1n en padres por segunda ocasi\u00f3n.<\/p>\n<p class=\"c-paragraph\">La pareja, que el pr\u00f3ximo noviembre celebrar\u00e1 el primer cumplea\u00f1os de su primog\u00e9nita, espera ahora la llegada de un var\u00f3n, agrandando la familia y completando as\u00ed \u201cla parejita\u201d.<\/p>\n<p class=\"c-paragraph\">\u201cMi esposa y yo estamos sumamente felices y agradecidos por esta nueva bendici\u00f3n que Dios nos regala. Con nuestra princesa, poder vivir la experiencia de ser padres por primera vez ha sido incre\u00edble, y ahora, con la llegada de nuestro hijo, sentimos que nuestra familia se completa de una manera muy especial\u201d, expres\u00f3 Campos.<\/p>\n<p class=\"c-paragraph\">Por su parte Stephanie, quien ha acompa\u00f1ado a Rafa en cada etapa de su carrera, ha sido un apoyo fundamental tanto dentro como fuera del campo. La pareja, que comparte su entusiasmo por la familia y el deporte, celebra con alegr\u00eda esta nueva bendici\u00f3n y decidieron compartirlo con una emotiva publicaci\u00f3n en las redes sociales.<\/p>\n<p class=\"c-paragraph\">El anuncio llega en un momento clave en la carrera profesional de Rafa, quien concluy\u00f3 la temporada regular 2025 del PGA Tour en el puesto 188 del FedExCup Standings tras competir en el Wyndham Championship en Greensboro, Carolina del Norte.<\/p>\n<p class=\"c-paragraph\">Actualmente, Campos disputa la <b>temporada de oto\u00f1o del PGA Tour<\/b>, dise\u00f1ada para que los jugadores clasificados entre los puestos 71 al 200 puedan mejorar su posicionamiento con miras a entrar dentro de los primeros 100 y asegurar estatus completo para la temporada 2026.<\/p>\n<p class=\"c-paragraph\">Despu\u00e9s de su participaci\u00f3n el pasado fin de semana en el Procore Championship de PGA Tour en Napa, California, Rafa continuar\u00e1 su agenda con una serie de torneos claves:<\/p>\n<p class=\"c-paragraph\">\u2022 Sanderson Farms Championship (2 de octubre \u2013 Jackson, Mississippi)<\/p>\n<p class=\"c-paragraph\">\u2022 Bank of Utah Championship (23-26 de octubre \u2013 Ivins, Utah)<\/p>\n<p class=\"c-paragraph\">\u2022 World Wide Technology Championship (6-9 de noviembre \u2013 Los Cabos, M\u00e9xico)<\/p>\n<p class=\"c-paragraph\">\u2022 Butterfield Bermuda Championship (13-16 de noviembre), torneo que gan\u00f3 en 2024<\/p>\n<p class=\"c-paragraph\">\u2022 RSM Classic (20-23 de noviembre \u2013 St. Simons Island, Georgia)<\/p>\n<p class=\"c-paragraph\">Independientemente de sus resultados este oto\u00f1o, Rafa cuenta con la seguridad de competir en todos los torneos regulares de la temporada 2026 del PGA Tour gracias a su hist\u00f3rica victoria en Bermuda en 2024, la cual le otorg\u00f3 exenci\u00f3n por dos a\u00f1os.<\/p>\n<p class=\"c-paragraph\">\u201cEste ha sido un tiempo de mucho aprendizaje y crecimiento, tanto en mi carrera como en mi vida personal. Ser pap\u00e1 me ha dado un prop\u00f3sito m\u00e1s grande, y ahora con la llegada de nuestro segundo beb\u00e9 me siento con m\u00e1s motivaci\u00f3n a\u00fan para seguir representando a Puerto Rico en el PGA Tour\u201d, a\u00f1adi\u00f3 el golfista de 37 a\u00f1os.<\/p>\n<p class=\"c-paragraph\">La noticia marca otro cap\u00edtulo especial en la vida de Rafa Campos, quien sigue escribiendo su historia dentro y fuera del campo de golf, llevando en alto el nombre de Puerto Rico mientras se prepara para un 2026 lleno de nuevas metas y retos tanto a nivel profesional como personal.<\/p>\n","protected":false},"excerpt":{"rendered":"El golfista puertorrique\u00f1o Rafael \u201cRafa\u201d Campos y su esposa Stephanie Casanova anunciaron con gran emoci\u00f3n que en el&hellip;\n","protected":false},"author":2,"featured_media":126140,"comment_status":"","ping_status":"","sticky":false,"template":"","format":"standard","meta":{"footnotes":""},"categories":[275],"tags":[168,25,24,329,41000,40996,41003,40999,40997,40998,40548,41002,23,167,41001],"class_list":{"0":"post-126139","1":"post","2":"type-post","3":"status-publish","4":"format-standard","5":"has-post-thumbnail","7":"category-golf","8":"tag-deportes","9":"tag-es","10":"tag-espana","11":"tag-golf","12":"tag-golfista-puertorriqueno-rafael-rafa-campos","13":"tag-golfista-rafa-campos","14":"tag-golfista-rafa-campos-y-su-esposa-anuncian-llegada-de-su-segundo-bebe","15":"tag-metro-pr","16":"tag-metro-pr-deportes","17":"tag-periodico-metro","18":"tag-rafa-campos","19":"tag-rafa-campos-anuncia-la-llegada-de-su-segundo-bebe-y-mira-con-optimismo-su-paso-en-esta-temporada-en-el-pga-tour","20":"tag-spain","21":"tag-sports","22":"tag-stephanie-casanova"},"share_on_mastodon":{"url":"","error":""},"_links":{"self":[{"href":"https:\/\/www.europesays.com\/es\/wp-json\/wp\/v2\/posts\/126139","targetHints":{"allow":["GET"]}}],"collection":[{"href":"https:\/\/www.europesays.com\/es\/wp-json\/wp\/v2\/posts"}],"about":[{"href":"https:\/\/www.europesays.com\/es\/wp-json\/wp\/v2\/types\/post"}],"author":[{"embeddable":true,"href":"https:\/\/www.europesays.com\/es\/wp-json\/wp\/v2\/users\/2"}],"replies":[{"embeddable":true,"href":"https:\/\/www.europesays.com\/es\/wp-json\/wp\/v2\/comments?post=126139"}],"version-history":[{"count":0,"href":"https:\/\/www.europesays.com\/es\/wp-json\/wp\/v2\/posts\/126139\/revisions"}],"wp:featuredmedia":[{"embeddable":true,"href":"https:\/\/www.europesays.com\/es\/wp-json\/wp\/v2\/media\/126140"}],"wp:attachment":[{"href":"https:\/\/www.europesays.com\/es\/wp-json\/wp\/v2\/media?parent=126139"}],"wp:term":[{"taxonomy":"category","embeddable":true,"href":"https:\/\/www.europesays.com\/es\/wp-json\/wp\/v2\/categories?post=126139"},{"taxonomy":"post_tag","embeddable":true,"href":"https:\/\/www.europesays.com\/es\/wp-json\/wp\/v2\/tags?post=126139"}],"curies":[{"name":"wp","href":"https:\/\/api.w.org\/{rel}","templated":true}]}}