{"id":126146,"date":"2025-09-19T22:02:09","date_gmt":"2025-09-19T22:02:09","guid":{"rendered":"https:\/\/www.europesays.com\/es\/126146\/"},"modified":"2025-09-19T22:02:09","modified_gmt":"2025-09-19T22:02:09","slug":"la-penya-deja-al-barca-sin-el-primer-titulo-de-la-temporada","status":"publish","type":"post","link":"https:\/\/www.europesays.com\/es\/126146\/","title":{"rendered":"La Penya deja al Bar\u00e7a sin el primer t\u00edtulo de la temporada"},"content":{"rendered":"<p class=\"\">El Bar\u00e7a lleva dos temporadas en blanco en cuanto a t\u00edtulos nacionales o continentales, pero al menos en estas \u00faltimas dos temporadas pudo alzarse con la Lliga Catalana. Una competici\u00f3n oficial en Catalunya, con seis equipos ACB, y cuyo t\u00edtulo no podr\u00e1n revalidar los de Joan Pe\u00f1arroya. E<b>n un partido muy igualado, perdieron ante la Penya tras unos malos \u00faltimos minutos, como tantas veces les pas\u00f3 la temporada pasada.<\/b> <b>Hunt (25 puntos y dos tiros libres decisivos) guiaron a los verdinegros a la final, que ser\u00e1 el domingo contra el Baxi Manresa. <\/b><\/p>\n<p class=\"\">El partido arranc\u00f3 con un Bar\u00e7a negado en ataque (3 de 10 en tiros de dos) y con poco volumen de triples. Willy, blando, no fue superior a Birgander por dentro mientras que Hunt empez\u00f3 a dejar las primeras insinuaciones de que iba a ser un problema para el Bar\u00e7a (3-10). <b>Fueron los azulgranas demasiado lentos en defensa y se cargaron muy r\u00e1pido de faltas, de lo que dio buena cuenta Ricky (4 puntos desde la personal)<\/b>. Pero el problema, al margen de la defensa, fue el ataque azulgrana. En el primer tiempo muerto se le entendi\u00f3 todo a un Pe\u00f1arroya desesperado porque su equipo \u201cjugase algo\u201d, es decir, alguna de las jugadas o sistemas preparados durante los entrenamientos porque hasta el momento todo eran acciones individuales. Y no funcionaron (9-17). <b>Debut\u00f3 Shengelia, que sum\u00f3 r\u00e1pidamente sus primeros puntos. <\/b><\/p>\n<p class=\"\"><b>Cuando se acabaron los porcentajes de acierto anormalmente bajos, no iban a durar todo el partido, el Bar\u00e7a se acerc\u00f3 (17-21)<\/b>. M\u00e1s fluido con Laprovittola de base primero, m\u00e1s s\u00f3lido con Satoransky despu\u00e9s. Pero si un base destac\u00f3 sobre el parqu\u00e9 ese fue <b>Ricky Rubio. Se gust\u00f3, con una asistencia por la espalda que celebr\u00f3 el p\u00fablico presente en Tarragona, pero sobre todo supo llevar, como siempre ha sabido, el ritmo del partido<\/b>. Con el partido ya mucho m\u00e1s empatado (la Penya se ahog\u00f3 desde el triple) el Bar\u00e7a logr\u00f3 ponerse por delante por vez primera justo antes del descanso (38-37).<\/p>\n<p class=\"\">La Penya volvi\u00f3 a irse en el marcador cuando le entraron los triples, con un Bar\u00e7a otra vez perezoso (42-49). <b>Le cost\u00f3 unos minutos volver a entrar en el partido, pero cuando subi\u00f3 el list\u00f3n y los cent\u00edmetros recuper\u00f3 el terreno perdido<\/b>. Con un buen Punter, no al nivel de Hunt, pero con ocho puntos que sirvieron para igualar la contienda (55-55). En un duelo muy igualado, ni la conexi\u00f3n entre Tomic y Ricky pudo poner otra vez a la Penya en una ventaja significativa. <b>Llegaron empatados al \u00faltimo cuarto pese a los 23 puntos de Hunt.<\/b> <\/p>\n<p>Noticias relacionadas<a href=\"https:\/\/as.com\/baloncesto\/nba\/me-gustaria-retirarme-en-el-real-madrid-n\/\" class=\"s_m_w\" title=\"Luka Doncic no para de ser protagonista y en sus \u00faltimas declaraciones ha deslizado que podr\u00eda retirarse donde todo empez\u00f3: \u201cEllos me criaron\u201d.\" data-tb-link=\"\" rel=\"nofollow noopener\" target=\"_blank\"><img decoding=\"async\" src=\"https:\/\/www.europesays.com\/es\/wp-content\/uploads\/2025\/09\/7N42SXMZGIG6OPJQK3ZPCJTCAE.jpg\" alt=\"\u201cMe gustar\u00eda retirarme en el Real Madrid\u201d\" class=\"\" height=\"1\" width=\"1\"   loading=\"lazy\" data-tb-thumbnail=\"\"\/><\/a><a href=\"https:\/\/as.com\/baloncesto\/nba\/silver-se-desmarca-del-modelo-champions-n\/\" class=\"s_m_w\" title=\"El comisionado no quiere que la competici\u00f3n europea de la NBA empiece m\u00e1s tarde de 2028, aunque reconoce que tendr\u00e1n dif\u00edcil llegar a tiempo para 2027. \" data-tb-link=\"\" rel=\"nofollow noopener\" target=\"_blank\"><img decoding=\"async\" src=\"https:\/\/www.europesays.com\/es\/wp-content\/uploads\/2025\/09\/1758319329_363_ERWFXJTO4SGZQV7B66WO7QTG64.jpg\" alt=\"Silver se desmarca del \u2018modelo Champions\u2019\" class=\"\" height=\"1\" width=\"1\"   loading=\"lazy\" data-tb-thumbnail=\"\"\/><\/a><\/p>\n<p class=\"\"><b>La intensidad atr\u00e1s qued\u00f3 patente con dos tapones a dos ataques consecutivos de la Penya, ya en el \u00faltimo per\u00edodo<\/b>. Ricky absorbi\u00f3 mucho juego, se le vio un punto cansado, en una partido de una intensidad notable (69-65). Tres triples fallados por los azulgranas, que pudieron empezar a decantar el partido a cinco del final, dieron vida al Joventut, llegando empatados al tramo decisivo (73-73 a 2:30 del final). A<b>cert\u00f3 Cale de tres, tambi\u00e9n Dekker, pero Ricky fall\u00f3 un tiro libre (78-77). Dio igual. Hunt anot\u00f3 dos tiros libres a cinco segundos para el final, dando la victoria a la Penya.<\/b><\/p>\n<p class=\"\"><b>\u00a1Tus opiniones importan!<\/b> Comenta en los art\u00edculos y suscr\u00edbete gratis a nuestra <a href=\"https:\/\/asfan.as.com\/newsletters\/\" target=\"_blank\" rel=\"nofollow noopener\" title=\"https:\/\/asfan.as.com\/newsletters\/\">newsletter<\/a> y a las alertas informativas en la <a href=\"https:\/\/as.com\/aplicacion-de-as-n\/\" target=\"_blank\" rel=\"nofollow noopener\" title=\"https:\/\/as.com\/aplicacion-de-as-n\/\">App<\/a> o el canal de <a href=\"https:\/\/www.whatsapp.com\/channel\/0029VaAasdA7j6g745nz9M10\" target=\"_blank\" rel=\"nofollow noopener\" title=\"https:\/\/www.whatsapp.com\/channel\/0029VaAasdA7j6g745nz9M10\">WhatsApp<\/a>. \u00bfBuscas licenciar contenido? Haz clic <a href=\"https:\/\/profesional.elpais.com\/soluciones-sindicacion?utm_medium=interno&amp;utm_source=crosslinking&amp;utm_campaign=sindicacion_as_pie_articulos\" target=\"_blank\" rel=\"nofollow noopener\" title=\"https:\/\/profesional.elpais.com\/soluciones-sindicacion?utm_medium=interno&amp;utm_source=crosslinking&amp;utm_campaign=sindicacion_as_pie_articulos\">aqu\u00ed<\/a><\/p>\n","protected":false},"excerpt":{"rendered":"El Bar\u00e7a lleva dos temporadas en blanco en cuanto a t\u00edtulos nacionales o continentales, pero al menos en&hellip;\n","protected":false},"author":2,"featured_media":126147,"comment_status":"","ping_status":"","sticky":false,"template":"","format":"standard","meta":{"footnotes":""},"categories":[269],"tags":[299,298,168,25,24,23,167],"class_list":{"0":"post-126146","1":"post","2":"type-post","3":"status-publish","4":"format-standard","5":"has-post-thumbnail","7":"category-baloncesto","8":"tag-baloncesto","9":"tag-basketball","10":"tag-deportes","11":"tag-es","12":"tag-espana","13":"tag-spain","14":"tag-sports"},"share_on_mastodon":{"url":"","error":""},"_links":{"self":[{"href":"https:\/\/www.europesays.com\/es\/wp-json\/wp\/v2\/posts\/126146","targetHints":{"allow":["GET"]}}],"collection":[{"href":"https:\/\/www.europesays.com\/es\/wp-json\/wp\/v2\/posts"}],"about":[{"href":"https:\/\/www.europesays.com\/es\/wp-json\/wp\/v2\/types\/post"}],"author":[{"embeddable":true,"href":"https:\/\/www.europesays.com\/es\/wp-json\/wp\/v2\/users\/2"}],"replies":[{"embeddable":true,"href":"https:\/\/www.europesays.com\/es\/wp-json\/wp\/v2\/comments?post=126146"}],"version-history":[{"count":0,"href":"https:\/\/www.europesays.com\/es\/wp-json\/wp\/v2\/posts\/126146\/revisions"}],"wp:featuredmedia":[{"embeddable":true,"href":"https:\/\/www.europesays.com\/es\/wp-json\/wp\/v2\/media\/126147"}],"wp:attachment":[{"href":"https:\/\/www.europesays.com\/es\/wp-json\/wp\/v2\/media?parent=126146"}],"wp:term":[{"taxonomy":"category","embeddable":true,"href":"https:\/\/www.europesays.com\/es\/wp-json\/wp\/v2\/categories?post=126146"},{"taxonomy":"post_tag","embeddable":true,"href":"https:\/\/www.europesays.com\/es\/wp-json\/wp\/v2\/tags?post=126146"}],"curies":[{"name":"wp","href":"https:\/\/api.w.org\/{rel}","templated":true}]}}