{"id":126150,"date":"2025-09-19T22:05:11","date_gmt":"2025-09-19T22:05:11","guid":{"rendered":"https:\/\/www.europesays.com\/es\/126150\/"},"modified":"2025-09-19T22:05:11","modified_gmt":"2025-09-19T22:05:11","slug":"edward-weston-el-fotografo-que-capturo-la-sensualidad-en-un-pimiento-y-en-un-vater","status":"publish","type":"post","link":"https:\/\/www.europesays.com\/es\/126150\/","title":{"rendered":"Edward Weston, el fot\u00f3grafo que captur\u00f3 la sensualidad en un pimiento y en un v\u00e1ter"},"content":{"rendered":"<p style=\"\">En su c\u00e9lebre ensayo &#8216;Sobre la fotograf\u00eda&#8217;, <strong>Susan Sontag<\/strong> afirma que las fotograf\u00edas han revelado que <strong>la belleza existe por doquier.<\/strong> Y <a href=\"https:\/\/www.abc.es\/cultura\/arte\/photoespana-2025-reivindica-poder-critico-transformador-fotografia-20250408135013-nt.html\" target=\"_self\" data-voc-vtm-id=\"in-text-traffic\" title=\"Edward Weston\" rel=\"nofollow noopener\">Edward Weston<\/a> es el mejor ejemplo de ello, con su capacidad para extraer relevancia est\u00e9tica de temas, situaciones y objetos  &#8230; inesperados. V\u00e9anse un pimiento, una hoja de col, una seta venenosa, una alcachofa cortada por la mitad, una calabaza, un huevo y hasta un v\u00e1ter. Tambi\u00e9n la extrae de asuntos esperados, como desnudos femeninos o hermosas dunas. Para \u00e9l, no hab\u00eda jerarqu\u00eda de temas. Trata con la misma maestr\u00eda, y extrae la misma belleza, de un celeb\u00e9rrimo <strong>desnudo de su segunda esposa, Charis Wilson<\/strong>, sentada sobre una manta, a la que no vemos el rostro (el protagonismo lo tienen los brazos, las manos, las piernas y los pies), como de una sencilla hortaliza o los \u00e1ridos paisajes californianos. <\/p>\n<p><img decoding=\"async\" loading=\"lazy\" src=\"https:\/\/www.europesays.com\/es\/wp-content\/uploads\/2025\/09\/Nude,1936_20250919155321-U80703357080LMt-760x927@diario_abc.jpg\" class=\"voc-img\" width=\"760\" height=\"927\" alt=\"Edward Weston. 'Desnudo', 1936\" data-voc-vtm-id=\"in-text-traffic\"\/><\/p>\n<p>Edward Weston. &#8216;Desnudo&#8217;, 1936<\/p>\n<p>\u00a9 Center for Creative Photography, Arizona Board of Regents<\/p>\n<p class=\"voc-p\" style=\"\">Siempre en primer plano, sobre fondo neutro, fue capaz de<strong> transformar lo banal, lo trivial, en extraordinario y sublime<\/strong>. Explicaba el propio Weston sobre su entusiasmo por retratar un inodoro (&#8216;Excusado&#8217; es el t\u00edtulo de la foto en cuesti\u00f3n): \u00abPodr\u00eda sospecharse de humor c\u00ednico que yo aborde un tema as\u00ed. Pero se trat\u00f3 de una respuesta est\u00e9tica absoluta por la forma. Durante mucho tiempo me hab\u00eda planteado fotografiar este \u00fatil y elegante accesorio de la vida higi\u00e9nica moderna, pero no fue hasta que contempl\u00e9 realmente su imagen sobre mi vidrio esmerilado que me di cuenta de las posibilidades que ten\u00eda ante m\u00ed. \u00a1Me qued\u00e9 encantado! Ah\u00ed estaban todas las <strong>curvas sensuales<\/strong> de la &#8216;forma humana divina&#8217;, pero sin imperfecciones\u00ab. Y acaba con una &#8216;boutade&#8217;, una provocaci\u00f3n: \u00bbNunca alcanzaron los griegos una consumaci\u00f3n m\u00e1s significativa de su cultura y, no obstante, por alguna raz\u00f3n, el esplendor de sus <strong>circunvoluciones inmaculadas<\/strong> y el movimiento henchido y amplio con el que avanzan refinadamente sus contornos me recuerdan a<strong> la &#8216;Victoria de Samotracia&#8217;<\/strong>\u00ab. Marinetti, al menos, comparaba la obra maestra del Louvre con un coche. Para \u00e9l, un autom\u00f3vil a toda velocidad es m\u00e1s hermoso que la &#8216;Victoria de Samotracia&#8217;. <\/p>\n<p class=\"voc-p\" style=\"\">La <a href=\"https:\/\/www.abc.es\/cultura\/arte\/fundacion-mapfre-resucita-raimundo-madrazo-mato-historia-20250917192446-nt.html\" target=\"_self\" data-voc-vtm-id=\"in-text-traffic\" title=\"Fundaci\u00f3n Mapfre\" rel=\"nofollow noopener\">Fundaci\u00f3n Mapfre<\/a> exhibe, <strong>hasta el 18 de enero<\/strong> de 2026, en su sede del madrile\u00f1o Paseo de Recoletos, una antol\u00f3gica del elegante fot\u00f3grafo norteamericano, <strong>uno de los grandes nombres de la fotograf\u00eda moderna<\/strong>. A trav\u00e9s de <strong>178 im\u00e1genes<\/strong>, todas en blanco y negro, &#8216;Edward Weston. La materia de las formas&#8217;, organizada con el apoyo del Center for Creative Photography de la Universidad de Tucson, Arizona, recorre m\u00e1s de cincuenta a\u00f1os de carrera de un prol\u00edfico artista, que qued\u00f3 truncada por el Parkinson.<\/p>\n<p class=\"voc-p\" style=\"\"><strong>Autodidacta<\/strong>, Edward Weston (naci\u00f3 en 1886 en Highland Park, Illinois) recibi\u00f3 de su padre a los 16 a\u00f1os un regalo que le cambiar\u00eda la vida: una c\u00e1mara Kodak Bulls-Eye n\u00ba 2. Sus primeros pasos se encaminaron hacia el pictorialismo, pero muy pronto lo abandon\u00f3. Se traslada a vivir a California. Precisamente, la <strong>costa oeste de Estados Unidos<\/strong> tiene una relevancia enorme tanto en su vida como en su obra: fotograf\u00eda los paisajes de Arizona, Yosemite, el Valle de la Muerte, el desierto de Mojave, Point Lobos, Carmel (localidad de la que Clint Eastwood fue alcalde)&#8230; <\/p>\n<p class=\"voc-p\" style=\"\">No es posible dejar al margen de su trabajo sus relaciones sentimentales con musas y amantes como Charis Wilson, Margrethe Mather, Sonya Noskowiak y <a href=\"https:\/\/www.abc.es\/cultura\/arte\/tina-modotti-frida-kahlo-apasionadas-revolucionarias-libres-20220710214256-nt.html\" target=\"_self\" data-voc-vtm-id=\"in-text-traffic\" title=\"Tina Modotti\" data-mrf-link=\"www.abc.es\" rel=\"nofollow noopener\">Tina Modotti<\/a>. Con esta \u00faltima viaja en 1923 a M\u00e9xico, donde se relacionaron con el ambiente de Diego Rivera y<a href=\"https:\/\/www.abc.es\/cultura\/arte\/abci-frida-kahlo-artista-mas-alla-cliches-y-mito-personaje-202108260018_noticia.html\" target=\"_self\" data-voc-vtm-id=\"in-text-traffic\" title=\" Frida Kahlo\" data-mrf-link=\"www.abc.es\" rel=\"nofollow noopener\"> Frida Kahlo<\/a> y ampli\u00f3 su horizonte visual.<\/p>\n<p><img decoding=\"async\" loading=\"lazy\" src=\"https:\/\/www.europesays.com\/es\/wp-content\/uploads\/2025\/09\/Dunes,Oceano,1936-U41460414838VOY-758x470@diario_abc.jpg\" class=\"voc-d-c-combo-3__img\" width=\"758\" height=\"470\" alt=\"Imagen principal - Edward Weston. Arriba, 'Dunas', Oceano, 1936. Sobre estas l\u00edneas, a la izquierda, 'Nubes', Valle de la Muerte, 1939. A la derecha, Guadalupe Mar\u00edn de Rivera, 1924\"\/><\/p>\n<p><img decoding=\"async\" loading=\"lazy\" src=\"https:\/\/www.europesays.com\/es\/wp-content\/uploads\/2025\/09\/Clouds,DeathValley,1939-U48035045102kPR-464x329@diario_abc.jpg\" class=\"voc-d-c-combo-3__img\" width=\"464\" height=\"329\" alt=\"Imagen secundaria 1 - Edward Weston. Arriba, 'Dunas', Oceano, 1936. Sobre estas l\u00edneas, a la izquierda, 'Nubes', Valle de la Muerte, 1939. A la derecha, Guadalupe Mar\u00edn de Rivera, 1924\"\/><\/p>\n<p><img decoding=\"async\" loading=\"lazy\" src=\"https:\/\/www.europesays.com\/es\/wp-content\/uploads\/2025\/09\/Guadalupe-U42467433826PnT-278x329@diario_abc.jpg\" class=\"voc-d-c-combo-3__img\" width=\"278\" height=\"329\" alt=\"Imagen secundaria 2 - Edward Weston. Arriba, 'Dunas', Oceano, 1936. Sobre estas l\u00edneas, a la izquierda, 'Nubes', Valle de la Muerte, 1939. A la derecha, Guadalupe Mar\u00edn de Rivera, 1924\"\/><\/p>\n<p>Paisajes y retratos<br \/>\nEdward Weston. Arriba, &#8216;Dunas&#8217;, Oceano, 1936. Sobre estas l\u00edneas, a la izquierda, &#8216;Nubes&#8217;, Valle de la Muerte, 1939. A la derecha, Guadalupe Mar\u00edn de Rivera, 1924<br \/>\n\u00a9 Center for Creative Photography, Arizona Board of Regents<\/p>\n<p class=\"voc-p\" style=\"\">Cofundador del colectivo de fot\u00f3grafos <strong>Grupo f\/64<\/strong>, Weston contribuy\u00f3, junto a sus colegas <strong>Alfred Stieglitz y Paul Strand<\/strong>, a situar la fotograf\u00eda a la misma altura que la pintura y la escultura. Sus im\u00e1genes, explica el comisario, S\u00e9rgio Mah, son de un absoluto rigor y<strong> dominio t\u00e9cnico, formal y compositivo<\/strong>, marca de la casa; de una extrema simplicidad y originalidad, de una <strong>nitidez extraordinaria<\/strong>. Su forma de ver, de mirar a trav\u00e9s de su c\u00e1mara es intuitiva, intensa, inmediata. <strong>Elimina lo accesorio<\/strong>, anecd\u00f3tico e innecesario. Hay en sus fotograf\u00edas una ausencia de escala, un aislamiento del objeto, un <strong>\u00e9nfasis en el encuadre<\/strong>. Elimina las barreras entre figuraci\u00f3n y abstracci\u00f3n. <\/p>\n<p class=\"voc-p\" style=\"\">La exposici\u00f3n revisa toda su trayectoria: <strong>desnudos<\/strong> (fragmentados, completos, frontales, de espaldas&#8230;), sus <strong>\u00e1ridos y sublimes paisajes<\/strong> del Oeste de Estados Unidos, los fen\u00f3menos meteorol\u00f3gicos, sus <strong>bodegones con vegetales, frutos y conchas marinas<\/strong>&#8230; En agosto de 1930 toma otra de sus fotograf\u00edas m\u00e1s famosas,<strong> &#8216;Pimiento n\u00ba 30&#8217;<\/strong>. A buen seguro, Robert Mapplethorpe debi\u00f3 verla. Recuerda mucho la est\u00e9tica de sus instant\u00e1neas m\u00e1s er\u00f3ticas. Y es que, al igual que ocurri\u00f3 con el &#8216;Excusado&#8217;, Weston tambi\u00e9n supo retratar a una humilde hortaliza con sensualidad. \u00abEs un cl\u00e1sico, plenamente satisfactorio, un pimiento, pero m\u00e1s que un pimiento; abstracto, en el sentido de que existe completamente al margen del tema. No tiene atributos psicol\u00f3gicos, no despierta emociones humanas: este nuevo pimiento lo lleva a uno m\u00e1s all\u00e1 del mundo que conocemos en la mente consciente\u00bb. <\/p>\n<p class=\"voc-p\" style=\"\">En 1941, Weston recibi\u00f3 el encargo de ilustrar un cl\u00e1sico:<strong> &#8216;Hojas de hierba&#8217;, de Walt Whitman<\/strong>. Para ello se propuso viajar durante dos a\u00f1os por todo Estados Unidos. Hizo unas 800 fotograf\u00edas, que destilan nostalgia, melancol\u00eda&#8230; Para Whitman, \u00abla majestuosidad y belleza del mundo est\u00e1n latentes en cualquier pizca del mundo\u00bb. Una idea que Weston compart\u00eda. En 1946 el MoMA de Nueva York le dedic\u00f3 una retrospectiva, pero el<strong> Parkinson<\/strong> ya hab\u00eda comenzado a debilitarle. Muri\u00f3 en 1958 en Wildcat Hill. Sus cenizas fueron esparcidas en Pebbly Beach, Point Lobos, que pas\u00f3 a llamarse desde entonces Weston Beach. <\/p>\n","protected":false},"excerpt":{"rendered":"En su c\u00e9lebre ensayo &#8216;Sobre la fotograf\u00eda&#8217;, Susan Sontag afirma que las fotograf\u00edas han revelado que la belleza&hellip;\n","protected":false},"author":2,"featured_media":126151,"comment_status":"","ping_status":"","sticky":false,"template":"","format":"standard","meta":{"footnotes":""},"categories":[173],"tags":[229,233,231,230,41006,232,234,28166,146,147,25,24,6638,5182,41007,23,41008,41005],"class_list":{"0":"post-126150","1":"post","2":"type-post","3":"status-publish","4":"format-standard","5":"has-post-thumbnail","7":"category-arte-y-diseno","8":"tag-arte","9":"tag-arte-y-diseno","10":"tag-arts","11":"tag-arts-and-design","12":"tag-capturo","13":"tag-design","14":"tag-diseno","15":"tag-edward","16":"tag-entertainment","17":"tag-entretenimiento","18":"tag-es","19":"tag-espana","20":"tag-fotografo","21":"tag-pimiento","22":"tag-sensualidad","23":"tag-spain","24":"tag-vater","25":"tag-weston"},"share_on_mastodon":{"url":"","error":""},"_links":{"self":[{"href":"https:\/\/www.europesays.com\/es\/wp-json\/wp\/v2\/posts\/126150","targetHints":{"allow":["GET"]}}],"collection":[{"href":"https:\/\/www.europesays.com\/es\/wp-json\/wp\/v2\/posts"}],"about":[{"href":"https:\/\/www.europesays.com\/es\/wp-json\/wp\/v2\/types\/post"}],"author":[{"embeddable":true,"href":"https:\/\/www.europesays.com\/es\/wp-json\/wp\/v2\/users\/2"}],"replies":[{"embeddable":true,"href":"https:\/\/www.europesays.com\/es\/wp-json\/wp\/v2\/comments?post=126150"}],"version-history":[{"count":0,"href":"https:\/\/www.europesays.com\/es\/wp-json\/wp\/v2\/posts\/126150\/revisions"}],"wp:featuredmedia":[{"embeddable":true,"href":"https:\/\/www.europesays.com\/es\/wp-json\/wp\/v2\/media\/126151"}],"wp:attachment":[{"href":"https:\/\/www.europesays.com\/es\/wp-json\/wp\/v2\/media?parent=126150"}],"wp:term":[{"taxonomy":"category","embeddable":true,"href":"https:\/\/www.europesays.com\/es\/wp-json\/wp\/v2\/categories?post=126150"},{"taxonomy":"post_tag","embeddable":true,"href":"https:\/\/www.europesays.com\/es\/wp-json\/wp\/v2\/tags?post=126150"}],"curies":[{"name":"wp","href":"https:\/\/api.w.org\/{rel}","templated":true}]}}