{"id":126158,"date":"2025-09-19T22:12:16","date_gmt":"2025-09-19T22:12:16","guid":{"rendered":"https:\/\/www.europesays.com\/es\/126158\/"},"modified":"2025-09-19T22:12:16","modified_gmt":"2025-09-19T22:12:16","slug":"esther-garcia-productora-y-premio-donostia-los-directivos-de-las-televisiones-y-de-las-plataformas-son-hombres-no-hemos-roto-ese-techo-de-cristal-cine-estrenos-y-criticas","status":"publish","type":"post","link":"https:\/\/www.europesays.com\/es\/126158\/","title":{"rendered":"Esther Garc\u00eda, productora y premio Donostia: \u201cLos directivos de las televisiones y de las plataformas son hombres, no hemos roto ese techo de cristal\u201d | Cine: estrenos y cr\u00edticas"},"content":{"rendered":"<p class=\"\">Ya tiene el Premio Nacional de Cinematograf\u00eda desde 2018, y con todo la productora<a href=\"https:\/\/elpais.com\/noticias\/esther-garcia\/\" target=\"_self\" rel=\"nofollow noopener\" title=\"https:\/\/elpais.com\/noticias\/esther-garcia\/\"> Esther Garc\u00eda<\/a> (Cedillo de la Torre, Segovia, 69 a\u00f1os) se confiesa \u201cmuy nerviosa\u201d antes de recibir el premio Donostia, el galard\u00f3n con <a href=\"https:\/\/elpais.com\/noticias\/festival-san-sebastian\/\" target=\"_self\" rel=\"nofollow noopener\" title=\"https:\/\/elpais.com\/noticias\/festival-san-sebastian\/\">el festival de San Sebasti\u00e1n<\/a> la homenajea, y por primera vez recibe alguien dedicado a la producci\u00f3n. \u201cEs que es una responsabilidad que a ratos supera mi felicidad\u201d, subraya, sentada con una taza de caf\u00e9 y pegatina en contra del genocidio en Gaza, horas antes de recoger el trofeo en la gala de inauguraci\u00f3n.<\/p>\n<p>M\u00e1s informaci\u00f3n<\/p>\n<p class=\"\">La carrera de Garc\u00eda est\u00e1 indisolublemente ligada a la productora El Deseo, de los hermanos Almod\u00f3var, y, a la vez, a su b\u00fasqueda incesante de nuevo talento. \u201cCuando entr\u00e9 fue para ayudar a producir otras pel\u00edculas m\u00e1s all\u00e1 de las de Pedro. Y desde aquel 1985 empez\u00f3 una etapa para m\u00ed de absoluta realizaci\u00f3n personal. Porque la b\u00fasqueda de autores, de historias&#8230; Es muy gratificante y me ha hecho crecer. Todo ello, siempre, de la mano de Pedro y <a href=\"https:\/\/elpais.com\/noticias\/agustin-almodovar\/\" target=\"_self\" rel=\"nofollow noopener\" title=\"https:\/\/elpais.com\/noticias\/agustin-almodovar\/\">Agust\u00edn, <\/a>y apoyada y sustentada, cada una de mis decisiones, por ellos. En El Deseo esas elecciones se toman entre los tres; como m\u00ednimo dos cuando Pedro est\u00e1 en un proceso creativo. Todo lo que he hecho, sin El Deseo, no habr\u00eda sido posible\u201d, explica. <\/p>\n<p class=\"\">El Donostia lo recibir\u00e1 por primera vez un trabajador del cine que no sea int\u00e9rprete o director. Para Garc\u00eda, \u201ces una gran apuesta, porque es importante que el gran p\u00fablico sepa que hay otros departamentos que contribuyen de manera muy creativa a convertir las obras en lo que son\u201d \u00bfY qu\u00e9 es el productor? \u201cEl primero de esos creativos, el cumplidor de sue\u00f1os\u201d.<\/p>\n<p><img decoding=\"auto\" class=\"_re lazyload a_m-h\" height=\"240\"  width=\"414\"  src=\"https:\/\/www.europesays.com\/es\/wp-content\/uploads\/2025\/09\/NF37C3AW7IAEEUZTBPOP7FY43E.jpg\" loading=\"lazy\"\/>Esther Garc\u00eda, en 2018 con el diploma del Premio Nacional de Cinematograf\u00eda, junto al entonces ministro de Cultura, Jos\u00e9 Guirao.j. h. j.<\/p>\n<p class=\"\">La familia de Garc\u00eda emigr\u00f3 de Segovia a Madrid, en concreto al barrio de Villaverde Alto, cuando ella era una cr\u00eda. \u201cEntr\u00e9 en una asociaci\u00f3n cultural del barrio, que en aquellos a\u00f1os eran efervescentes, a la vez que algo clandestinas, y uno de los compa\u00f1eros de la asociaci\u00f3n era un regidor. En el rodaje de <a href=\"https:\/\/www.imdb.com\/es-es\/title\/tt0073545\/?ref_=nv_sr_srsg_0_tt_6_nm_2_in_0_q_pin%2520pan%2520pum%2520\" target=\"_self\" rel=\"nofollow noopener\" title=\"https:\/\/www.imdb.com\/es-es\/title\/tt0073545\/?ref_=nv_sr_srsg_0_tt_6_nm_2_in_0_q_pin%2520pan%2520pum%2520\">Pim, pam, pum&#8230; \u00a1fuego!<\/a> [de Pedro Olea, estrenada en 1975] necesitaban alguien que les hiciera los contratos para el sindicato vertical franquista. Y ah\u00ed estuve yo haci\u00e9ndolos, que en aquella \u00e9poca, con las m\u00e1quinas de escribir, era complicado. Adem\u00e1s, me avisaron de que el funcionario que recog\u00eda los contratos era tremendamente restrictivo, y si algo no estaba bien, los tiraba todos. Yo los hice porque dec\u00edan que era espabilada y estaba estudiando taquimecanograf\u00eda. Al final ped\u00ed que me dejaran ver el rodaje, que no hab\u00eda estado en ninguno. Me fascin\u00f3 ese grupo de personas colaborando por un bien com\u00fan. Mir\u00e9 por un momento a trav\u00e9s de la c\u00e1mara, con Concha Velasco actuando, y quise pertenecer a esa familia. Al inicio incluso pens\u00e9 en algo relacionado con la c\u00e1mara. Pero fui pragm\u00e1tica. Me centr\u00e9 en la producci\u00f3n, luch\u00e9 por ello y lo consegu\u00ed\u201d.<\/p>\n<p class=\"\">Durante una d\u00e9cada trabaj\u00f3 en muy distintos rodajes de cine y televisi\u00f3n de Mariano Ozores, Tito Fern\u00e1ndez o Gonzalo Su\u00e1rez, hasta que comenz\u00f3 con los Almod\u00f3var en Matador. \u201cEsa pel\u00edcula fue justo en la que Pedro decidi\u00f3 no volver a trabajar con alguien que no le entendiera como director y como creador. Que ten\u00edan que independizarse. Empec\u00e9 con ellos como freelance. Cuando surgi\u00f3 la oportunidad de abrirnos a otros creadores, me contrataron. Y all\u00ed sigo\u201d, desgrana. <\/p>\n<p><img decoding=\"auto\" class=\"_re lazyload a_m-h\" height=\"276\"  width=\"414\"  src=\"https:\/\/www.europesays.com\/es\/wp-content\/uploads\/2025\/09\/QV2G5ZDSCZHU7LTK7XVFRLUXUM.jpg\" loading=\"lazy\"\/>Esther Garc\u00eda, con el Goya en la mano para &#8216;Dolor y gloria&#8217;, junto a Marisa Paredes, y Pedro y Agust\u00edn Almod\u00f3var, en enero de 2020.JON NAZCA (Reuters)<\/p>\n<p class=\"\">Recuerda que en esos inicios a la b\u00fasqueda de nuevos proyectos, desde El Deseo llamaron a V\u00edctor Erice. \u201cNos dijo que no ten\u00eda ninguna historia en marcha, cuando yo deseaba con todas mis fuerzas que la tuviera. Y fue triste recibir un no. Otra espina clavada fue rechazar Vacas, de Julio Medem\u201d, confiesa. En sus decisiones felices est\u00e1 haber producido a Lucrecia Martel (La ni\u00f1a santa y Zama), a Isabel Coixet (La vida secreta de las palabras, Mi vida sin m\u00ed y Nieva en Benidorm), a \u00c1lex de la Iglesia (Acci\u00f3n mutante), a Guillermo del Toro (El espinazo del diablo), a Bel\u00e9n Mac\u00edas (El patio de mi c\u00e1rcel), a Dami\u00e1n Szifron (Relatos salvajes), a Gonzalo Su\u00e1rez (Mi nombre es sombra), a Pablo Trapero (El clan), a Daniel Calparsoro (Pasajes) y varios m\u00e1s, hasta llegar a la representante espa\u00f1ola a los pr\u00f3ximos Oscar, <a href=\"https:\/\/elpais.com\/cultura\/cine\/2025-09-17\/sirat-de-oliver-laxe-representara-a-espana-para-competir-por-la-nominacion-al-oscar-a-mejor-pelicula-internacional.html\" target=\"_self\" rel=\"nofollow noopener\" title=\"https:\/\/elpais.com\/cultura\/cine\/2025-09-17\/sirat-de-oliver-laxe-representara-a-espana-para-competir-por-la-nominacion-al-oscar-a-mejor-pelicula-internacional.html\">Sir\u00e2t, de Oliver Laxe.<\/a> \u201cHemos hecho mucha coproducci\u00f3n porque hemos encontrado puentes muy interesantes con Argentina, un pa\u00eds que hoy, por desgracia, est\u00e1 sufriendo much\u00edsimo. Y m\u00e1s a\u00fan, su cine\u201d. <\/p>\n<p class=\"\">En El Deseo est\u00e1 la familia Almod\u00f3var y la familia Garc\u00eda; su hermana Lola tambi\u00e9n trabaja en la productora. \u201cSomos, desde luego, una familia. Y nos comportamos como tal, para lo bueno y para lo malo. Con una lealtad a muerte&#8230; y, como te conoces demasiado, a veces hay confrontaciones o roces. Al final, esa idea de familia impera por encima de lo creativo y de lo personal\u201d. Esa familia, \u00bfno ha sobreprotegido a veces a <a href=\"https:\/\/elpais.com\/noticias\/pedro-almodovar\/#?rel=arch\" target=\"_self\" rel=\"nofollow noopener\" title=\"https:\/\/elpais.com\/noticias\/pedro-almodovar\/#?rel=arch\">Pedro Almod\u00f3var?<\/a> \u201cSin duda. Todo el tiempo le cuidamos. Un director tiene un trabajo extenuante en todos los procesos creativos hasta poner a disposici\u00f3n del p\u00fablico la pel\u00edcula. Y todo el mundo quiere recibir de su boca las correspondientes indicaciones, lo que es imposible: ni f\u00edsicamente ni intelectualmente podr\u00eda dar todo lo que se demanda de \u00e9l. Y luego hay otro tipo de protecci\u00f3n, m\u00e1s personal. A veces le aislamos demasiado de un mundo exterior que tambi\u00e9n podr\u00eda ser un elemento que alimentara su creatividad\u201d. \u00bfEs dif\u00edcil decirle que no a Pedro? \u201cEs dif\u00edcil porque a lo largo de los a\u00f1os se ha demostrado que casi siempre ha tenido raz\u00f3n\u201d. \u00bfY qui\u00e9n le dice que no a Garc\u00eda? \u201cMucha gente, f\u00edjate lo dif\u00edcil que es levantar, incluso desde El Deseo, una producci\u00f3n que no sea de Pedro. Sir\u00e2t ha sido un proceso complejo. Por suerte a m\u00ed se me da muy bien negociar\u201d.<\/p>\n<p><img decoding=\"auto\" class=\"_re lazyload a_m-v\" height=\"590\"  width=\"414\"  src=\"https:\/\/www.europesays.com\/es\/wp-content\/uploads\/2025\/09\/OMPDDH73FNDEDERCMSTF3HICZI.jpg\" loading=\"lazy\"\/>Esther Garc\u00eda, llegando a su sesi\u00f3n de fotos en el Kursaal de San Sebasti\u00e1n este viernes.Javier Hern\u00e1ndez<\/p>\n<p class=\"\">Garc\u00eda odia los focos, no le gusta llamar la atenci\u00f3n, es de hablar muy pausado. \u201cNo creo en conseguir cosas dando voces\u201d, apunta. \u201cMe dedico a las dos partes, a levantar econ\u00f3micamente un proyecto y a dar al director lo que necesita. Me gusta ir a pie de obra. Aunque, tras pasar una grave enfermedad, siento que debo ir alej\u00e1ndome de ese d\u00eda a d\u00eda. Mi onc\u00f3loga ya me dec\u00eda: \u2018Deber\u00edas de tomarte las cosas de otra manera\u2019. Y con <a href=\"https:\/\/elpais.com\/cultura\/2025-06-10\/barbara-lennie-victoria-luengo-y-patrick-criado-protagonizan-amarga-navidad-el-nuevo-filme-de-pedro-almodovar.html\" target=\"_self\" rel=\"nofollow noopener\" title=\"https:\/\/elpais.com\/cultura\/2025-06-10\/barbara-lennie-victoria-luengo-y-patrick-criado-protagonizan-amarga-navidad-el-nuevo-filme-de-pedro-almodovar.html\">Amarga Navidad<\/a> [la nueva pel\u00edcula de Almod\u00f3var, ahora en posproducci\u00f3n], he empezado a hacerlo\u201d.<\/p>\n<p class=\"\">As\u00ed llega, como veterana, a se\u00f1alar un pero evidente en el cine espa\u00f1ol. \u201cLa presencia de las mujeres ha aumentado en todos los departamentos. Pero los directivos de las televisiones y de las plataformas son hombres, no hemos roto ese techo de cristal, y en esos despachos es donde se decide el cine espa\u00f1ol. Al menos ya no me ningunean por ser mujer\u201d. Y remata: \u201cHab\u00eda una frase famos\u00edsima, que se repet\u00eda una y otra vez, esa de que detr\u00e1s de un gran hombre siempre hay una gran mujer. Todas las que est\u00e1bamos ah\u00ed atr\u00e1s hemos decidido que queremos estar delante tambi\u00e9n\u201d.<\/p>\n<p class=\"\">El repaso a su carrera, ahora que le llega al Donostia, le obliga a escoger los proyectos m\u00e1s especiales para ella: \u201cAcci\u00f3n mutante, porque fue la pel\u00edcula m\u00e1s dif\u00edcil en la que hab\u00eda trabajado; Mi vida sin m\u00ed, porque me conmovi\u00f3, me removi\u00f3 y porque yo querr\u00eda ser una mujer como esa; y La habitaci\u00f3n de al lado, porque habla de unos temas necesarios, y encima ten\u00eda que ver con mi momento vital, con mi enfermedad. \u00a1Ah! No puedo olvidarme de La ley del deseo, porque transform\u00f3 el panorama del cine espa\u00f1ol para todo. Fue de una valent\u00eda&#8230; nacida en parte de la inconsciencia. Nos coloc\u00f3 en un lugar en el que todo el mundo nos miraba, no pod\u00edan creerse que hubi\u00e9ramos hecho esa pel\u00edcula\u201d.<\/p>\n","protected":false},"excerpt":{"rendered":"Ya tiene el Premio Nacional de Cinematograf\u00eda desde 2018, y con todo la productora Esther Garc\u00eda (Cedillo de&hellip;\n","protected":false},"author":2,"featured_media":126159,"comment_status":"","ping_status":"","sticky":false,"template":"","format":"standard","meta":{"footnotes":""},"categories":[91],"tags":[1014,1015,41010,15202,177,12374,41011,209,9265,146,147,25,24,9556,9555,41009,31713,7669,26067,753,9557,21465,23],"class_list":{"0":"post-126158","1":"post","2":"type-post","3":"status-publish","4":"format-standard","5":"has-post-thumbnail","7":"category-entretenimiento","8":"tag-actores","9":"tag-actrices","10":"tag-agustin-almodovar","11":"tag-alex-de-la-iglesia","12":"tag-cine","13":"tag-cine-espanol","14":"tag-concha-velasco","15":"tag-cultura","16":"tag-directores-cine","17":"tag-entertainment","18":"tag-entretenimiento","19":"tag-es","20":"tag-espana","21":"tag-esther-garcia","22":"tag-festival-san-sebastian","23":"tag-isabel-coixet","24":"tag-lucrecia-martel","25":"tag-pedro-almodovar","26":"tag-pedro-olea","27":"tag-peliculas","28":"tag-productoras","29":"tag-productores","30":"tag-spain"},"share_on_mastodon":{"url":"","error":""},"_links":{"self":[{"href":"https:\/\/www.europesays.com\/es\/wp-json\/wp\/v2\/posts\/126158","targetHints":{"allow":["GET"]}}],"collection":[{"href":"https:\/\/www.europesays.com\/es\/wp-json\/wp\/v2\/posts"}],"about":[{"href":"https:\/\/www.europesays.com\/es\/wp-json\/wp\/v2\/types\/post"}],"author":[{"embeddable":true,"href":"https:\/\/www.europesays.com\/es\/wp-json\/wp\/v2\/users\/2"}],"replies":[{"embeddable":true,"href":"https:\/\/www.europesays.com\/es\/wp-json\/wp\/v2\/comments?post=126158"}],"version-history":[{"count":0,"href":"https:\/\/www.europesays.com\/es\/wp-json\/wp\/v2\/posts\/126158\/revisions"}],"wp:featuredmedia":[{"embeddable":true,"href":"https:\/\/www.europesays.com\/es\/wp-json\/wp\/v2\/media\/126159"}],"wp:attachment":[{"href":"https:\/\/www.europesays.com\/es\/wp-json\/wp\/v2\/media?parent=126158"}],"wp:term":[{"taxonomy":"category","embeddable":true,"href":"https:\/\/www.europesays.com\/es\/wp-json\/wp\/v2\/categories?post=126158"},{"taxonomy":"post_tag","embeddable":true,"href":"https:\/\/www.europesays.com\/es\/wp-json\/wp\/v2\/tags?post=126158"}],"curies":[{"name":"wp","href":"https:\/\/api.w.org\/{rel}","templated":true}]}}