{"id":126164,"date":"2025-09-19T22:15:07","date_gmt":"2025-09-19T22:15:07","guid":{"rendered":"https:\/\/www.europesays.com\/es\/126164\/"},"modified":"2025-09-19T22:15:07","modified_gmt":"2025-09-19T22:15:07","slug":"portugal-reconocera-oficialmente-al-estado-de-palestina-el-21-de-septiembre","status":"publish","type":"post","link":"https:\/\/www.europesays.com\/es\/126164\/","title":{"rendered":"Portugal reconocer\u00e1 oficialmente al Estado de Palestina el 21 de septiembre"},"content":{"rendered":"<p>\n  Por&amp;nbsp<b>Euronews<\/b>\n<\/p>\n<p>\n         Publicado<br \/>\n            19\/09\/2025 &#8211; 22:33 CEST\n            <\/p>\n<p>          <img decoding=\"async\" class=\"c-ad__placeholder__logo\" src=\"https:\/\/static.euronews.com\/website\/images\/logos\/logo-euronews-stacked-outlined-72x72-grey-9.svg\" width=\"72\" height=\"72\" alt=\"\" loading=\"lazy\"\/><br \/>\n          PUBLICIDAD<\/p>\n<p>El Gobierno portugu\u00e9s confirm\u00f3 el viernes que oficializar\u00e1 el <strong>reconocimiento del Estado palestino el domingo 21 de septiembre<\/strong>, <a href=\"https:\/\/es.euronews.com\/my-europe\/2025\/09\/18\/por-que-es-tan-importante-la-causa-palestina-en-espana\" rel=\"nofollow noopener\" target=\"_blank\">sum\u00e1ndose a pa\u00edses como Espa\u00f1a<\/a> y Francia.<\/p>\n<p>Seg\u00fan indic\u00f3 la presidencia francesa, un grupo de diez pa\u00edses, entre ellos Portugal y Francia, realizar\u00e1 el reconocimiento <strong>de manera coordinada durante una conferencia prevista para el lunes en Nueva York<\/strong>, al margen de la Asamblea General de Naciones Unidas.<\/p>\n<p>En el caso portugu\u00e9s, el Ejecutivo precis\u00f3 que la declaraci\u00f3n oficial de reconocimiento se <strong>emitir\u00e1 un d\u00eda antes<\/strong>, el domingo. Francia, pa\u00eds que impulsa la iniciativa, lidera el bloque de Estados que participar\u00e1n en el anuncio conjunto. Adem\u00e1s de Francia y Portugal, reconocer\u00e1n a Palestina Andorra, Australia, B\u00e9lgica, Canad\u00e1, Luxemburgo, Malta, Reino Unido y San Marino, seg\u00fan confirm\u00f3 un asesor del presidente Emmanuel Macron.<\/p>\n","protected":false},"excerpt":{"rendered":"Por&amp;nbspEuronews Publicado 19\/09\/2025 &#8211; 22:33 CEST PUBLICIDAD El Gobierno portugu\u00e9s confirm\u00f3 el viernes que oficializar\u00e1 el reconocimiento del&hellip;\n","protected":false},"author":2,"featured_media":126165,"comment_status":"","ping_status":"","sticky":false,"template":"","format":"standard","meta":{"footnotes":""},"categories":[42],"tags":[17,18,13,14,317,1256,1258,11,61,62,63,64,19,20,9,10,15,16,76,1462,12,21,22,65,66,67],"class_list":{"0":"post-126164","1":"post","2":"type-post","3":"status-publish","4":"format-standard","5":"has-post-thumbnail","7":"category-internacional","8":"tag-breaking-news","9":"tag-breakingnews","10":"tag-featured-news","11":"tag-featurednews","12":"tag-francia","13":"tag-franja-de-gaza","14":"tag-guerra-israel-hamas","15":"tag-headlines","16":"tag-internacional","17":"tag-international","18":"tag-international-news","19":"tag-internationalnews","20":"tag-latest-news","21":"tag-latestnews","22":"tag-news","23":"tag-noticias","24":"tag-noticias-destacadas","25":"tag-noticiasdestacadas","26":"tag-palestina","27":"tag-portugal","28":"tag-titulares","29":"tag-ultimas-noticias","30":"tag-ultimasnoticias","31":"tag-world","32":"tag-world-news","33":"tag-worldnews"},"share_on_mastodon":{"url":"","error":""},"_links":{"self":[{"href":"https:\/\/www.europesays.com\/es\/wp-json\/wp\/v2\/posts\/126164","targetHints":{"allow":["GET"]}}],"collection":[{"href":"https:\/\/www.europesays.com\/es\/wp-json\/wp\/v2\/posts"}],"about":[{"href":"https:\/\/www.europesays.com\/es\/wp-json\/wp\/v2\/types\/post"}],"author":[{"embeddable":true,"href":"https:\/\/www.europesays.com\/es\/wp-json\/wp\/v2\/users\/2"}],"replies":[{"embeddable":true,"href":"https:\/\/www.europesays.com\/es\/wp-json\/wp\/v2\/comments?post=126164"}],"version-history":[{"count":0,"href":"https:\/\/www.europesays.com\/es\/wp-json\/wp\/v2\/posts\/126164\/revisions"}],"wp:featuredmedia":[{"embeddable":true,"href":"https:\/\/www.europesays.com\/es\/wp-json\/wp\/v2\/media\/126165"}],"wp:attachment":[{"href":"https:\/\/www.europesays.com\/es\/wp-json\/wp\/v2\/media?parent=126164"}],"wp:term":[{"taxonomy":"category","embeddable":true,"href":"https:\/\/www.europesays.com\/es\/wp-json\/wp\/v2\/categories?post=126164"},{"taxonomy":"post_tag","embeddable":true,"href":"https:\/\/www.europesays.com\/es\/wp-json\/wp\/v2\/tags?post=126164"}],"curies":[{"name":"wp","href":"https:\/\/api.w.org\/{rel}","templated":true}]}}