{"id":126168,"date":"2025-09-19T22:17:16","date_gmt":"2025-09-19T22:17:16","guid":{"rendered":"https:\/\/www.europesays.com\/es\/126168\/"},"modified":"2025-09-19T22:17:16","modified_gmt":"2025-09-19T22:17:16","slug":"festival-de-san-sebastian-2","status":"publish","type":"post","link":"https:\/\/www.europesays.com\/es\/126168\/","title":{"rendered":"Festival de San Sebasti\u00e1n"},"content":{"rendered":"<p>&#13;<br \/>\n\tEl Festival de San Sebasti\u00e1n afianza su colaboraci\u00f3n con Repsol como partner energ\u00e9tico, lo que permite al certamen continuar avanzando en el objetivo de reducir sus emisiones de CO2 y seguir siendo un evento neutro en carbono.<\/p>\n<p>&#13;<br \/>\n\tPor tercer a\u00f1o consecutivo, la compa\u00f1\u00eda suministrar\u00e1 distintas soluciones energ\u00e9ticas para disminuir las emisiones generadas por el Festival. Por un lado, se utilizar\u00e1n combustibles 100% renovables para traslados de personas invitadas y trabajadores del certamen.<\/p>\n<p>&#13;<br \/>\n\tAdem\u00e1s, Repsol tambi\u00e9n proporcionar\u00e1 al Festival grupos electr\u00f3genos que funcionan con combustible 100% renovable y que cubrir\u00e1n las necesidades energ\u00e9ticas de la fiesta de clausura, cuya celebraci\u00f3n tendr\u00e1 lugar en el Palacio de Miramar.<\/p>\n<p>&#13;<br \/>\n\tLos combustibles 100% renovables de Repsol se fabrican a partir de residuos como aceites de cocina usados, restos de poda o residuos agr\u00edcolas y ganaderos, as\u00ed como de la industria agroalimentaria, d\u00e1ndoles as\u00ed una segunda vida.<\/p>\n<p>&#13;<br \/>\n\tTambi\u00e9n y al igual que en ediciones anteriores, Repsol pondr\u00e1 a disposici\u00f3n de la flota de veh\u00edculos el\u00e9ctricos e h\u00edbridos enchufables del Festival toda su red de recarga p\u00fablica de San Sebasti\u00e1n, con distintos puntos instalados y operativos. Adem\u00e1s de habilitar dos puestos el\u00e9ctricos de carga lenta en el Paseo de la Rep\u00fablica Argentina, Repsol facilitar\u00e1 la utilizaci\u00f3n de los puestos de carga r\u00e1pida en las diferentes estaciones de repostaje, destinados a parte de la flota de coches oficiales.<\/p>\n<p>&#13;<br \/>\n\tRepsol instalar\u00e1 en la Plaza Okendo un espacio junto con Kin\u00f3tico, un medio de comunicaci\u00f3n de referencia en espa\u00f1ol sobre la industria audiovisual, desde donde retransmitir\u00e1n toda la actualidad del Festival. Adem\u00e1s, en este espacio el p\u00fablico podr\u00e1 descansar, recargar su m\u00f3vil con energ\u00eda solar y vivir una experiencia de cine en primera persona, asistiendo de manera gratuita a las entrevistas, mesas redondas y grabaciones de podcast.\u00a0\u00a0\u00a0<\/p>\n<p>&#13;<br \/>\n\tEl Festival de San Sebasti\u00e1n se convirti\u00f3 por primera vez en un evento neutro en carbono en su 72\u00aa edici\u00f3n, celebrada en 2024.<\/p>\n","protected":false},"excerpt":{"rendered":"&#13; El Festival de San Sebasti\u00e1n afianza su colaboraci\u00f3n con Repsol como partner energ\u00e9tico, lo que permite al&hellip;\n","protected":false},"author":2,"featured_media":126169,"comment_status":"","ping_status":"","sticky":false,"template":"","format":"standard","meta":{"footnotes":""},"categories":[5],"tags":[17,18,25,24,13,14,11,19,20,9,10,15,16,23,12,21,22],"class_list":{"0":"post-126168","1":"post","2":"type-post","3":"status-publish","4":"format-standard","5":"has-post-thumbnail","7":"category-titulares","8":"tag-breaking-news","9":"tag-breakingnews","10":"tag-es","11":"tag-espana","12":"tag-featured-news","13":"tag-featurednews","14":"tag-headlines","15":"tag-latest-news","16":"tag-latestnews","17":"tag-news","18":"tag-noticias","19":"tag-noticias-destacadas","20":"tag-noticiasdestacadas","21":"tag-spain","22":"tag-titulares","23":"tag-ultimas-noticias","24":"tag-ultimasnoticias"},"share_on_mastodon":{"url":"","error":""},"_links":{"self":[{"href":"https:\/\/www.europesays.com\/es\/wp-json\/wp\/v2\/posts\/126168","targetHints":{"allow":["GET"]}}],"collection":[{"href":"https:\/\/www.europesays.com\/es\/wp-json\/wp\/v2\/posts"}],"about":[{"href":"https:\/\/www.europesays.com\/es\/wp-json\/wp\/v2\/types\/post"}],"author":[{"embeddable":true,"href":"https:\/\/www.europesays.com\/es\/wp-json\/wp\/v2\/users\/2"}],"replies":[{"embeddable":true,"href":"https:\/\/www.europesays.com\/es\/wp-json\/wp\/v2\/comments?post=126168"}],"version-history":[{"count":0,"href":"https:\/\/www.europesays.com\/es\/wp-json\/wp\/v2\/posts\/126168\/revisions"}],"wp:featuredmedia":[{"embeddable":true,"href":"https:\/\/www.europesays.com\/es\/wp-json\/wp\/v2\/media\/126169"}],"wp:attachment":[{"href":"https:\/\/www.europesays.com\/es\/wp-json\/wp\/v2\/media?parent=126168"}],"wp:term":[{"taxonomy":"category","embeddable":true,"href":"https:\/\/www.europesays.com\/es\/wp-json\/wp\/v2\/categories?post=126168"},{"taxonomy":"post_tag","embeddable":true,"href":"https:\/\/www.europesays.com\/es\/wp-json\/wp\/v2\/tags?post=126168"}],"curies":[{"name":"wp","href":"https:\/\/api.w.org\/{rel}","templated":true}]}}