{"id":126172,"date":"2025-09-19T22:19:08","date_gmt":"2025-09-19T22:19:08","guid":{"rendered":"https:\/\/www.europesays.com\/es\/126172\/"},"modified":"2025-09-19T22:19:08","modified_gmt":"2025-09-19T22:19:08","slug":"torero-perdio-la-vida-tras-ser-embestido-por-toro-en-plenas-fiestas-quedo-en-video","status":"publish","type":"post","link":"https:\/\/www.europesays.com\/es\/126172\/","title":{"rendered":"Torero perdi\u00f3 la vida tras ser embestido por toro en plenas fiestas; qued\u00f3 en video"},"content":{"rendered":"<p>Un tr\u00e1gico accidente marc\u00f3 las celebraciones patronales del pmunicipio de Alaypampa, en Chincheros, en Per\u00fa. El pasado martes 16 de septiembre, <b>el torero aficionado **Rudy Saccaco Huachaca**, de 40 a\u00f1os, perdi\u00f3 la vida tras ser embestido por un toro de lidia durante una corrida.<\/b><\/p>\n<p><b>El hecho fue registrado en una transmisi\u00f3n en vivo realizada por una asistente al evento<\/b>, video que r\u00e1pidamente se difundi\u00f3 en redes sociales y gener\u00f3 gran conmoci\u00f3n dentro y fuera del pa\u00eds.<\/p>\n<p><b>Todo qued\u00f3 en video<\/b><\/p>\n<p>Seg\u00fan las im\u00e1genes, Saccaco ingres\u00f3 al ruedo y comenz\u00f3 a ejecutar distintas faenas frente al animal. Sin embargo, en medio de un embate, <b>calcul\u00f3 mal una de las maniobras y recibi\u00f3 una cornada que le provoc\u00f3 una herida grave desde la pelvis hasta el abdomen.<\/b> El impacto fue tan fuerte que los presentes reaccionaron con horror. \u201c\u00a1Le ha roto la barriga!\u201d, exclam\u00f3 la joven que realizaba la transmisi\u00f3n en directo.<\/p>\n<p>De inmediato, param\u00e9dicos que estaban en la plaza intentaron auxiliar al torero, pero las lesiones resultaron mortales. <b>El hombre falleci\u00f3 antes de poder ser trasladado a un centro asistencial.<\/b><\/p>\n<p>Rudy Saccaco Huachaca era padre de tres hijos y reconocido en su comunidad por su afici\u00f3n a la tauromaquia. Tras confirmarse su deceso, l<b>as autoridades locales suspendieron las actividades programadas en honor a las fiestas patronales, decretando luto en Alaypampa.<\/b><\/p>\n","protected":false},"excerpt":{"rendered":"Un tr\u00e1gico accidente marc\u00f3 las celebraciones patronales del pmunicipio de Alaypampa, en Chincheros, en Per\u00fa. El pasado martes&hellip;\n","protected":false},"author":2,"featured_media":126173,"comment_status":"","ping_status":"","sticky":false,"template":"","format":"standard","meta":{"footnotes":""},"categories":[277],"tags":[373,168,25,24,23,167,374],"class_list":{"0":"post-126172","1":"post","2":"type-post","3":"status-publish","4":"format-standard","5":"has-post-thumbnail","7":"category-toreo","8":"tag-bullfighting","9":"tag-deportes","10":"tag-es","11":"tag-espana","12":"tag-spain","13":"tag-sports","14":"tag-toreo"},"share_on_mastodon":{"url":"","error":""},"_links":{"self":[{"href":"https:\/\/www.europesays.com\/es\/wp-json\/wp\/v2\/posts\/126172","targetHints":{"allow":["GET"]}}],"collection":[{"href":"https:\/\/www.europesays.com\/es\/wp-json\/wp\/v2\/posts"}],"about":[{"href":"https:\/\/www.europesays.com\/es\/wp-json\/wp\/v2\/types\/post"}],"author":[{"embeddable":true,"href":"https:\/\/www.europesays.com\/es\/wp-json\/wp\/v2\/users\/2"}],"replies":[{"embeddable":true,"href":"https:\/\/www.europesays.com\/es\/wp-json\/wp\/v2\/comments?post=126172"}],"version-history":[{"count":0,"href":"https:\/\/www.europesays.com\/es\/wp-json\/wp\/v2\/posts\/126172\/revisions"}],"wp:featuredmedia":[{"embeddable":true,"href":"https:\/\/www.europesays.com\/es\/wp-json\/wp\/v2\/media\/126173"}],"wp:attachment":[{"href":"https:\/\/www.europesays.com\/es\/wp-json\/wp\/v2\/media?parent=126172"}],"wp:term":[{"taxonomy":"category","embeddable":true,"href":"https:\/\/www.europesays.com\/es\/wp-json\/wp\/v2\/categories?post=126172"},{"taxonomy":"post_tag","embeddable":true,"href":"https:\/\/www.europesays.com\/es\/wp-json\/wp\/v2\/tags?post=126172"}],"curies":[{"name":"wp","href":"https:\/\/api.w.org\/{rel}","templated":true}]}}