{"id":126180,"date":"2025-09-19T22:25:03","date_gmt":"2025-09-19T22:25:03","guid":{"rendered":"https:\/\/www.europesays.com\/es\/126180\/"},"modified":"2025-09-19T22:25:03","modified_gmt":"2025-09-19T22:25:03","slug":"el-joventut-de-ricky-rubio-deja-al-barca-sin-su-primer-titulo-de-la-temporada","status":"publish","type":"post","link":"https:\/\/www.europesays.com\/es\/126180\/","title":{"rendered":"El Joventut de Ricky Rubio deja al Bar\u00e7a sin su primer t\u00edtulo de la temporada"},"content":{"rendered":"<p data-mrf-recirculation=\"Links P\u00e1rrafos\" class=\"ue-c-article__paragraph paragraph ue-c-article--first-letter-highlighted\">El <strong>Joventut de Badalona<\/strong> se clasific\u00f3 este viernes para la final de la <strong>46\u00aa edici\u00f3n de la Liga Catalana<\/strong> ACB tras vencer al <strong>Bar\u00e7a (80-81),<\/strong> campe\u00f3n de las tres \u00faltimas ediciones, en un partido muy igualado disputado en el <strong>Palacio de Deportes Catalunya<\/strong> de Tarragona que se decidi\u00f3 en los \u00faltimos segundos.<\/p>\n<p data-mrf-recirculation=\"Links P\u00e1rrafos\" class=\"ue-c-article__paragraph paragraph\">Liderados por el escolta <strong>Cameron Hunt<\/strong>, m\u00e1ximo anotador del encuentro con <strong>25 puntos<\/strong>, los verdinegros buscan conquistar la <strong>Liga Catalana<\/strong> por primera vez desde 2008.<\/p>\n<p data-mrf-recirculation=\"Links P\u00e1rrafos\" class=\"ue-c-article__paragraph paragraph\">En la final del domingo se enfrentar\u00e1n al<strong> BAXI Manresa<\/strong>, que aunque cay\u00f3 ante el <strong>B\u00e0squet Girona<\/strong> (89-90) logr\u00f3 el pase a su tercera final consecutiva gracias a un triple empate con ventaja en el &#8216;average&#8217; general.<\/p>\n<p data-mrf-recirculation=\"Links P\u00e1rrafos\" class=\"ue-c-article__paragraph paragraph\">El <strong>Joventut de Badalona<\/strong> sali\u00f3 con m\u00e1s determinaci\u00f3n, dispuesto a volver a una final de la <strong>Lliga Catalana<\/strong> tres a\u00f1os despu\u00e9s. Con un <strong>Hunt<\/strong> inspirado \u2014autor de seis de los diez primeros puntos\u2014 y un <strong>Dekker <\/strong>muy activo, los verdinegros abrieron pronto la primera brecha (3-10, min.4).<\/p>\n<p data-mrf-recirculation=\"Links P\u00e1rrafos\" class=\"ue-c-article__paragraph paragraph\">Con el paso de los minutos, <strong>Pe\u00f1arroya<\/strong>, obligado a elevar el acierto y la intensidad, recurri\u00f3 a <strong>Shengelia<\/strong>. El georgiano estren\u00f3 su casillero como azulgrana, elev\u00f3 el list\u00f3n f\u00edsico en defensa, sum\u00f3 rebotes y permiti\u00f3 al <strong>Bar\u00e7a <\/strong>acercarse a cuatro puntos al cierre del primer cuarto (17-21).<\/p>\n<p data-mrf-recirculation=\"Links P\u00e1rrafos\" class=\"ue-c-article__paragraph paragraph\">En el segundo cuarto, el <strong>Bar\u00e7a <\/strong>sigui\u00f3 limando la diferencia con nuevos protagonistas. <strong>Parra<\/strong> castig\u00f3 desde el per\u00edmetro, <strong>Cale <\/strong>aport\u00f3 puntos gracias a su poder\u00edo f\u00edsico y <strong>Laprovittola <\/strong>gui\u00f3 con acierto y asistencias la direcci\u00f3n del juego.<\/p>\n<p data-mrf-recirculation=\"Links P\u00e1rrafos\" class=\"ue-c-article__paragraph paragraph\">Ese despliegue azulgrana consigui\u00f3 contener el empuje de <strong>Hunt<\/strong>, faro ofensivo del <strong>Joventut <\/strong>con 16 de los 37 puntos al descanso. Aun as\u00ed, el estadounidense no pudo evitar que un triple de <strong>Norris <\/strong>pusiera al <strong>Bar\u00e7a <\/strong>por delante por primera vez (36-35, min.18), renta que los azulgranas mantuvieron hasta el intermedio (38-37).<\/p>\n<p data-mrf-recirculation=\"Links P\u00e1rrafos\" class=\"ue-c-article__paragraph paragraph\">El descanso revitaliz\u00f3 a los verdinegros, que regresaron a la pista muy concentrados y con la ambici\u00f3n de adue\u00f1arse del partido, encadenando un parcial de 2-9 que dio la vuelta al marcador (40-46, min.22).<\/p>\n<p data-mrf-recirculation=\"Links P\u00e1rrafos\" class=\"ue-c-article__paragraph paragraph\">Poco le dur\u00f3, sin embargo, ese valioso bot\u00edn al equipo de <strong>Dani Miret<\/strong>. El <strong>Bar\u00e7a <\/strong>respondi\u00f3 primero con la potencia f\u00edsica de <strong>Clyburn <\/strong>y luego con la irrupci\u00f3n de <strong>Punter<\/strong>, autor de ocho puntos consecutivos que igualaron de nuevo el marcador (55-55, min.27), manteni\u00e9ndose el duelo en rentas cortas hasta bien entrado el \u00faltimo cuarto.<\/p>\n<p data-mrf-recirculation=\"Links P\u00e1rrafos\" class=\"ue-c-article__paragraph paragraph\">Una falta t\u00e9cnica a<strong> Dani Miret<\/strong> por protestar una acci\u00f3n envalenton\u00f3 al <strong>Bar\u00e7a<\/strong>, que encaden\u00f3 un parcial de 8-0 (69-65, min.33), amenazando con romper el partido. Pero cada intento de escapada era respondido por el <strong>Joventut<\/strong>. <strong>Hakanson<\/strong>, certero desde media distancia, y <strong>Ricky Rubio<\/strong>, infalible desde el tiro libre, adelantaban a los verdinegros (72-73, min.37).<\/p>\n<p data-mrf-recirculation=\"Links P\u00e1rrafos\" class=\"ue-c-article__paragraph paragraph\">El desenlace se decidi\u00f3 en detalles. Un triple lejano de <strong>Dekker <\/strong>acerc\u00f3 a los visitantes (78-77, min.39) y, en la frialdad de <strong>Hunt <\/strong>desde el tiro libre, los verdinegros se pusieron por delante a cuatro segundos del final. <strong>Clyburn<\/strong> tuvo el \u00faltimo tiro, pero fall\u00f3, y el <strong>Joventut <\/strong>elimin\u00f3 al campe\u00f3n de las \u00faltimas tres ediciones.<\/p>\n<p>Ficha t\u00e9cnica<\/p>\n<p data-mrf-recirculation=\"Links P\u00e1rrafos\" class=\"ue-c-article__paragraph paragraph\"><strong>80 &#8211; Bar\u00e7a (17+21+23+19): <\/strong>Marcos (5), Cale (9), Norris (5), Parra (10) y Hernang\u00f3mez (6) -cinco inicial- Laprovittola (5), Clyburn (7), Punter (11), Vesely (2), Satoransky (14), Fall (0), Shengelia (6).<\/p>\n<p data-mrf-recirculation=\"Links P\u00e1rrafos\" class=\"ue-c-article__paragraph paragraph\"><strong>81 &#8211; Joventut Badalona (21+16+25+19): <\/strong>Hakanson (12), Hunt (25), Kraag (4), Dekker (10) y Birgander (4) -cinco inicial-, Vives (-), Hanga (1), Drell (4), Rubio (11) y Tomic (10).<\/p>\n<p data-mrf-recirculation=\"Links P\u00e1rrafos\" class=\"ue-c-article__paragraph paragraph\"><strong>\u00c1rbitros:<\/strong> Jordi Aliaga Sol\u00e9, Juan de Dios Oy\u00f3n Cauqui y Yasmina Alcaraz Moreno. Se\u00f1alaron falta t\u00e9cnica a Sam Dekker (min.29) y al t\u00e9cnico Dani Miret (min.32) por parte del Joventut de Badalona.<\/p>\n<p data-mrf-recirculation=\"Links P\u00e1rrafos\" class=\"ue-c-article__paragraph paragraph\"><strong>Incidencias:<\/strong> Partido correspondiente a la tercera jornada de la 46\u00aa Liga Catalana disputado en el Palau d&#8217;Esports de Catalunya (Tarragona) ante 1.151 espectadores.<\/p>\n","protected":false},"excerpt":{"rendered":"El Joventut de Badalona se clasific\u00f3 este viernes para la final de la 46\u00aa edici\u00f3n de la Liga&hellip;\n","protected":false},"author":2,"featured_media":126181,"comment_status":"","ping_status":"","sticky":false,"template":"","format":"standard","meta":{"footnotes":""},"categories":[269],"tags":[299,298,168,25,24,23,167],"class_list":{"0":"post-126180","1":"post","2":"type-post","3":"status-publish","4":"format-standard","5":"has-post-thumbnail","7":"category-baloncesto","8":"tag-baloncesto","9":"tag-basketball","10":"tag-deportes","11":"tag-es","12":"tag-espana","13":"tag-spain","14":"tag-sports"},"share_on_mastodon":{"url":"","error":""},"_links":{"self":[{"href":"https:\/\/www.europesays.com\/es\/wp-json\/wp\/v2\/posts\/126180","targetHints":{"allow":["GET"]}}],"collection":[{"href":"https:\/\/www.europesays.com\/es\/wp-json\/wp\/v2\/posts"}],"about":[{"href":"https:\/\/www.europesays.com\/es\/wp-json\/wp\/v2\/types\/post"}],"author":[{"embeddable":true,"href":"https:\/\/www.europesays.com\/es\/wp-json\/wp\/v2\/users\/2"}],"replies":[{"embeddable":true,"href":"https:\/\/www.europesays.com\/es\/wp-json\/wp\/v2\/comments?post=126180"}],"version-history":[{"count":0,"href":"https:\/\/www.europesays.com\/es\/wp-json\/wp\/v2\/posts\/126180\/revisions"}],"wp:featuredmedia":[{"embeddable":true,"href":"https:\/\/www.europesays.com\/es\/wp-json\/wp\/v2\/media\/126181"}],"wp:attachment":[{"href":"https:\/\/www.europesays.com\/es\/wp-json\/wp\/v2\/media?parent=126180"}],"wp:term":[{"taxonomy":"category","embeddable":true,"href":"https:\/\/www.europesays.com\/es\/wp-json\/wp\/v2\/categories?post=126180"},{"taxonomy":"post_tag","embeddable":true,"href":"https:\/\/www.europesays.com\/es\/wp-json\/wp\/v2\/tags?post=126180"}],"curies":[{"name":"wp","href":"https:\/\/api.w.org\/{rel}","templated":true}]}}