{"id":126184,"date":"2025-09-19T22:27:07","date_gmt":"2025-09-19T22:27:07","guid":{"rendered":"https:\/\/www.europesays.com\/es\/126184\/"},"modified":"2025-09-19T22:27:07","modified_gmt":"2025-09-19T22:27:07","slug":"con-una-lagrima-suya-no-habria-estado-en-este-oficio","status":"publish","type":"post","link":"https:\/\/www.europesays.com\/es\/126184\/","title":{"rendered":"Con una l\u00e1grima suya, no habr\u00eda estado en este oficio"},"content":{"rendered":"<p>Miguel R\u00edos, con 81 a\u00f1os de vida y 65 en la m\u00fasica, viene pisando fuerte con<b> un nuevo trabajo bajo el brazo<\/b>: &#8216;En la rampa de salida&#8217; u &#8216;Oro Irland\u00e9s&#8217;, ambos son singles de su pr\u00f3ximo disco: &#8216;El \u00faltimo vals&#8217;.<\/p>\n<p>Un trabajo que sin duda <b>volver\u00e1 a atraparnos los o\u00eddos <\/b>y que le llevar\u00e1 una gira con la que recorrer\u00e1 los teatro m\u00e1s emblem\u00e1ticos de nuestro pa\u00eds: \u00abUno por semana, as\u00ed me recompongo\u00bb.<\/p>\n<p>\u00abQue te aplaudan en el escenario es agradable. <b>Lo dej\u00e9 una vez y volv\u00ed a toda hostia<\/b>\u00ab, ha confesado Miguel R\u00edos, el ni\u00f1o que quiso ser Elvis desde peque\u00f1o.<\/p>\n<p>El artista se ha sentado en el plat\u00f3 junto a Sonsoles \u00d3nega en una entrevista donde ha habido tiempo para<b> recordar a su madre<\/b>: \u00abFue una persona muy generosa porque con una l\u00e1grima de ella, no hubiera estado en este oficio\u00bb.<\/p>\n<p>\u00abNo solo me anim\u00f3, sino que adem\u00e1s<b> me dej\u00f3 el dinero que ten\u00eda<\/b> para que aguantara las primeras semanas\u00bb, ha confesado al tambi\u00e9n recordar a su padre: \u00abEra todo lo contrario a lo que era yo\u00bb.<\/p>\n<p>\u00ab<b>Nunca habl\u00e9 con mi padre de la vida<\/b>\u00bb ha confesado un Miguel R\u00edos emocionado, mientras que a\u00f1ad\u00eda: \u00abla obligaci\u00f3n de criar 7 hijos, pesa\u00bb.<\/p>\n<p>Miguel R\u00edos es sin duda uno de los <b>rockeros <\/b>m\u00e1s respetados y aclamados de nuestras fronteras.<\/p>\n","protected":false},"excerpt":{"rendered":"Miguel R\u00edos, con 81 a\u00f1os de vida y 65 en la m\u00fasica, viene pisando fuerte con un nuevo&hellip;\n","protected":false},"author":2,"featured_media":126185,"comment_status":"","ping_status":"","sticky":false,"template":"","format":"standard","meta":{"footnotes":""},"categories":[174],"tags":[255,146,147,25,24,256,23],"class_list":{"0":"post-126184","1":"post","2":"type-post","3":"status-publish","4":"format-standard","5":"has-post-thumbnail","7":"category-famosos","8":"tag-celebrities","9":"tag-entertainment","10":"tag-entretenimiento","11":"tag-es","12":"tag-espana","13":"tag-famosos","14":"tag-spain"},"share_on_mastodon":{"url":"","error":""},"_links":{"self":[{"href":"https:\/\/www.europesays.com\/es\/wp-json\/wp\/v2\/posts\/126184","targetHints":{"allow":["GET"]}}],"collection":[{"href":"https:\/\/www.europesays.com\/es\/wp-json\/wp\/v2\/posts"}],"about":[{"href":"https:\/\/www.europesays.com\/es\/wp-json\/wp\/v2\/types\/post"}],"author":[{"embeddable":true,"href":"https:\/\/www.europesays.com\/es\/wp-json\/wp\/v2\/users\/2"}],"replies":[{"embeddable":true,"href":"https:\/\/www.europesays.com\/es\/wp-json\/wp\/v2\/comments?post=126184"}],"version-history":[{"count":0,"href":"https:\/\/www.europesays.com\/es\/wp-json\/wp\/v2\/posts\/126184\/revisions"}],"wp:featuredmedia":[{"embeddable":true,"href":"https:\/\/www.europesays.com\/es\/wp-json\/wp\/v2\/media\/126185"}],"wp:attachment":[{"href":"https:\/\/www.europesays.com\/es\/wp-json\/wp\/v2\/media?parent=126184"}],"wp:term":[{"taxonomy":"category","embeddable":true,"href":"https:\/\/www.europesays.com\/es\/wp-json\/wp\/v2\/categories?post=126184"},{"taxonomy":"post_tag","embeddable":true,"href":"https:\/\/www.europesays.com\/es\/wp-json\/wp\/v2\/tags?post=126184"}],"curies":[{"name":"wp","href":"https:\/\/api.w.org\/{rel}","templated":true}]}}