{"id":126186,"date":"2025-09-19T22:28:07","date_gmt":"2025-09-19T22:28:07","guid":{"rendered":"https:\/\/www.europesays.com\/es\/126186\/"},"modified":"2025-09-19T22:28:07","modified_gmt":"2025-09-19T22:28:07","slug":"la-galeria-pelaires-unifica-los-lenguajes-de-una-docena-de-artistas-para-la-nit-de-lart","status":"publish","type":"post","link":"https:\/\/www.europesays.com\/es\/126186\/","title":{"rendered":"La Galer\u00eda Pelaires unifica los lenguajes de una docena de artistas para la Nit de l&#8217;Art"},"content":{"rendered":"<p>La <strong><a href=\"https:\/\/www.ultimahora.es\/etiqueta\/Galer%C3%ADa+Pelaires.html?utm_source=Inline-tag&amp;utm_medium=internal\" rel=\"nofollow noopener\" target=\"_blank\">Galer\u00eda Pelaires<\/a><\/strong> re\u00fane en sus diferentes salas a una docena de artistas bajo el comisariado de Sasa Bogojev, que ha unificado las creaciones de nombres y artistas muy diferentes bajo un mismo hilo conductor: la canci\u00f3n de Simon &amp; Garfunkel Scarborough Fair y su letra, que da t\u00edtulo a la muestra, <strong>Parsley, Sage, Rosemary and Thyme<\/strong>.<\/p>\n<p>Los nombres que conforman la muestra son Katherine Bradford, Ferdinand D\u00f6lberg, Alessandro Fogo, Aubrey Levinthal, Gori Mora, James Owens, Christian Quin Newell, Nastaran Shahbazi, M\u00f2nica Sudib\u00e9, Jonathan Wateridge y Matthias Wiescher. A su vez, a ellos se suma la propuesta individual de Andrei Pokrovskii titulada <strong>Maelady<\/strong>, ubicada en el <strong>Cabinet<\/strong>.<\/p>\n<p>El comisario, Bofojev, explica que el v\u00ednculo de todo nace a trav\u00e9s de la <strong>m\u00fasica<\/strong>. Los lenguajes de los distintos artistas, variados entre s\u00ed, mantienen v\u00ednculos a ra\u00edz de la importancia de esta letra de <strong>Simon &amp; Garfunkel<\/strong> que aparentemente no tienen cabida en el resto de la canci\u00f3n, parece desconectada, pero funciona como un todo. Lo mismo ocurre, detalla, con estas pinturas, las cuales incluyen obras de importantes artistas actuales y formatos muy variados. En apariencia proyectan una sensaci\u00f3n de cohabitar un espacio de manera independiente, pero si se las ve con detenimiento, las obras hablan unas con otras.<\/p>\n<p>El propio espacio ha sido algo que ha hablado de manera directa al comisario, que reconoce que normalmente es capaz de adaptar cualquier creaci\u00f3n a un sitio, pero aqu\u00ed, en la <a href=\"https:\/\/www.ultimahora.es\/etiqueta\/pelaires.html?utm_source=Inline-tag&amp;utm_medium=internal\" rel=\"nofollow noopener\" target=\"_blank\">Pelaires<\/a>, indica que fue al rev\u00e9s: \u00abPocas veces un lugar es tan directo\u00bb. As\u00ed, Bogojev habla de c\u00f3mo las diferentes pinturas evocan desde sus posicionamientos varias y variadas sensaciones, desde danzas mortales medievales hasta figuras fantasmag\u00f3ricas en contextos cotidianos o, incluso, piscinas habitadas por personas incompletas.<\/p>\n<p>Se trata de la propuesta variada y colectiva de la Pelaires para la <strong><a href=\"https:\/\/www.ultimahora.es\/etiqueta\/Nit+de+l%27Art.html?utm_source=Inline-tag&amp;utm_medium=internal\" rel=\"nofollow noopener\" target=\"_blank\">Nit de l&#8217;Art<\/a><\/strong>, aunque la galer\u00eda liderada por <strong>Frederic Pinya<\/strong> estar\u00e1 presente en varios otros lugares, desde Paysage Mir\u00f3 y la propuesta concreta de Sa Llonja de la mano del <strong>Museo Reina Sof\u00eda<\/strong> con La for\u00e7a inicial y tambi\u00e9n con Hem arribat a l&#8217;infern, de <strong>Bernard\u00ed Roig<\/strong>, en el Museu de Mallorca.<\/p>\n","protected":false},"excerpt":{"rendered":"La Galer\u00eda Pelaires re\u00fane en sus diferentes salas a una docena de artistas bajo el comisariado de Sasa&hellip;\n","protected":false},"author":2,"featured_media":126187,"comment_status":"","ping_status":"","sticky":false,"template":"","format":"standard","meta":{"footnotes":""},"categories":[173],"tags":[229,1829,233,231,230,209,232,234,146,147,25,24,1833,41013,1834,41014,40862,40863,41015,503,1835,23],"class_list":{"0":"post-126186","1":"post","2":"type-post","3":"status-publish","4":"format-standard","5":"has-post-thumbnail","7":"category-arte-y-diseno","8":"tag-arte","9":"tag-arte-en-mallorca","10":"tag-arte-y-diseno","11":"tag-arts","12":"tag-arts-and-design","13":"tag-cultura","14":"tag-design","15":"tag-diseno","16":"tag-entertainment","17":"tag-entretenimiento","18":"tag-es","19":"tag-espana","20":"tag-exposicion-de-pintura","21":"tag-exposicion-de-pinturas","22":"tag-exposicion-pintura","23":"tag-galeria-pelaires","24":"tag-nit-de-lart","25":"tag-nit-de-lart-en-palma","26":"tag-pelaires","27":"tag-pintura","28":"tag-pintura-en-mallorca","29":"tag-spain"},"share_on_mastodon":{"url":"","error":""},"_links":{"self":[{"href":"https:\/\/www.europesays.com\/es\/wp-json\/wp\/v2\/posts\/126186","targetHints":{"allow":["GET"]}}],"collection":[{"href":"https:\/\/www.europesays.com\/es\/wp-json\/wp\/v2\/posts"}],"about":[{"href":"https:\/\/www.europesays.com\/es\/wp-json\/wp\/v2\/types\/post"}],"author":[{"embeddable":true,"href":"https:\/\/www.europesays.com\/es\/wp-json\/wp\/v2\/users\/2"}],"replies":[{"embeddable":true,"href":"https:\/\/www.europesays.com\/es\/wp-json\/wp\/v2\/comments?post=126186"}],"version-history":[{"count":0,"href":"https:\/\/www.europesays.com\/es\/wp-json\/wp\/v2\/posts\/126186\/revisions"}],"wp:featuredmedia":[{"embeddable":true,"href":"https:\/\/www.europesays.com\/es\/wp-json\/wp\/v2\/media\/126187"}],"wp:attachment":[{"href":"https:\/\/www.europesays.com\/es\/wp-json\/wp\/v2\/media?parent=126186"}],"wp:term":[{"taxonomy":"category","embeddable":true,"href":"https:\/\/www.europesays.com\/es\/wp-json\/wp\/v2\/categories?post=126186"},{"taxonomy":"post_tag","embeddable":true,"href":"https:\/\/www.europesays.com\/es\/wp-json\/wp\/v2\/tags?post=126186"}],"curies":[{"name":"wp","href":"https:\/\/api.w.org\/{rel}","templated":true}]}}