{"id":126188,"date":"2025-09-19T22:30:05","date_gmt":"2025-09-19T22:30:05","guid":{"rendered":"https:\/\/www.europesays.com\/es\/126188\/"},"modified":"2025-09-19T22:30:05","modified_gmt":"2025-09-19T22:30:05","slug":"disputa-entre-pablo-lopez-y-mika-en-la-voz-tras-una-actuacion","status":"publish","type":"post","link":"https:\/\/www.europesays.com\/es\/126188\/","title":{"rendered":"Disputa entre Pablo L\u00f3pez y Mika en La Voz tras una actuaci\u00f3n"},"content":{"rendered":"<p><b>Mar\u00eda <\/b>fue la siguiente artista en pisar el escenario de<b> La Voz<\/b>, un momento muy especial para ella, ya que la m\u00fasica es su gran sue\u00f1o. Con ilusi\u00f3n y nervios, interpret\u00f3 la versi\u00f3n de Ariana Grande de <b>\u2018Somewhere Over the Rainbow\u2019<\/b>, llenando el plat\u00f3 de sensibilidad y emoci\u00f3n.<\/p>\n<p><b>Mika <\/b>fue el primero en girarse, seguido de <b>Pablo L\u00f3pez<\/b>, que tampoco dud\u00f3 en apostar por la joven. <b>Mal\u00fa<\/b>, por su parte, <b>le pidi\u00f3 disculpas por no haberse girado<\/b>, reconociendo el talento de la concursante.<\/p>\n<p>Las valoraciones de los coaches fueron tan emotivas como su actuaci\u00f3n.<b> \u201cDoy las gracias al universo por esto\u201d<\/b>, confes\u00f3 <b>Pablo L\u00f3pez <\/b>al escucharla. <b>Mika<\/b>, por su parte, fue contundente: <b>\u201cSi no tienes un coraz\u00f3n puro, no puedes cantar esta canci\u00f3n\u201d<\/b>. Pablo insisti\u00f3 en su deseo de tenerla en su equipo: \u201cGracias por venir y ojal\u00e1 te vinieras conmigo\u201d.<\/p>\n<p>Finalmente, <b>Mar\u00eda <\/b>tom\u00f3 su decisi\u00f3n y <b>eligi\u00f3 a Pablo L\u00f3pez como coach<\/b>, viviendo as\u00ed un momento \u00fanico y emocionante en su paso por <b>La Voz<\/b>.<\/p>\n<p>   <img decoding=\"async\" title=\"Mal\u00fa, coach de La Voz\" alt=\"Mal\u00fa, coach de La Voz\" width=\"480\" height=\"270\" src=\"https:\/\/www.europesays.com\/es\/wp-content\/uploads\/2025\/09\/malu-coach-voz_70.jpg\" loading=\"lazy\" class=\"lazy\"\/><\/p>\n","protected":false},"excerpt":{"rendered":"Mar\u00eda fue la siguiente artista en pisar el escenario de La Voz, un momento muy especial para ella,&hellip;\n","protected":false},"author":2,"featured_media":126189,"comment_status":"","ping_status":"","sticky":false,"template":"","format":"standard","meta":{"footnotes":""},"categories":[171],"tags":[146,147,25,24,23,214],"class_list":{"0":"post-126188","1":"post","2":"type-post","3":"status-publish","4":"format-standard","5":"has-post-thumbnail","7":"category-tv","8":"tag-entertainment","9":"tag-entretenimiento","10":"tag-es","11":"tag-espana","12":"tag-spain","13":"tag-tv"},"share_on_mastodon":{"url":"","error":""},"_links":{"self":[{"href":"https:\/\/www.europesays.com\/es\/wp-json\/wp\/v2\/posts\/126188","targetHints":{"allow":["GET"]}}],"collection":[{"href":"https:\/\/www.europesays.com\/es\/wp-json\/wp\/v2\/posts"}],"about":[{"href":"https:\/\/www.europesays.com\/es\/wp-json\/wp\/v2\/types\/post"}],"author":[{"embeddable":true,"href":"https:\/\/www.europesays.com\/es\/wp-json\/wp\/v2\/users\/2"}],"replies":[{"embeddable":true,"href":"https:\/\/www.europesays.com\/es\/wp-json\/wp\/v2\/comments?post=126188"}],"version-history":[{"count":0,"href":"https:\/\/www.europesays.com\/es\/wp-json\/wp\/v2\/posts\/126188\/revisions"}],"wp:featuredmedia":[{"embeddable":true,"href":"https:\/\/www.europesays.com\/es\/wp-json\/wp\/v2\/media\/126189"}],"wp:attachment":[{"href":"https:\/\/www.europesays.com\/es\/wp-json\/wp\/v2\/media?parent=126188"}],"wp:term":[{"taxonomy":"category","embeddable":true,"href":"https:\/\/www.europesays.com\/es\/wp-json\/wp\/v2\/categories?post=126188"},{"taxonomy":"post_tag","embeddable":true,"href":"https:\/\/www.europesays.com\/es\/wp-json\/wp\/v2\/tags?post=126188"}],"curies":[{"name":"wp","href":"https:\/\/api.w.org\/{rel}","templated":true}]}}