{"id":126192,"date":"2025-09-19T22:34:11","date_gmt":"2025-09-19T22:34:11","guid":{"rendered":"https:\/\/www.europesays.com\/es\/126192\/"},"modified":"2025-09-19T22:34:11","modified_gmt":"2025-09-19T22:34:11","slug":"que-significa-que-una-persona-hable-sola-y-en-voz-alta-segun-la-ia-y-la-psicologia","status":"publish","type":"post","link":"https:\/\/www.europesays.com\/es\/126192\/","title":{"rendered":"Qu\u00e9 significa que una persona hable sola y en voz alta, seg\u00fan la IA y la psicolog\u00eda"},"content":{"rendered":"<p><img alt=\"La IA sostiene que este\" class=\"global-image\" decoding=\"async\" fetchpriority=\"high\" height=\"816\" loading=\"eager\" src=\"https:\/\/www.europesays.com\/es\/wp-content\/uploads\/2025\/09\/QORHK4OO2JGXHC5E7UZ43XMXLI.jpg\" width=\"1456\"\/>La IA sostiene que este tipo de di\u00e1logo interno \u201cno se asocia habitualmente con problemas de salud mental\u201d.<br \/>\n (Imagen Ilustrativa Infobae)<\/p>\n<p class=\"paragraph\">Hablar solo y en voz alta es un <b>comportamiento <\/b>muy extendido que, lejos de relacionarse exclusivamente con <a href=\"https:\/\/www.infobae.com\/tag\/problemas-mentales\/\" target=\"_blank\" rel=\"noreferrer nofollow noopener\" title=\"https:\/\/www.infobae.com\/tag\/problemas-mentales\/\">problemas psicol\u00f3gicos<\/a>, puede cumplir diversas funciones en la vida cotidiana. Muchas personas recurren a este h\u00e1bito para organizar pensamientos, expresar emociones o simplemente enfrentarse a tareas diarias, lo que ha despertado el inter\u00e9s tanto de especialistas en inteligencia artificial como de expertos en <b>psicolog\u00eda<\/b>. <\/p>\n<p class=\"paragraph\">En este contexto, se exploran a continuaci\u00f3n las interpretaciones que ofrece la inteligencia artificial \u2014consultando a <a href=\"https:\/\/www.infobae.com\/tecno\/2025\/09\/17\/los-secretos-de-chatgpt-quienes-utilizan-esta-ia-y-para-que-lo-hacen\/\" target=\"_blank\" rel=\"noreferrer nofollow noopener\" title=\"https:\/\/www.infobae.com\/tecno\/2025\/09\/17\/los-secretos-de-chatgpt-quienes-utilizan-esta-ia-y-para-que-lo-hacen\/\">ChatGPT<\/a>\u2014 y los principales enfoques desde la psicolog\u00eda contempor\u00e1nea acerca de lo que representa que una persona hable sola y en voz alta, y c\u00f3mo este fen\u00f3meno incide en el bienestar y las capacidades cognitivas.<\/p>\n<p class=\"paragraph\">Para conocer la visi\u00f3n de la inteligencia artificial sobre este tema, se consult\u00f3 a <b>ChatGPT<\/b>. El modelo indica que \u201ccuando una persona habla sola y en voz alta, exterioriza pensamientos, ideas o sentimientos a trav\u00e9s de palabras audibles sin la presencia de un interlocutor\u201d. De acuerdo con la informaci\u00f3n procesada, se trata de un fen\u00f3meno com\u00fan a todas las edades y contextos, presente tanto en la intimidad como en espacios p\u00fablicos. <\/p>\n<p><img alt=\"La psicolog\u00eda contempor\u00e1nea desacredita la\" class=\"global-image\" decoding=\"async\" fetchpriority=\"low\" height=\"816\" loading=\"lazy\" src=\"https:\/\/www.europesays.com\/es\/wp-content\/uploads\/2025\/09\/E2PCOMAI65B4VHAK3OVTSB3MEE.jpg\" width=\"1456\"\/>La psicolog\u00eda contempor\u00e1nea desacredita la idea de que dialogar en voz alta consigo mismo sea necesariamente s\u00edntoma de desequilibrio mental.<br \/>\n(Imagen Ilustrativa Infobae)<\/p>\n<p class=\"paragraph\">ChatGPT explica que \u201chablar solo puede cumplir diferentes funciones en la vida cotidiana\u201d, destacando que mucha gente utiliza este mecanismo para organizar mentalmente tareas, recordar pendientes o ensayar conversaciones. <\/p>\n<p class=\"paragraph\"><b>Seg\u00fan la IA, \u201ceste mecanismo favorece la concentraci\u00f3n y ayuda a procesar informaci\u00f3n de manera m\u00e1s clara\u201d. <\/b>Adem\u00e1s, se\u00f1ala que hablar de manera audible sirve como una estrategia de autorregulaci\u00f3n emocional, permitiendo expresar preocupaciones, alegr\u00edas o frustraciones verbalmente, lo que reduce el estr\u00e9s y facilita el manejo de emociones complejas.<\/p>\n<p class=\"paragraph\">Sobre las posibles preocupaciones, la IA sostiene que este tipo de di\u00e1logo interno \u201cno se asocia habitualmente con problemas de salud mental\u201d, sino que \u201cforma parte de procesos normales de pensamiento y gesti\u00f3n emocional\u201d. <\/p>\n<p><img alt=\"Hablar solo se considera una\" class=\"global-image\" decoding=\"async\" fetchpriority=\"low\" height=\"816\" loading=\"lazy\" src=\"https:\/\/www.europesays.com\/es\/wp-content\/uploads\/2025\/09\/6OTPSZTH25GIPEA4HD4YFRHNZQ.jpg\" width=\"1456\"\/>Hablar solo se considera una herramienta positiva para el bienestar emocional y la motivaci\u00f3n cognitiva.<br \/>\n(Imagen Ilustrativa Infobae)<\/p>\n<p class=\"paragraph\">La <b>psicolog\u00eda <\/b>contempor\u00e1nea desacredita la idea de que dialogar en voz alta consigo mismo sea necesariamente s\u00edntoma de desequilibrio mental. Investigaciones recientes destacan que este h\u00e1bito puede aportar ventajas concretas si no se acompa\u00f1a de otros s\u00edntomas patol\u00f3gicos. <\/p>\n<p class=\"paragraph\">En palabras del profesor Gary Lupyan, de la Universidad de Wisconsin, <b>\u201cverbalizar los pensamientos no es un acto irracional, sino un proceso que puede potenciar las capacidades mentales\u201d. <\/b><\/p>\n<p class=\"paragraph\">Estudios experimentales han demostrado que nombrar objetos en voz alta facilita su localizaci\u00f3n en tareas visuales, debido a que \u201cel cerebro activa informaci\u00f3n visual para identificar el objeto m\u00e1s r\u00e1pido\u201d. Este mecanismo, presente especialmente en la <b>infancia <\/b>como parte natural del aprendizaje, ayuda a los ni\u00f1os a orientarse en actividades cotidianas y mejora su desempe\u00f1o en tareas motoras.<\/p>\n<p><img alt=\"Hablar solo y en voz\" class=\"global-image\" decoding=\"async\" fetchpriority=\"low\" height=\"816\" loading=\"lazy\" src=\"https:\/\/www.europesays.com\/es\/wp-content\/uploads\/2025\/09\/XQUWS2XLFNEOTGEBYXRTZ7WP3I.jpg\" width=\"1456\"\/>Hablar solo y en voz alta es un comportamiento muy extendido.<br \/>\n(Imagen Ilustrativa Infobae)<\/p>\n<p class=\"paragraph\">La psicolog\u00eda reconoce adem\u00e1s que el autodi\u00e1logo verbalizado refuerza la memoria, estructura el pensamiento, favorece la resoluci\u00f3n de problemas y act\u00faa como socializaci\u00f3n interna. As\u00ed, hablar solo se considera una herramienta positiva para el bienestar emocional y la motivaci\u00f3n cognitiva, en l\u00ednea con lo que ya sugiere la inteligencia artificial consultada. <\/p>\n<p class=\"paragraph\">La psicolog\u00eda es la ciencia que se encarga de estudiar el <b>comportamiento humano <\/b>y los procesos mentales asociados, como pensamientos, emociones y percepciones. Su objetivo principal es comprender c\u00f3mo las personas piensan, sienten, act\u00faan y se desarrollan a lo largo de la vida.<\/p>\n<p class=\"paragraph\">El campo de estudio de la psicolog\u00eda abarca un amplio espectro, desde el an\u00e1lisis de la conducta individual hasta la exploraci\u00f3n de fen\u00f3menos sociales, culturales y grupales. Adem\u00e1s, esta disciplina analiza factores biol\u00f3gicos, ambientales y <b>cognitivos <\/b>que influyen en la mente y el comportamiento. De este modo, la psicolog\u00eda contribuye a mejorar la salud mental, la adaptaci\u00f3n social y la calidad de vida en distintos contextos. <\/p>\n","protected":false},"excerpt":{"rendered":"La IA sostiene que este tipo de di\u00e1logo interno \u201cno se asocia habitualmente con problemas de salud mental\u201d.&hellip;\n","protected":false},"author":2,"featured_media":126193,"comment_status":"","ping_status":"","sticky":false,"template":"","format":"standard","meta":{"footnotes":""},"categories":[92],"tags":[25,24,165,166,23],"class_list":{"0":"post-126192","1":"post","2":"type-post","3":"status-publish","4":"format-standard","5":"has-post-thumbnail","7":"category-salud","8":"tag-es","9":"tag-espana","10":"tag-health","11":"tag-salud","12":"tag-spain"},"share_on_mastodon":{"url":"","error":""},"_links":{"self":[{"href":"https:\/\/www.europesays.com\/es\/wp-json\/wp\/v2\/posts\/126192","targetHints":{"allow":["GET"]}}],"collection":[{"href":"https:\/\/www.europesays.com\/es\/wp-json\/wp\/v2\/posts"}],"about":[{"href":"https:\/\/www.europesays.com\/es\/wp-json\/wp\/v2\/types\/post"}],"author":[{"embeddable":true,"href":"https:\/\/www.europesays.com\/es\/wp-json\/wp\/v2\/users\/2"}],"replies":[{"embeddable":true,"href":"https:\/\/www.europesays.com\/es\/wp-json\/wp\/v2\/comments?post=126192"}],"version-history":[{"count":0,"href":"https:\/\/www.europesays.com\/es\/wp-json\/wp\/v2\/posts\/126192\/revisions"}],"wp:featuredmedia":[{"embeddable":true,"href":"https:\/\/www.europesays.com\/es\/wp-json\/wp\/v2\/media\/126193"}],"wp:attachment":[{"href":"https:\/\/www.europesays.com\/es\/wp-json\/wp\/v2\/media?parent=126192"}],"wp:term":[{"taxonomy":"category","embeddable":true,"href":"https:\/\/www.europesays.com\/es\/wp-json\/wp\/v2\/categories?post=126192"},{"taxonomy":"post_tag","embeddable":true,"href":"https:\/\/www.europesays.com\/es\/wp-json\/wp\/v2\/tags?post=126192"}],"curies":[{"name":"wp","href":"https:\/\/api.w.org\/{rel}","templated":true}]}}