{"id":126198,"date":"2025-09-19T22:38:08","date_gmt":"2025-09-19T22:38:08","guid":{"rendered":"https:\/\/www.europesays.com\/es\/126198\/"},"modified":"2025-09-19T22:38:08","modified_gmt":"2025-09-19T22:38:08","slug":"portugal-reconocera-este-domingo-el-estado-de-palestina","status":"publish","type":"post","link":"https:\/\/www.europesays.com\/es\/126198\/","title":{"rendered":"Portugal reconocer\u00e1 este domingo el Estado de Palestina"},"content":{"rendered":"<p class=\"article-text\">\n        El Ministerio de Exteriores de Portugal ha anunciado este viernes <a href=\"https:\/\/portaldiplomatico.mne.gov.pt\/comunicacao-e-media\/comunciados-de-imprensa\/comunicado-reconhecimento-do-estado-da-palestina\" target=\"_blank\" data-mrf-recirculation=\"links-noticia\" class=\"link\" rel=\"nofollow noopener\">en un escueto comunicado<\/a> que la Rep\u00fablica portuguesa reconocer\u00e1 este domingo 21 de septiembre el Estado de Palestina en una declaraci\u00f3n oficial de forma previa a la celebraci\u00f3n de la Conferencia de Alto Nivel para la soluci\u00f3n de los dos estados que tendr\u00e1 lugar el 22 de septiembre en Nueva York.\n    <\/p>\n<p class=\"article-text\">\n        El ministro de Exteriores, Paulo Rangel, del partido de centroderecha PSD, ya hab\u00eda anticipado esta semana el reconocimiento del Estado palestino como se espera que hagan en los pr\u00f3ximos d\u00edas tambi\u00e9n otros pa\u00edses europeos como <a href=\"https:\/\/www.eldiario.es\/internacional\/reino-unido-anuncia-reconocera-palestino-septiembre-israel-acepte-alto-fuego_1_12500964.html\" target=\"_blank\" data-mrf-recirculation=\"links-noticia\" class=\"link\" rel=\"nofollow noopener\">Reino Unido<\/a> o Luxemburgo adem\u00e1s de <a href=\"https:\/\/www.eldiario.es\/politica\/canada-reitera-intencion-reconocer-palestina-finales-mes_1_12605479.html\" target=\"_blank\" data-mrf-recirculation=\"links-noticia\" class=\"link\" rel=\"nofollow noopener\">Canad\u00e1<\/a>.\n    <\/p>\n<p class=\"article-text\">\n        Rangel, durante su visita a Londres esta semana, en la que mantuvo un encuentro con su hom\u00f3loga brit\u00e1nica Yvette Cooper, declar\u00f3 que hasta ahora \u201cno ha habido ning\u00fan hecho que vaya a interferir en ese camino hacia el reconocimiento\u201d y reconoci\u00f3 que el proceso estaba \u201cen marcha\u201d y que habr\u00eda \u201cprogresos\u201d la pr\u00f3xima semana.\n    <\/p>\n<p class=\"article-text\">\n        El ministro de Exteriores anunci\u00f3 adem\u00e1s que Portugal presentar\u00e1 en la ONU una condena formal contra <a href=\"https:\/\/www.eldiario.es\/internacional\/israel-ataca-lideres-hamas-capital-qatar_1_12589488.html\" target=\"_blank\" data-mrf-recirculation=\"links-noticia\" class=\"link\" rel=\"nofollow noopener\">los ataques de Israel contra la delegaci\u00f3n de Ham\u00e1s en Qatar<\/a> de la semana pasada, que dejaron al menos seis v\u00edctimas mortales.\n    <\/p>\n<p class=\"article-text\">\n        El Gobierno conservador del primer ministro <a href=\"https:\/\/www.eldiario.es\/temas\/luis-montenegro\/\" target=\"_blank\" data-mrf-recirculation=\"links-noticia\" class=\"link\" rel=\"nofollow noopener\">Lu\u00eds Montenegro<\/a> inici\u00f3 el proceso de consultas con los grupos parlamentarios y el presidente de la Rep\u00fablica, Marcelo Rebelo de Sousa, el pasado 31 de julio y despu\u00e9s de que varios pa\u00edses, entre ellos Espa\u00f1a, solicitaran un reconocimiento global del Estado palestino.\n    <\/p>\n<p class=\"article-text\">\n        \u201cDe los m\u00faltiples contactos mantenidos, puede establecerse que muchos de los estados con los que Portugal ha concertado posiciones sobre la cuesti\u00f3n han evidenciado su disponibilidad para iniciar el procedimiento del reconocimiento del Estado palestino\u201d, se\u00f1alaba entonces <a href=\"https:\/\/www.portugal.gov.pt\/pt\/gc25\/comunicacao\/noticia?i=comunicado-do-gabinete-do-primeiro-ministro-de-31-de-julho-de-2025\" target=\"_blank\" data-mrf-recirculation=\"links-noticia\" class=\"link\" rel=\"nofollow noopener\">en un comunicado<\/a> el jefe del Ejecutivo.\n    <\/p>\n<p class=\"article-text\">\n        Montenegro ya apunt\u00f3 entonces a que se cumpl\u00edan varios requisitos para el reconocimiento, entre ellos las garant\u00edas ofrecidas por la Autoridad Palestina, la disposici\u00f3n del reconocimiento y la normalizaci\u00f3n de las relaciones con Israel por parte de los estados \u00e1rabes y tambi\u00e9n la evoluci\u00f3n \u201caltamente preocupante\u201d del conflicto, tanto en su dimensi\u00f3n humanitaria como \u201cen la repetida alusi\u00f3n a la posibilidad de anexi\u00f3n de territorios palestinos\u201d por parte de miembros del Gobierno israel\u00ed.\n    <\/p>\n<p class=\"article-text\">\n        Adem\u00e1s, el Gobierno portugu\u00e9s consideraba ya entonces cumplidas las condiciones solicitadas a la Autoridad Palestina, entre las que se inclu\u00edan la condena de los actos terroristas de Ham\u00e1s, la exigencia de liberaci\u00f3n de los rehenes y prisioneros israel\u00eds en Gaza, el reconocimiento del Estado de Israel o el compromiso para una reforma institucional interna y para la organizaci\u00f3n de elecciones en un futuro pr\u00f3ximo.\n    <\/p>\n<p class=\"article-text\">\n        Seg\u00fan ha anunciado este viernes el Palacio del El\u00edseo, un total de diez pa\u00edses reconocer\u00e1n en los m\u00e1rgenes de la Asamblea General de la ONU que se celebra estos d\u00edas en Nueva York al Estado de Palestina. Entre ellos se encuentran adem\u00e1s de <a href=\"https:\/\/www.eldiario.es\/internacional\/macron-anuncia-francia-reconocera-palestina_1_12491256.html\" target=\"_blank\" data-mrf-recirculation=\"links-noticia\" class=\"link\" rel=\"nofollow noopener\">Francia<\/a> y Portugal otros estados como Andorra, <a href=\"https:\/\/www.eldiario.es\/internacional\/miles-personas-participan-manifestaciones-pro-palestina-australia_1_12553496.html\" target=\"_blank\" data-mrf-recirculation=\"links-noticia\" class=\"link\" rel=\"nofollow noopener\">Australia<\/a>, B\u00e9lgica, Canad\u00e1, Luxemburgo, Malta, Reino Unido y San Marino.\n    <\/p>\n<p class=\"article-text\">\n        Precisamente hoy, una abrumadora mayor\u00eda ha votado a favor de la intervenci\u00f3n por videoconferencia del presidente palestino, Mahmud Ab\u00e1s, en el plenario de la Asamblea General de la ONU <a href=\"https:\/\/www.eldiario.es\/internacional\/onu-vota-abrumadoramente-permitir-participacion-palestina-asamblea-general-veto-eeuu_1_12617256.html\" target=\"_blank\" data-mrf-recirculation=\"links-noticia\" class=\"link\" rel=\"nofollow noopener\">con 145 votos a favor, 5 en contra (entre ellos EEUU e Israel) y 6 abstenciones<\/a>. La decisi\u00f3n lleg\u00f3 despu\u00e9s de que el Gobierno estadounidense denegase y revocase los visados a los miembros de la Organizaci\u00f3n para la Liberaci\u00f3n de Palestina (OLP) y de la Autoridad Palestina (AP) que iban a participar en este encuentro de Naciones Unidas.\n    <\/p>\n<p class=\"article-text\">\n        La votaci\u00f3n de la Asamblea General de este viernes se produjo despu\u00e9s de que <a href=\"https:\/\/www.eldiario.es\/internacional\/eeuu-vuelve-vetar-resolucion-consejo-seguridad-onu-pide-alto-fuego-gaza-medio-ofensiva-israel_1_12614947.html\" target=\"_blank\" data-mrf-recirculation=\"links-noticia\" class=\"link\" rel=\"nofollow noopener\">EEUU vetara una resoluci\u00f3n del Consejo de Seguridad de la ONU que ped\u00eda un alto el fuego en Gaza<\/a>, la liberaci\u00f3n de los rehenes israel\u00edes por parte de Ham\u00e1s y la entrada inmediata de ayuda humanitaria en la Franja.\n    <\/p>\n<p>    <a href=\"https:\/\/www.eldiario.es\/internacional\/belgica-anuncia-reconocera-palestino-e-impondra-sanciones-israel_1_12571232.html\" data-mrf-recirculation=\"saber-mas-abajo\" data-dl-event=\"saber-mas-abajo\" rel=\"nofollow noopener\" target=\"_blank\"><\/p>\n<p class=\"know-more__title\">B\u00e9lgica anuncia que reconocer\u00e1 al Estado palestino e impondr\u00e1 sanciones contra Israel<\/p>\n<p>            <img decoding=\"async\" class=\"lazy\" loading=\"lazy\" data-src=\"https:\/\/static.eldiario.es\/clip\/e8400368-a8c6-4452-ad65-5206bc02c63f_16-9-aspect-ratio_default_0.jpg\" src=\"data:image\/svg+xml,%3Csvg xmlns=\" http:=\"\" viewbox=\"0 0 880 495\" alt=\"B\u00e9lgica anuncia que reconocer\u00e1 al Estado palestino e impondr\u00e1 sanciones contra Israel\"\/><\/p>\n<p>                        <\/a><\/p>\n<p class=\"article-text\">\n        Mientras tanto, el Gobierno de Benjam\u00edn Netanyahu <a href=\"https:\/\/www.eldiario.es\/internacional\/campana-exterminio-israel-llega-mayor-ciudad-gaza-no-olvideis_1_12607887.html\" target=\"_blank\" data-mrf-recirculation=\"links-noticia\" class=\"link\" rel=\"nofollow noopener\">sigue inmerso en la toma militar de Ciudad de Gaza<\/a>, despu\u00e9s de casi dos a\u00f1os de un genocidio que arranc\u00f3 tras los ataques de Ham\u00e1s del 7 de octubre de 2023 y que ha dejado m\u00e1s de 65.000 muertos y 166.000 heridos en Gaza.\n    <\/p>\n","protected":false},"excerpt":{"rendered":"El Ministerio de Exteriores de Portugal ha anunciado este viernes en un escueto comunicado que la Rep\u00fablica portuguesa&hellip;\n","protected":false},"author":2,"featured_media":126199,"comment_status":"","ping_status":"","sticky":false,"template":"","format":"standard","meta":{"footnotes":""},"categories":[42],"tags":[17,18,1053,13,14,11,61,62,63,64,19,20,9,10,15,16,76,1462,9446,12,21,22,65,66,67],"class_list":{"0":"post-126198","1":"post","2":"type-post","3":"status-publish","4":"format-standard","5":"has-post-thumbnail","7":"category-internacional","8":"tag-breaking-news","9":"tag-breakingnews","10":"tag-domingo","11":"tag-featured-news","12":"tag-featurednews","13":"tag-headlines","14":"tag-internacional","15":"tag-international","16":"tag-international-news","17":"tag-internationalnews","18":"tag-latest-news","19":"tag-latestnews","20":"tag-news","21":"tag-noticias","22":"tag-noticias-destacadas","23":"tag-noticiasdestacadas","24":"tag-palestina","25":"tag-portugal","26":"tag-reconocera","27":"tag-titulares","28":"tag-ultimas-noticias","29":"tag-ultimasnoticias","30":"tag-world","31":"tag-world-news","32":"tag-worldnews"},"share_on_mastodon":{"url":"","error":""},"_links":{"self":[{"href":"https:\/\/www.europesays.com\/es\/wp-json\/wp\/v2\/posts\/126198","targetHints":{"allow":["GET"]}}],"collection":[{"href":"https:\/\/www.europesays.com\/es\/wp-json\/wp\/v2\/posts"}],"about":[{"href":"https:\/\/www.europesays.com\/es\/wp-json\/wp\/v2\/types\/post"}],"author":[{"embeddable":true,"href":"https:\/\/www.europesays.com\/es\/wp-json\/wp\/v2\/users\/2"}],"replies":[{"embeddable":true,"href":"https:\/\/www.europesays.com\/es\/wp-json\/wp\/v2\/comments?post=126198"}],"version-history":[{"count":0,"href":"https:\/\/www.europesays.com\/es\/wp-json\/wp\/v2\/posts\/126198\/revisions"}],"wp:featuredmedia":[{"embeddable":true,"href":"https:\/\/www.europesays.com\/es\/wp-json\/wp\/v2\/media\/126199"}],"wp:attachment":[{"href":"https:\/\/www.europesays.com\/es\/wp-json\/wp\/v2\/media?parent=126198"}],"wp:term":[{"taxonomy":"category","embeddable":true,"href":"https:\/\/www.europesays.com\/es\/wp-json\/wp\/v2\/categories?post=126198"},{"taxonomy":"post_tag","embeddable":true,"href":"https:\/\/www.europesays.com\/es\/wp-json\/wp\/v2\/tags?post=126198"}],"curies":[{"name":"wp","href":"https:\/\/api.w.org\/{rel}","templated":true}]}}