{"id":126204,"date":"2025-09-19T22:41:12","date_gmt":"2025-09-19T22:41:12","guid":{"rendered":"https:\/\/www.europesays.com\/es\/126204\/"},"modified":"2025-09-19T22:41:12","modified_gmt":"2025-09-19T22:41:12","slug":"el-palau-se-viste-de-gala-para-el-debut-liguero-del-balonmano-servigroup-benidorm","status":"publish","type":"post","link":"https:\/\/www.europesays.com\/es\/126204\/","title":{"rendered":"El Palau se viste de gala para el debut liguero del Balonmano Servigroup Benidorm"},"content":{"rendered":"<p><strong>El equipo de Marko Krivokapic buscar\u00e1 este domingo su primer triunfo del curso | El s\u00e1bado el club realizar\u00e1 su presentaci\u00f3n oficial<\/strong><\/p>\n<p><a href=\"https:\/\/www.servigroup.es\/es\/\" target=\"_blank\" aria-label=\"logo servigroup grueso H\" rel=\"nofollow noopener\"><img loading=\"lazy\" decoding=\"async\" src=\"https:\/\/www.europesays.com\/es\/wp-content\/uploads\/2025\/09\/logo-servigroup-grueso-H.jpg\" alt=\"\"   width=\"700\" height=\"233\" style=\"display: inline-block;\"\/><\/a><\/p>\n<p>El Balonmano Servigroup Benidorm regresa este domingo (12:30 horas) al Palau d\u2019Esports con el doble objetivo de reenganchar a su afici\u00f3n a la din\u00e1mica de la competici\u00f3n oficial y, sobre todo, hacer olvidar el tropiezo sufrido en su visita a El Plant\u00edo en la primera jornada de la Divisi\u00f3n de Honor Plata.<\/p>\n<p>Como corresponde a las primeras fechas de cualquier temporada, la semana ha servido para sacar conclusiones de lo sucedido en Burgos y, sobre todo, para encontrar las soluciones que permitan, ya en casa y ante el Oviedo, sumar los dos primeros puntos que encarrilen el largo caminar que, sue\u00f1an todos en la ciudad tur\u00edstica, lleve al regreso a la Liga Asobal.<\/p>\n<p>La gran duda, y que se mantendr\u00e1 hasta \u00faltima hora, de cara a este primer compromiso liguero en casa del Balonmano Servigroup Benidorm se centra en la figura de Ramiro Mart\u00ednez, in\u00e9dito hasta el momento y que ya se encuentra en el tramo final de su recuperaci\u00f3n.<\/p>\n<p>Tras haber entrenado con normalidad desde hace ya varias semanas, el extremo que cumple ya su cuarto a\u00f1o en Benidorm, se probar\u00e1 en las \u00faltimas sesiones de la semana antes de que, de acuerdo a sus sensaciones, a los consejos del cuadro m\u00e9dico y de la \u00faltima palabra de Marko Krivokapic se decida si el argentino regresa a la convocatoria.<\/p>\n<p><strong>El s\u00e1bado, puesta de largo de todos los equipos<\/strong><strong\/><\/p>\n<p>Antes de ese partido, el Club Balonmano Benidorm desembarcar\u00e1 en el Palau d\u2019Esports para celebrar una jornada muy especial. Ser\u00e1 el s\u00e1bado, a partir de las once de la ma\u00f1ana, con el acto de presentaci\u00f3n oficial de todos sus equipos de base y, por supuesto, el del s\u00e9nior masculino.<\/p>\n<p>La cita se ha programado como una convivencia de la familia del balonmano benidormense y en ella, adem\u00e1s de dar protagonismo a todos los jugadores y jugadoras de la entidad; tambi\u00e9n se espera una gran afluencia de aficionados que tendr\u00e1n la oportunidad de compartir con todos ellos sus expectativas y anhelos ahora que, poco a poco, se van poniendo en marcha todas las competiciones.<\/p>\n<p><a href=\"https:\/\/www.servigroup.es\/es\/\" target=\"_blank\" aria-label=\"logo servigroup grueso H\" rel=\"nofollow noopener\"><img loading=\"lazy\" decoding=\"async\" src=\"https:\/\/www.europesays.com\/es\/wp-content\/uploads\/2025\/09\/logo-servigroup-grueso-H.jpg\" alt=\"\"   width=\"700\" height=\"233\" style=\"display: inline-block;\"\/><\/a><\/p>\n","protected":false},"excerpt":{"rendered":"El equipo de Marko Krivokapic buscar\u00e1 este domingo su primer triunfo del curso | El s\u00e1bado el club&hellip;\n","protected":false},"author":2,"featured_media":126205,"comment_status":"","ping_status":"","sticky":false,"template":"","format":"standard","meta":{"footnotes":""},"categories":[278],"tags":[376,1798,168,25,24,375,22611,23,167],"class_list":{"0":"post-126204","1":"post","2":"type-post","3":"status-publish","4":"format-standard","5":"has-post-thumbnail","7":"category-balonmano","8":"tag-balonmano","9":"tag-club","10":"tag-deportes","11":"tag-es","12":"tag-espana","13":"tag-handball","14":"tag-previa","15":"tag-spain","16":"tag-sports"},"share_on_mastodon":{"url":"","error":""},"_links":{"self":[{"href":"https:\/\/www.europesays.com\/es\/wp-json\/wp\/v2\/posts\/126204","targetHints":{"allow":["GET"]}}],"collection":[{"href":"https:\/\/www.europesays.com\/es\/wp-json\/wp\/v2\/posts"}],"about":[{"href":"https:\/\/www.europesays.com\/es\/wp-json\/wp\/v2\/types\/post"}],"author":[{"embeddable":true,"href":"https:\/\/www.europesays.com\/es\/wp-json\/wp\/v2\/users\/2"}],"replies":[{"embeddable":true,"href":"https:\/\/www.europesays.com\/es\/wp-json\/wp\/v2\/comments?post=126204"}],"version-history":[{"count":0,"href":"https:\/\/www.europesays.com\/es\/wp-json\/wp\/v2\/posts\/126204\/revisions"}],"wp:featuredmedia":[{"embeddable":true,"href":"https:\/\/www.europesays.com\/es\/wp-json\/wp\/v2\/media\/126205"}],"wp:attachment":[{"href":"https:\/\/www.europesays.com\/es\/wp-json\/wp\/v2\/media?parent=126204"}],"wp:term":[{"taxonomy":"category","embeddable":true,"href":"https:\/\/www.europesays.com\/es\/wp-json\/wp\/v2\/categories?post=126204"},{"taxonomy":"post_tag","embeddable":true,"href":"https:\/\/www.europesays.com\/es\/wp-json\/wp\/v2\/tags?post=126204"}],"curies":[{"name":"wp","href":"https:\/\/api.w.org\/{rel}","templated":true}]}}