{"id":126208,"date":"2025-09-19T22:45:06","date_gmt":"2025-09-19T22:45:06","guid":{"rendered":"https:\/\/www.europesays.com\/es\/126208\/"},"modified":"2025-09-19T22:45:06","modified_gmt":"2025-09-19T22:45:06","slug":"el-recuerdo-de-carlos-alcaraz-sobre-su-remontada-ante-sinner-en-roland-garros","status":"publish","type":"post","link":"https:\/\/www.europesays.com\/es\/126208\/","title":{"rendered":"El recuerdo de Carlos Alcaraz sobre su remontada ante Sinner en Roland Garros"},"content":{"rendered":"<p class=\"L6-news-detail__text\">Ya han pasado m\u00e1s de tres meses de la final entre <b>Carlos Alcaraz<\/b> y <b>Jannik Sinner<\/b> en <b>Roland Garros<\/b>, pero el mundo del tenis no olvida el que con total seguridad es el mejor partido de lo que va de a\u00f1o y uno de los mejores de la historia.<\/p>\n<p class=\"L6-news-detail__text\">Sobre las sensaciones que vivi\u00f3 aquel d\u00eda remont\u00e1ndole tres puntos de torneo al italiano le han preguntado al murciano en la rueda de prensa previa a la <b>Laver Cup<\/b>.<\/p>\n<p class=\"L6-news-detail__text\">El n\u00famero 1 del mundo, sin asomo de duda, ha se\u00f1alado que el &#8216;secreto&#8217; fue nunca desistir: \u00abJugu\u00e9 bien todo el partido y <b>siempre cre\u00ed que pod\u00eda remontar\u00bb<\/b>.<\/p>\n<p class=\"L6-news-detail__text\">\u00abDecid\u00ed que no me iba a rendir, que lo intentar\u00eda todo y <b>mantenerme positivo fue lo mejor que me pudo pasar<\/b>\u00ab, ha explicado Carlitos.<\/p>\n<p class=\"L6-news-detail__text\">\u00abSiempre pens\u00e9 que saldr\u00eda vencedor y eso fue clave.<b> Todo se bas\u00f3 en creer en m\u00ed mismo<\/b>\u00ab, ha zanjado Alcaraz.<\/p>\n<p class=\"L6-news-detail__text\">Tras aquella final, espa\u00f1ol e italiano se volvieron a ver las caras en <b>Wimbledon<\/b>, donde Jannik se llev\u00f3 el gato al agua.<\/p>\n<p class=\"L6-news-detail__text\">Ya en la gira estadounidense, el n\u00famero 1 del mundo impuso su ley primero en <b>Cincinnati <\/b>y luego en el <b>US Open<\/b>.<\/p>\n<p class=\"L6-support-news-video__title\">\u00abMarc y Ducati est\u00e1n muy fuertes\u00bb<\/p>\n<p>            <a href=\"https:\/\/www.lasexta.com\/noticias\/deportes\/motor\/jorge-martin-sincera-jugones-lesion-supremacia-marc-marquez-mundial-2026_2025091968cd5d891b05386b62a598ef.html\" class=\"L6-news__link\" rel=\"nofollow noopener\" target=\"_blank\"><br \/>\n                Jorge Mart\u00edn se sincera con &#8216;Jugones&#8217;: su lesi\u00f3n, la &#8216;supremac\u00eda&#8217; de Marc M\u00e1rquez, el Mundial de 2026&#8230;<\/p>\n<p class=\"recirculation-video-desc\">El vigente campe\u00f3n del mundo de MotoGP asegura que est\u00e1 construyendo una \u00abbase s\u00f3lida\u00bb que le permita \u00abpelear por el Mundial\u00bb.<\/p>\n<p>            <\/a><\/p>\n","protected":false},"excerpt":{"rendered":"Ya han pasado m\u00e1s de tres meses de la final entre Carlos Alcaraz y Jannik Sinner en Roland&hellip;\n","protected":false},"author":2,"featured_media":126209,"comment_status":"","ping_status":"","sticky":false,"template":"","format":"standard","meta":{"footnotes":""},"categories":[274],"tags":[168,25,24,23,167,327,326],"class_list":{"0":"post-126208","1":"post","2":"type-post","3":"status-publish","4":"format-standard","5":"has-post-thumbnail","7":"category-tenis","8":"tag-deportes","9":"tag-es","10":"tag-espana","11":"tag-spain","12":"tag-sports","13":"tag-tenis","14":"tag-tennis"},"share_on_mastodon":{"url":"","error":""},"_links":{"self":[{"href":"https:\/\/www.europesays.com\/es\/wp-json\/wp\/v2\/posts\/126208","targetHints":{"allow":["GET"]}}],"collection":[{"href":"https:\/\/www.europesays.com\/es\/wp-json\/wp\/v2\/posts"}],"about":[{"href":"https:\/\/www.europesays.com\/es\/wp-json\/wp\/v2\/types\/post"}],"author":[{"embeddable":true,"href":"https:\/\/www.europesays.com\/es\/wp-json\/wp\/v2\/users\/2"}],"replies":[{"embeddable":true,"href":"https:\/\/www.europesays.com\/es\/wp-json\/wp\/v2\/comments?post=126208"}],"version-history":[{"count":0,"href":"https:\/\/www.europesays.com\/es\/wp-json\/wp\/v2\/posts\/126208\/revisions"}],"wp:featuredmedia":[{"embeddable":true,"href":"https:\/\/www.europesays.com\/es\/wp-json\/wp\/v2\/media\/126209"}],"wp:attachment":[{"href":"https:\/\/www.europesays.com\/es\/wp-json\/wp\/v2\/media?parent=126208"}],"wp:term":[{"taxonomy":"category","embeddable":true,"href":"https:\/\/www.europesays.com\/es\/wp-json\/wp\/v2\/categories?post=126208"},{"taxonomy":"post_tag","embeddable":true,"href":"https:\/\/www.europesays.com\/es\/wp-json\/wp\/v2\/tags?post=126208"}],"curies":[{"name":"wp","href":"https:\/\/api.w.org\/{rel}","templated":true}]}}