{"id":126210,"date":"2025-09-19T22:46:08","date_gmt":"2025-09-19T22:46:08","guid":{"rendered":"https:\/\/www.europesays.com\/es\/126210\/"},"modified":"2025-09-19T22:46:08","modified_gmt":"2025-09-19T22:46:08","slug":"egan-bernal-vuelve-a-sonar-como-gregario-de-jonas-vingegaard","status":"publish","type":"post","link":"https:\/\/www.europesays.com\/es\/126210\/","title":{"rendered":"Egan Bernal vuelve a sonar como gregario de Jonas Vingegaard"},"content":{"rendered":"<p class=\"\">Egan Bernal protagoniza uno de los rumores que puede convertirse en la principal bomba del mercado de fichajes del ciclismo de cara a la temporada 2026. <b>El colombiano nuevamente suena para reforzar las filas del Visma | Lease a Bike<\/b>, que tiene como principal ficha a<a href=\"https:\/\/colombia.as.com\/masdeporte\/asi-quedaron-egan-y-los-demas-colombianos-en-la-ultima-etapa-de-la-vuelta-a-espana-2025-clasificacion-y-posiciones-n\/\" target=\"_blank\" rel=\"noreferrer nofollow noopener\" title=\"https:\/\/colombia.as.com\/masdeporte\/asi-quedaron-egan-y-los-demas-colombianos-en-la-ultima-etapa-de-la-vuelta-a-espana-2025-clasificacion-y-posiciones-n\/\"> Jonas Vingegaard, reciente campe\u00f3n de la Vuelta a Espa\u00f1a.<\/a><\/p>\n<p class=\"\">Este viernes 19 de septiembre se reactiv\u00f3 esa posibilidad con la informaci\u00f3n del periodista italiano Beppe Conti, quien se\u00f1al\u00f3 a RadioCorsa que <b>estar\u00eda cerca de cerrarse el acuerdo para que Egan llegue a la escuadra neerlandesa<\/b> como principal gregario para la \u00fanica grande que le falta al dan\u00e9s.<\/p>\n<p class=\"\">La idea es que <b>el colombiano acompa\u00f1e a Vingegaard en el Giro de Italia <\/b>del pr\u00f3ximo a\u00f1o para enfrentar a Tadej Pogacar, con el objetivo de que el dan\u00e9s complete el tr\u00e9bol, pues en su palmar\u00e9s tiene dos Tour de Francia (2022 y 2023) y la Vuelta a Espa\u00f1a que finaliz\u00f3 en los \u00faltimos d\u00edas.<\/p>\n<p class=\"\">En Italia agregan que ese es el principal objetivo de Vingegaard para la siguiente campa\u00f1a, en la que<b> tambi\u00e9n ir\u00eda junto a Bernal al Tour de Francia<\/b>. Y si gana el Giro, 2026 ser\u00eda el \u00faltimo a\u00f1o del dan\u00e9s en este equipo, pues en sus planes estar\u00eda ir al Uno-X Mobility antes de su retiro.<\/p>\n<p>Vingegaard ya hab\u00eda pedido a Egan<\/p>\n<p class=\"\">No es la primera vez que <b>se vincula el nombre del colombiano con el Visma | Lease a Bike<\/b>, ya que el a\u00f1o anterior se conoci\u00f3 que <a href=\"https:\/\/colombia.as.com\/masdeporte\/vingegaard-quiere-a-egan-bernal-en-el-visma-lease-a-bike-n\/\" target=\"_blank\" rel=\"noreferrer nofollow noopener\" title=\"https:\/\/colombia.as.com\/masdeporte\/vingegaard-quiere-a-egan-bernal-en-el-visma-lease-a-bike-n\/\">el propio ciclista dan\u00e9s pidi\u00f3 al equipo este fichaje para reforzar la n\u00f3mina<\/a>, algo que no se concret\u00f3 para este 2025.<\/p>\n<p class=\"\"><b>Egan tiene contrato vigente con Ineos Grenadiers hasta 2026<\/b>, escuadra a la que lleg\u00f3 procedente del Androni Sidermec en 2018, cuando ten\u00eda el nombre de Team Sky. Con este equipo se consagr\u00f3 campe\u00f3n del Tour de Francia 2019 y el Giro de Italia 2021.<\/p>\n<p>Noticias relacionadas<\/p>\n<p class=\"\">Mientras se publica informaci\u00f3n oficial y se resuelve su futuro, <a href=\"https:\/\/colombia.as.com\/masdeporte\/de-egan-a-tejada-estos-seran-los-representantes-de-colombia-en-el-mundial-de-ciclismo-2025-n\/\" target=\"_blank\" rel=\"noreferrer nofollow noopener\" title=\"https:\/\/colombia.as.com\/masdeporte\/de-egan-a-tejada-estos-seran-los-representantes-de-colombia-en-el-mundial-de-ciclismo-2025-n\/\">Bernal se concentra en el Mundial de Ruta de Kigali, Ruanda<\/a>, en el que comanda a la Selecci\u00f3n Colombia en la categor\u00eda \u00e9lite masculina, en la que tambi\u00e9n est\u00e1n <b>Harold Tejada, Brandon Rivera y Walter Vargas.<\/b><\/p>\n<p class=\"\"><b>\u00a1Tus opiniones importan!<\/b> Comenta en los art\u00edculos y suscr\u00edbete gratis a nuestra <a href=\"https:\/\/asfan.as.com\/newsletters\/\" target=\"_blank\" rel=\"nofollow noopener\" title=\"https:\/\/asfan.as.com\/newsletters\/\">newsletter<\/a> y a las alertas informativas en la <a href=\"https:\/\/as.com\/aplicacion-de-as-n\/\" target=\"_blank\" rel=\"nofollow noopener\" title=\"https:\/\/as.com\/aplicacion-de-as-n\/\">App<\/a> o el canal de <a href=\"https:\/\/www.whatsapp.com\/channel\/0029VaAasdA7j6g745nz9M10\" target=\"_blank\" rel=\"nofollow noopener\" title=\"https:\/\/www.whatsapp.com\/channel\/0029VaAasdA7j6g745nz9M10\">WhatsApp<\/a>. \u00bfBuscas licenciar contenido? Haz clic <a href=\"https:\/\/profesional.elpais.com\/soluciones-sindicacion?utm_medium=interno&amp;utm_source=crosslinking&amp;utm_campaign=sindicacion_as_pie_articulos\" target=\"_blank\" rel=\"nofollow noopener\" title=\"https:\/\/profesional.elpais.com\/soluciones-sindicacion?utm_medium=interno&amp;utm_source=crosslinking&amp;utm_campaign=sindicacion_as_pie_articulos\">aqu\u00ed<\/a><\/p>\n","protected":false},"excerpt":{"rendered":"Egan Bernal protagoniza uno de los rumores que puede convertirse en la principal bomba del mercado de fichajes&hellip;\n","protected":false},"author":2,"featured_media":126211,"comment_status":"","ping_status":"","sticky":false,"template":"","format":"standard","meta":{"footnotes":""},"categories":[273],"tags":[313,312,168,25,24,23,167],"class_list":{"0":"post-126210","1":"post","2":"type-post","3":"status-publish","4":"format-standard","5":"has-post-thumbnail","7":"category-ciclismo","8":"tag-ciclismo","9":"tag-cycling","10":"tag-deportes","11":"tag-es","12":"tag-espana","13":"tag-spain","14":"tag-sports"},"share_on_mastodon":{"url":"","error":""},"_links":{"self":[{"href":"https:\/\/www.europesays.com\/es\/wp-json\/wp\/v2\/posts\/126210","targetHints":{"allow":["GET"]}}],"collection":[{"href":"https:\/\/www.europesays.com\/es\/wp-json\/wp\/v2\/posts"}],"about":[{"href":"https:\/\/www.europesays.com\/es\/wp-json\/wp\/v2\/types\/post"}],"author":[{"embeddable":true,"href":"https:\/\/www.europesays.com\/es\/wp-json\/wp\/v2\/users\/2"}],"replies":[{"embeddable":true,"href":"https:\/\/www.europesays.com\/es\/wp-json\/wp\/v2\/comments?post=126210"}],"version-history":[{"count":0,"href":"https:\/\/www.europesays.com\/es\/wp-json\/wp\/v2\/posts\/126210\/revisions"}],"wp:featuredmedia":[{"embeddable":true,"href":"https:\/\/www.europesays.com\/es\/wp-json\/wp\/v2\/media\/126211"}],"wp:attachment":[{"href":"https:\/\/www.europesays.com\/es\/wp-json\/wp\/v2\/media?parent=126210"}],"wp:term":[{"taxonomy":"category","embeddable":true,"href":"https:\/\/www.europesays.com\/es\/wp-json\/wp\/v2\/categories?post=126210"},{"taxonomy":"post_tag","embeddable":true,"href":"https:\/\/www.europesays.com\/es\/wp-json\/wp\/v2\/tags?post=126210"}],"curies":[{"name":"wp","href":"https:\/\/api.w.org\/{rel}","templated":true}]}}