{"id":126216,"date":"2025-09-19T22:49:09","date_gmt":"2025-09-19T22:49:09","guid":{"rendered":"https:\/\/www.europesays.com\/es\/126216\/"},"modified":"2025-09-19T22:49:09","modified_gmt":"2025-09-19T22:49:09","slug":"rodrygo-justifica-a-xabi-as-com","status":"publish","type":"post","link":"https:\/\/www.europesays.com\/es\/126216\/","title":{"rendered":"Rodrygo justifica a Xabi &#8211; AS.com"},"content":{"rendered":"<p class=\"\"><b>La historia ha dado un giro de 180 grados para Rodrygo.<\/b> Tras el Mundial de Clubes su salida del Real Madrid parec\u00eda cantada, a tenor del escaso papel que le hab\u00eda dado Xabi Alonso en la cita (una sola titularidad, en el primer partido) y de la p\u00e9rdida de protagonismo que hab\u00eda experimentado en el tramo final de la etapa de Ancelotti en el banquillo. Nombres de clubes salieron a punta pala, lo normal en un jugador de esa talla y calidad contrastada: <b>Bayern, Liverpool, Arsenal, Manchester City, Tottenham&#8230; <\/b><\/p>\n<p class=\"\">Tantos que el propio jugador bromeaba con ello, como revel\u00f3 tras <a href=\"https:\/\/as.com\/futbol\/primera\/otra-vez-superviviente-n\/\" target=\"_blank\" rel=\"noreferrer nofollow noopener\" title=\"https:\/\/as.com\/futbol\/primera\/otra-vez-superviviente-n\/\">el Madrid-Marsella de Champions<\/a>, en el que fue titular: <b>\u201cCreo que ya estoy acostumbrado. Cada a\u00f1o hablan de que me voy.<\/b> Durante el mercado de fichajes, cada semana me mandaban a un club diferente. Incluso bromeaba con mis padres y amigos: \u2018Mira, hoy estoy en un equipo, ma\u00f1ana en otro.\u2019 Pero estaba muy tranquilo y no me afectaba en absoluto. Segu\u00ed disfrutando de mis vacaciones y entrenando <a href=\"https:\/\/as.com\/futbol\/primera\/rodrygo-acepta-el-reto-n\/\" target=\"_self\" rel=\"nofollow noopener\" title=\"https:\/\/as.com\/futbol\/primera\/rodrygo-acepta-el-reto-n\/\">porque sab\u00eda que me quedar\u00eda<\/a>. <b>Al final, sigo en casa, donde siempre so\u00f1\u00e9 estar. Voy a seguir dando todo cada d\u00eda vistiendo esta camiseta\u201d.<\/b><\/p>\n<p><img decoding=\"async\" src=\"https:\/\/www.europesays.com\/es\/wp-content\/uploads\/2025\/09\/YATI3XLGHVPV7C7EUNZNLMPB34.jpg\" alt=\"Rodrygo justifica a Xabi\" height=\"2699\" width=\"4049\"   loading=\"lazy\"\/>OSCAR DEL POZO<\/p>\n<p class=\"\"><b>Y visti\u00e9ndola por la banda izquierda, su lugar preferido y en el que va a jugar esta temporada<\/b> salvo situaciones excepcionales. As\u00ed lo habl\u00f3 con Xabi Alonso y as\u00ed est\u00e1 sucediendo. Ante el Marsella le falt\u00f3 el premio del gol, pero mostr\u00f3 sin duda una versi\u00f3n afilada:<b> remat\u00f3 tres veces, dos entre palos, cre\u00f3 tres ocasiones e hizo dos regates buenos de tres intentos.<\/b> Su mayor aportaci\u00f3n fue provocar el penalti que Mbapp\u00e9 transform\u00f3 en el 1-1.<\/p>\n<p>Noticias relacionadas<a href=\"https:\/\/as.com\/futbol\/videos\/hacen-elegir-al-madridismo-entre-vinicius-y-rodrygo-el-resultado-es-dificil-de-adivinar-v\/\" class=\"s_m_w\" title=\"Vinicius fue suplente ante el Marsella en el primer partido de Champions. Preguntamos a la afici\u00f3n si debe ser titular.\" data-tb-link=\"\" rel=\"nofollow noopener\" target=\"_blank\"><img decoding=\"async\" src=\"https:\/\/www.europesays.com\/es\/wp-content\/uploads\/2025\/09\/XVXSSVZCONA5ROQPFXTGAQKHFQ.png\" alt=\"El madridista entre Vinicius y Rodrygo: el resultado es dif\u00edcil de adivinar\" class=\"\" height=\"1\" width=\"1\"   loading=\"lazy\" data-tb-thumbnail=\"\"\/><\/a><a href=\"https:\/\/as.com\/futbol\/primera\/el-real-madrid-usara-el-mea-culpa-del-cta-en-la-apelacion-por-huijsen-n\/\" class=\"s_m_w\" title=\"El club blanco incluye en su recurso el v\u00eddeo de \u2018Tiempo de Revisi\u00f3n\u2019 en el que el Comit\u00e9 admite que el central no debi\u00f3 ser expulsado.\" data-tb-link=\"\" rel=\"nofollow noopener\" target=\"_blank\"><img decoding=\"async\" src=\"https:\/\/www.europesays.com\/es\/wp-content\/uploads\/2025\/09\/FMJ4K24T4RJVNN2VF2SMWPZW3A.jpg\" alt=\"El CTA ser\u00e1 el \u2018arma secreta\u2019 del Madrid para salvar a Huijsen\" class=\"\" height=\"1\" width=\"1\"   loading=\"lazy\" data-tb-thumbnail=\"\"\/><\/a><\/p>\n<p class=\"\">Con su actuaci\u00f3n justifica el plan de Xabi Alonso en esa posici\u00f3n, basado en que hay competencia real entre Vincius y Rodry y que est\u00e1 mucho m\u00e1s abierta de lo que parec\u00eda. Y el jugador lo celebra:<b> \u201cEstoy feliz. Hac\u00eda mucho tiempo que no jugaba as\u00ed; poco a poco me estoy recuperando de todo lo que pas\u00e9. <\/b>Al final de la temporada pasada tuve momentos muy duros. Pero ahora es el momento de seguir adelante\u201d.<\/p>\n<p class=\"\"><b>\u00a1Tus opiniones importan!<\/b> Comenta en los art\u00edculos y suscr\u00edbete gratis a nuestra <a href=\"https:\/\/asfan.as.com\/newsletters\/\" target=\"_blank\" rel=\"nofollow noopener\" title=\"https:\/\/asfan.as.com\/newsletters\/\">newsletter<\/a> y a las alertas informativas en la <a href=\"https:\/\/as.com\/aplicacion-de-as-n\/\" target=\"_blank\" rel=\"nofollow noopener\" title=\"https:\/\/as.com\/aplicacion-de-as-n\/\">App<\/a> o el canal de <a href=\"https:\/\/www.whatsapp.com\/channel\/0029VaAasdA7j6g745nz9M10\" target=\"_blank\" rel=\"nofollow noopener\" title=\"https:\/\/www.whatsapp.com\/channel\/0029VaAasdA7j6g745nz9M10\">WhatsApp<\/a>. \u00bfBuscas licenciar contenido? Haz clic <a href=\"https:\/\/profesional.elpais.com\/soluciones-sindicacion?utm_medium=interno&amp;utm_source=crosslinking&amp;utm_campaign=sindicacion_as_pie_articulos\" target=\"_blank\" rel=\"nofollow noopener\" title=\"https:\/\/profesional.elpais.com\/soluciones-sindicacion?utm_medium=interno&amp;utm_source=crosslinking&amp;utm_campaign=sindicacion_as_pie_articulos\">aqu\u00ed<\/a><\/p>\n","protected":false},"excerpt":{"rendered":"La historia ha dado un giro de 180 grados para Rodrygo. Tras el Mundial de Clubes su salida&hellip;\n","protected":false},"author":2,"featured_media":126217,"comment_status":"","ping_status":"","sticky":false,"template":"","format":"standard","meta":{"footnotes":""},"categories":[268],"tags":[168,25,24,280,282,281,23,167],"class_list":{"0":"post-126216","1":"post","2":"type-post","3":"status-publish","4":"format-standard","5":"has-post-thumbnail","7":"category-futbol","8":"tag-deportes","9":"tag-es","10":"tag-espana","11":"tag-football","12":"tag-futbol","13":"tag-soccer","14":"tag-spain","15":"tag-sports"},"share_on_mastodon":{"url":"","error":""},"_links":{"self":[{"href":"https:\/\/www.europesays.com\/es\/wp-json\/wp\/v2\/posts\/126216","targetHints":{"allow":["GET"]}}],"collection":[{"href":"https:\/\/www.europesays.com\/es\/wp-json\/wp\/v2\/posts"}],"about":[{"href":"https:\/\/www.europesays.com\/es\/wp-json\/wp\/v2\/types\/post"}],"author":[{"embeddable":true,"href":"https:\/\/www.europesays.com\/es\/wp-json\/wp\/v2\/users\/2"}],"replies":[{"embeddable":true,"href":"https:\/\/www.europesays.com\/es\/wp-json\/wp\/v2\/comments?post=126216"}],"version-history":[{"count":0,"href":"https:\/\/www.europesays.com\/es\/wp-json\/wp\/v2\/posts\/126216\/revisions"}],"wp:featuredmedia":[{"embeddable":true,"href":"https:\/\/www.europesays.com\/es\/wp-json\/wp\/v2\/media\/126217"}],"wp:attachment":[{"href":"https:\/\/www.europesays.com\/es\/wp-json\/wp\/v2\/media?parent=126216"}],"wp:term":[{"taxonomy":"category","embeddable":true,"href":"https:\/\/www.europesays.com\/es\/wp-json\/wp\/v2\/categories?post=126216"},{"taxonomy":"post_tag","embeddable":true,"href":"https:\/\/www.europesays.com\/es\/wp-json\/wp\/v2\/tags?post=126216"}],"curies":[{"name":"wp","href":"https:\/\/api.w.org\/{rel}","templated":true}]}}