{"id":126218,"date":"2025-09-19T22:50:08","date_gmt":"2025-09-19T22:50:08","guid":{"rendered":"https:\/\/www.europesays.com\/es\/126218\/"},"modified":"2025-09-19T22:50:08","modified_gmt":"2025-09-19T22:50:08","slug":"se-divulgo-el-parte-medico-oficial-de-thiago-medina-tras-la-operacion","status":"publish","type":"post","link":"https:\/\/www.europesays.com\/es\/126218\/","title":{"rendered":"Se divulg\u00f3 el parte m\u00e9dico oficial de Thiago Medina tras la operaci\u00f3n"},"content":{"rendered":"<p><img alt=\"Se conoci\u00f3 un nuevo parte\" class=\"global-image\" decoding=\"async\" fetchpriority=\"high\" height=\"608\" loading=\"eager\" src=\"https:\/\/www.europesays.com\/es\/wp-content\/uploads\/2025\/09\/JM4IWOOGY5DMNBNRITQR7M6G7A.jpg\" width=\"1080\"\/>Se conoci\u00f3 un nuevo parte m\u00e9dico de Thiago Medina (Foto: Instagram)<\/p>\n<p class=\"paragraph\"><a rel=\"noopener noreferrer nofollow\" href=\"https:\/\/www.infobae.com\/tag\/thiago-medina\/\" target=\"_blank\" title=\"https:\/\/www.infobae.com\/tag\/thiago-medina\/\"><b>Thiago Medina<\/b>,<\/a> ex participante de <b>Gran Hermano<\/b>, contin\u00faa internado en la Unidad de Terapia Intensiva del <b>Hospital Mariano y Luciano de la Vega de Moreno, <\/b>luego de <a href=\"https:\/\/www.infobae.com\/teleshow\/2025\/09\/13\/thiago-medina-habria-sido-internado-tras-sufrir-un-grave-accidente-automovilistico-la-angustia-de-daniela-celis\/\" target=\"_blank\" rel=\"noreferrer nofollow noopener\" title=\"https:\/\/www.infobae.com\/teleshow\/2025\/09\/13\/thiago-medina-habria-sido-internado-tras-sufrir-un-grave-accidente-automovilistico-la-angustia-de-daniela-celis\/\"><b>sufrir un accidente en moto el viernes pasado<\/b><\/a>. Desde ese momento, el joven de 22 a\u00f1os <b>estuvo bajo control cl\u00ednico estricto, recibiendo asistencia respiratoria mec\u00e1nica y<\/b> luego de una semana fue sometido a una cirug\u00eda tor\u00e1cica<\/p>\n<p class=\"paragraph\">El viernes, alrededor de las 16 horas, lleg\u00f3 un nuevo parte m\u00e9dico sobre la salud del joven: \u201c<b>El paciente Thiago Medina fue intervenido quir\u00fargicamente en el hospital Mariano y Luciano de la Vega de la Provincia de Buenos Aires por equipos del servicio de cirug\u00eda en conjunto con profesionales dependientes del Hospital de Alta Complejidad Bicentenario a trav\u00e9s de la red de cirug\u00eda de la Provincia de Buenos Aires<\/b>\u201d.<\/p>\n<p class=\"paragraph\">Y sigui\u00f3: \u201c<b>La operaci\u00f3n dur\u00f3 cuatro horas y media. Se procedi\u00f3 a la reconstrucci\u00f3n de la parrilla costal. Se mantuvo hemodinamicamente estable. No present\u00f3 intercurrencias<\/b>\u201d. Acerca de las novedades, aseguraron: \u201cEn estos momentos se encuentra en la unidad de terapia intensiva, <b>bajo control cl\u00ednico y sin la necesidad del suministro de inotr\u00f3picos, con buenos par\u00e1metros de manejo de asistencia respiratoria mec\u00e1nica. <\/b>Se espera evoluci\u00f3n. Pronostico reservado\u00bb.<\/p>\n<p class=\"paragraph\">Minutos antes de que se conociera el parte oficial, Daniela Celis, la expareja y madre de las hijas del joven, habl\u00f3 acerca de la intervenci\u00f3n. Daniela us\u00f3 sus redes sociales para dar los detalles de la intervenci\u00f3n y llevar un poco de tranquilidad a aquellos que est\u00e1n siguiendo el caso. Con el fondo de color negro y letras blancas, la influencer escribi\u00f3: \u201cThiago reci\u00e9n sali\u00f3 de quir\u00f3fano! Fue una cirug\u00eda sin complicaciones\u201d, fue lo primero que aclar\u00f3 Daniela.<\/p>\n<p><img alt=\"El posteo de Daniela luego\" class=\"global-image\" decoding=\"async\" fetchpriority=\"low\" height=\"949\" loading=\"lazy\" src=\"https:\/\/www.europesays.com\/es\/wp-content\/uploads\/2025\/09\/ZNJVCJDBEVAAVMKWODJJPWOGPE.jpeg\" width=\"534\"\/>El posteo de Daniela luego de que Thiago saliera del quir\u00f3fano (Foto: Instagram)<\/p>\n<p class=\"paragraph\">Y sigui\u00f3 dando detalles del detr\u00e1s de la operaci\u00f3n: \u201cCon una buena reparaci\u00f3n de la parrilla costal. Thiago permanece en terapia intensiva. Estable. En este momento no requiere de droga para la presi\u00f3n\u201c. Y como en cada posteo que hace desde que sucedi\u00f3 el accidente volvi\u00f3 a pedirle a sus seguidores que recen por la salud del padre de sus hijas.\u201cEsperamos su evoluci\u00f3n. Mantenemos el pedido de cadena de oraci\u00f3n que toda la fe, luz y fuerza llega\u201d, cerr\u00f3 la storie Celis. Camila Deniz, conocida m\u00e1s como Camilota, hermana de Medina, public\u00f3 el mismo mensaje en sus respectivas redes sociales, llevando m\u00e1s tranquilidad al p\u00fablico.<\/p>\n<p class=\"paragraph\">En el programa de Vero Lozano, Cort\u00e1 por Lozano, en la pantalla de Telefe, Celis dio m\u00e1s detalles. \u201cEstoy muy nerviosa. Thiago reci\u00e9n sali\u00f3 de quir\u00f3fano en este momento. Fue una cirug\u00eda sin complicaciones, que es lo m\u00e1s importante. Est\u00e1 estable, en terapia intensiva. Le queremos agradecer al hospital que hizo una colaboraci\u00f3n con el Hospital Bicentenario de Esteban Echeverr\u00eda que gracias a eso Thiago est\u00e1 bien en este momento\u201d, comenz\u00f3 diciendo Pesta\u00f1ela, apodo que se gan\u00f3 dentro de la casa m\u00e1s famosa.<\/p>\n<p class=\"paragraph\">Y sigui\u00f3: \u201cEs un d\u00eda a d\u00eda, hay que ver a partir de ma\u00f1ana como es las 24 horas, gracias a Dios Thiago en este momento est\u00e1 sin drogas para la presi\u00f3n y esto es gracias a los pedidos de la gente, porque que de un d\u00eda para el otro este sin drogas es un milagro\u201d. Tras estas palabras Vero le consult\u00f3 acerca de las gemelas y Celis respondi\u00f3: \u201cLas beb\u00e9s est\u00e1n en casa con mam\u00e1 y la ni\u00f1era. La verdad que estamos haciendo un grupo enorme de familia y amigos, de mucha contenci\u00f3n a ellas, intento estar solamente dos horas fuera de casa que es para recibir el parte m\u00e9dico, deje de trabajar, pare mi vida para que ellas no sientan la ausencia de los dos. Siento que estamos haciendo un buen trabajo porque est\u00e1n muy contenidas las nenas, lleg\u00f3 a casa y les habl\u00f3 de su pap\u00e1, lo tiene s\u00faper presente y no quiero que se olviden de que \u00e9l est\u00e1, que las extra\u00f1a\u201d.<\/p>\n","protected":false},"excerpt":{"rendered":"Se conoci\u00f3 un nuevo parte m\u00e9dico de Thiago Medina (Foto: Instagram) Thiago Medina, ex participante de Gran Hermano,&hellip;\n","protected":false},"author":2,"featured_media":126219,"comment_status":"","ping_status":"","sticky":false,"template":"","format":"standard","meta":{"footnotes":""},"categories":[174],"tags":[255,146,147,25,24,256,23],"class_list":{"0":"post-126218","1":"post","2":"type-post","3":"status-publish","4":"format-standard","5":"has-post-thumbnail","7":"category-famosos","8":"tag-celebrities","9":"tag-entertainment","10":"tag-entretenimiento","11":"tag-es","12":"tag-espana","13":"tag-famosos","14":"tag-spain"},"share_on_mastodon":{"url":"","error":""},"_links":{"self":[{"href":"https:\/\/www.europesays.com\/es\/wp-json\/wp\/v2\/posts\/126218","targetHints":{"allow":["GET"]}}],"collection":[{"href":"https:\/\/www.europesays.com\/es\/wp-json\/wp\/v2\/posts"}],"about":[{"href":"https:\/\/www.europesays.com\/es\/wp-json\/wp\/v2\/types\/post"}],"author":[{"embeddable":true,"href":"https:\/\/www.europesays.com\/es\/wp-json\/wp\/v2\/users\/2"}],"replies":[{"embeddable":true,"href":"https:\/\/www.europesays.com\/es\/wp-json\/wp\/v2\/comments?post=126218"}],"version-history":[{"count":0,"href":"https:\/\/www.europesays.com\/es\/wp-json\/wp\/v2\/posts\/126218\/revisions"}],"wp:featuredmedia":[{"embeddable":true,"href":"https:\/\/www.europesays.com\/es\/wp-json\/wp\/v2\/media\/126219"}],"wp:attachment":[{"href":"https:\/\/www.europesays.com\/es\/wp-json\/wp\/v2\/media?parent=126218"}],"wp:term":[{"taxonomy":"category","embeddable":true,"href":"https:\/\/www.europesays.com\/es\/wp-json\/wp\/v2\/categories?post=126218"},{"taxonomy":"post_tag","embeddable":true,"href":"https:\/\/www.europesays.com\/es\/wp-json\/wp\/v2\/tags?post=126218"}],"curies":[{"name":"wp","href":"https:\/\/api.w.org\/{rel}","templated":true}]}}