{"id":126220,"date":"2025-09-19T22:51:24","date_gmt":"2025-09-19T22:51:24","guid":{"rendered":"https:\/\/www.europesays.com\/es\/126220\/"},"modified":"2025-09-19T22:51:24","modified_gmt":"2025-09-19T22:51:24","slug":"ben-thouard-gana-el-apy-con-esta-foto-de-las-olas-gigantes-de-nazare","status":"publish","type":"post","link":"https:\/\/www.europesays.com\/es\/126220\/","title":{"rendered":"Ben Thouard gana el APY con esta foto de las olas gigantes de Nazar\u00e9"},"content":{"rendered":"<p class=\"\">El prestigioso <a href=\"https:\/\/oceanographicmagazine.com\/opa-winner\/ocean-photographer-of-the-year-2025\/\" target=\"_self\" rel=\"nofollow noopener\" title=\"https:\/\/oceanographicmagazine.com\/opa-winner\/ocean-photographer-of-the-year-2025\/\"><b>Ocean Photographer of the Year 2025<\/b><\/a> ya tiene a sus ganadores, y entre ellos destaca el nombre del franc\u00e9s <b>Ben Thouard.<\/b> Con una <b>imagen tomada en las condiciones extremas de Nazar\u00e9, Portugal,<\/b> Thouard se impuso en la categor\u00eda de <b>Adventure Photographer of the Year <\/b>del certamen organizado por Oceanographic Magazine, que este a\u00f1o recibi\u00f3 m\u00e1s de <b>15.000 fotograf\u00edas<\/b> de todo el mundo.<\/p>\n<p class=\"\">Reconocido por su trabajo en Teahupo\u2019o, Tahit\u00ed, Thouard logr\u00f3 capturar un momento singular en Praia do Norte, una de las olas m\u00e1s potentes del planeta. <b>\u201cFue un d\u00eda duro en Nazar\u00e9.<\/b> El viento del norte complicaba todo, pocos se animaron a entrar al agua. <b>Justine Dupont y Eric Rebiere decidieron intentarlo, y yo estaba all\u00ed para fotografiarlos\u201d,<\/b> explic\u00f3 el autor.<\/p>\n<p class=\"\"><b>La foto, tomada desde la playa al atardecer, <\/b>se aleja de las cl\u00e1sicas perspectivas a\u00e9reas o desde el acantilado. \u201cLa luz era especial y <b>el ambiente estaba cargado de sal y fuerza.<\/b> Me cost\u00f3 mucho lograr una imagen n\u00edtida, pero al final apareci\u00f3 este instante\u201d, a\u00f1adi\u00f3 Thouard.<\/p>\n<p class=\"\">Desde la organizaci\u00f3n destacaron el valor comunicativo de las im\u00e1genes ganadoras. \u201cLos fot\u00f3grafos de este a\u00f1o nos recuerdan que<b> la fotograf\u00eda es m\u00e1s que arte: es un puente. <\/b>Nos conecta con el oc\u00e9ano de formas que las palabras no pueden\u201d, afirm\u00f3 Will Harrison, director del certamen.<\/p>\n<p>Noticias relacionadas<a href=\"https:\/\/as.com\/deportes_accion\/surf\/las-olas-gigantes-de-hbo-se-llevan-dos-emmy-mas-n\/\" class=\"s_m_w\" title=\"La serie documental \u201c100 Foot Wave\u201d, centrada en el surf de olas grandes, gan\u00f3 dos premios Emmy 2025 y consolida su impacto global en el mundo del entretenimiento.\" data-tb-link=\"\" rel=\"nofollow noopener\" target=\"_blank\"><img decoding=\"async\" src=\"https:\/\/www.europesays.com\/es\/wp-content\/uploads\/2025\/09\/3YVTT55F25ESVB2I2EFEKSJFMU.jpg\" alt=\"Las olas gigantes de HBO se llevan dos Emmy m\u00e1s\" class=\"\" height=\"1\" width=\"1\"   loading=\"lazy\" data-tb-thumbnail=\"\"\/><\/a><a href=\"https:\/\/as.com\/deportes_accion\/surf\/ryan-pernofski-el-arte-de-capturar-olas-salvajes-con-un-iphone-n\/\" class=\"s_m_w\" title=\"Este surfista y fot\u00f3grafo autodidacta perdi\u00f3 un d\u00eda la c\u00e1mara. Se meti\u00f3 en el agua con el tel\u00e9fono y una funda prestada por su madre... y triunf\u00f3.\" data-tb-link=\"\" rel=\"nofollow noopener\" target=\"_blank\"><img decoding=\"async\" src=\"https:\/\/www.europesays.com\/es\/wp-content\/uploads\/2025\/09\/G5SNFY4N2FAWJALU3C4GBYSVJM.png\" alt=\"Ryan Pernofski: el arte de capturar olas salvajes con un iPhone\" class=\"\" height=\"1\" width=\"1\"   loading=\"lazy\" data-tb-thumbnail=\"\"\/><\/a><\/p>\n<p class=\"\">Adem\u00e1s del reconocimiento a Thouard, <b>el premio principal fue otorgado a Yury Ivanov<\/b> por una imagen de fauna marina en Bali, mientras que la fot\u00f3grafa Jialing Cai recibi\u00f3 el galard\u00f3n Female Fifty Fathoms por su aporte a la fotograf\u00eda submarina.<\/p>\n<p class=\"\">\u00a1Tus opiniones importan! Comenta en los art\u00edculos, <a href=\"http:\/\/instagram.com\/asaccion\" rel=\"nofollow noopener\" title=\"http:\/\/instagram.com\/asaccion\" target=\"_blank\"><b>s\u00edguenos en el Instagram de AS Acci\u00f3n<\/b><\/a> y suscr\u00edbete gratis a nuestra <a href=\"https:\/\/asfan.as.com\/newsletters\/\" target=\"_self\" rel=\"nofollow noopener\" title=\"https:\/\/asfan.as.com\/newsletters\/\">newsletter<\/a>, a las alertas informativas en la <a href=\"https:\/\/as.com\/aplicacion-de-as-n\/\" target=\"_self\" rel=\"nofollow noopener\" title=\"https:\/\/as.com\/aplicacion-de-as-n\/\">App<\/a> o el canal de <a href=\"https:\/\/www.whatsapp.com\/channel\/0029VaAasdA7j6g745nz9M10\" target=\"_self\" rel=\"nofollow noopener\" title=\"https:\/\/www.whatsapp.com\/channel\/0029VaAasdA7j6g745nz9M10\">WhatsApp<\/a>. \u00bfBuscas licenciar contenido? Haz clic <a href=\"https:\/\/profesional.elpais.com\/soluciones-sindicacion?utm_medium=interno&amp;utm_source=crosslinking&amp;utm_campaign=sindicacion_as_pie_articulos\" target=\"_blank\" rel=\"nofollow noopener\" title=\"https:\/\/profesional.elpais.com\/soluciones-sindicacion?utm_medium=interno&amp;utm_source=crosslinking&amp;utm_campaign=sindicacion_as_pie_articulos\">aqu\u00ed<\/a><\/p>\n<p><script async src=\"\/\/www.instagram.com\/embed.js\"><\/script><\/p>\n","protected":false},"excerpt":{"rendered":"El prestigioso Ocean Photographer of the Year 2025 ya tiene a sus ganadores, y entre ellos destaca el&hellip;\n","protected":false},"author":2,"featured_media":126221,"comment_status":"","ping_status":"","sticky":false,"template":"","format":"standard","meta":{"footnotes":""},"categories":[173],"tags":[229,233,231,230,232,234,146,147,25,24,23],"class_list":{"0":"post-126220","1":"post","2":"type-post","3":"status-publish","4":"format-standard","5":"has-post-thumbnail","7":"category-arte-y-diseno","8":"tag-arte","9":"tag-arte-y-diseno","10":"tag-arts","11":"tag-arts-and-design","12":"tag-design","13":"tag-diseno","14":"tag-entertainment","15":"tag-entretenimiento","16":"tag-es","17":"tag-espana","18":"tag-spain"},"share_on_mastodon":{"url":"","error":""},"_links":{"self":[{"href":"https:\/\/www.europesays.com\/es\/wp-json\/wp\/v2\/posts\/126220","targetHints":{"allow":["GET"]}}],"collection":[{"href":"https:\/\/www.europesays.com\/es\/wp-json\/wp\/v2\/posts"}],"about":[{"href":"https:\/\/www.europesays.com\/es\/wp-json\/wp\/v2\/types\/post"}],"author":[{"embeddable":true,"href":"https:\/\/www.europesays.com\/es\/wp-json\/wp\/v2\/users\/2"}],"replies":[{"embeddable":true,"href":"https:\/\/www.europesays.com\/es\/wp-json\/wp\/v2\/comments?post=126220"}],"version-history":[{"count":0,"href":"https:\/\/www.europesays.com\/es\/wp-json\/wp\/v2\/posts\/126220\/revisions"}],"wp:featuredmedia":[{"embeddable":true,"href":"https:\/\/www.europesays.com\/es\/wp-json\/wp\/v2\/media\/126221"}],"wp:attachment":[{"href":"https:\/\/www.europesays.com\/es\/wp-json\/wp\/v2\/media?parent=126220"}],"wp:term":[{"taxonomy":"category","embeddable":true,"href":"https:\/\/www.europesays.com\/es\/wp-json\/wp\/v2\/categories?post=126220"},{"taxonomy":"post_tag","embeddable":true,"href":"https:\/\/www.europesays.com\/es\/wp-json\/wp\/v2\/tags?post=126220"}],"curies":[{"name":"wp","href":"https:\/\/api.w.org\/{rel}","templated":true}]}}