{"id":126222,"date":"2025-09-19T22:53:08","date_gmt":"2025-09-19T22:53:08","guid":{"rendered":"https:\/\/www.europesays.com\/es\/126222\/"},"modified":"2025-09-19T22:53:08","modified_gmt":"2025-09-19T22:53:08","slug":"la-actuacion-de-sheila-provoca-tension-entre-los-coaches-en-la-voz","status":"publish","type":"post","link":"https:\/\/www.europesays.com\/es\/126222\/","title":{"rendered":"La actuaci\u00f3n de Sheila provoca tensi\u00f3n entre los coaches en La Voz"},"content":{"rendered":"<p>El turno de<b> Sheila<\/b> en <b>La Voz<\/b> fue pura emoci\u00f3n y espect\u00e1culo. La artista lleg\u00f3 al escenario con muchas ganas y lo dio todo con una interpretaci\u00f3n poderosa de \u2018<b>La vida loca<\/b>\u2019 de Francisco C\u00e9spedes, con la que demostr\u00f3 tener una voz llena de fuerza y sentimiento.<\/p>\n<p>La primera reacci\u00f3n lleg\u00f3 de la mano de <b>Sebasti\u00e1n Yatra<\/b>, que puls\u00f3 el bot\u00f3n con un antifaz puesto para disfrutar a\u00fan m\u00e1s de la <b>canci\u00f3n<\/b>. Poco despu\u00e9s, <b>Mika<\/b> y Pablo L\u00f3pez tambi\u00e9n giraron sus sillas, convencidos del potencial de Sheila.<\/p>\n<p><b>Mal\u00fa<\/b>, que tambi\u00e9n quiso apostar por la joven, no pudo hacerlo: un bloqueo de <b>Pablo L\u00f3pez<\/b> se lo impidi\u00f3. El propio malague\u00f1o no dud\u00f3 en confesar su entusiasmo: \u201cQu\u00e9 bonito ser\u00eda hacer cosas contigo\u201d, dijo a Sheila, justo antes de que \u00e9l mismo sufriera un <b>superbloqueo<\/b>.<\/p>\n<p>Con humor y emoci\u00f3n, Yatra explic\u00f3 su jugada: \u201cSab\u00eda que pronto me iba a encontrar con una voz que no necesitara ver, solo sentirte\u201d, asegur\u00f3 con el antifaz a\u00fan puesto.<\/p>\n<p>La actuaci\u00f3n de Sheila no solo provoc\u00f3 un torbellino de bloqueos y superbloqueos, sino que dej\u00f3 claro que es una de las voces m\u00e1s potentes de la edici\u00f3n. Mika tambi\u00e9n aprovech\u00f3 su arma y superbloqueo a Sebasti\u00e1n Yatra dejando sin opciones a la talent.<\/p>\n<p>   <img decoding=\"async\" title=\"Coaches cantan 'Love today'\" alt=\"Coaches cantan 'Love today'\" width=\"480\" height=\"270\" src=\"https:\/\/www.europesays.com\/es\/wp-content\/uploads\/2025\/09\/coaches-cantan-love-today_70.jpg\" loading=\"lazy\" class=\"lazy\"\/><\/p>\n","protected":false},"excerpt":{"rendered":"El turno de Sheila en La Voz fue pura emoci\u00f3n y espect\u00e1culo. La artista lleg\u00f3 al escenario con&hellip;\n","protected":false},"author":2,"featured_media":126223,"comment_status":"","ping_status":"","sticky":false,"template":"","format":"standard","meta":{"footnotes":""},"categories":[171],"tags":[146,147,25,24,23,214],"class_list":{"0":"post-126222","1":"post","2":"type-post","3":"status-publish","4":"format-standard","5":"has-post-thumbnail","7":"category-tv","8":"tag-entertainment","9":"tag-entretenimiento","10":"tag-es","11":"tag-espana","12":"tag-spain","13":"tag-tv"},"share_on_mastodon":{"url":"","error":""},"_links":{"self":[{"href":"https:\/\/www.europesays.com\/es\/wp-json\/wp\/v2\/posts\/126222","targetHints":{"allow":["GET"]}}],"collection":[{"href":"https:\/\/www.europesays.com\/es\/wp-json\/wp\/v2\/posts"}],"about":[{"href":"https:\/\/www.europesays.com\/es\/wp-json\/wp\/v2\/types\/post"}],"author":[{"embeddable":true,"href":"https:\/\/www.europesays.com\/es\/wp-json\/wp\/v2\/users\/2"}],"replies":[{"embeddable":true,"href":"https:\/\/www.europesays.com\/es\/wp-json\/wp\/v2\/comments?post=126222"}],"version-history":[{"count":0,"href":"https:\/\/www.europesays.com\/es\/wp-json\/wp\/v2\/posts\/126222\/revisions"}],"wp:featuredmedia":[{"embeddable":true,"href":"https:\/\/www.europesays.com\/es\/wp-json\/wp\/v2\/media\/126223"}],"wp:attachment":[{"href":"https:\/\/www.europesays.com\/es\/wp-json\/wp\/v2\/media?parent=126222"}],"wp:term":[{"taxonomy":"category","embeddable":true,"href":"https:\/\/www.europesays.com\/es\/wp-json\/wp\/v2\/categories?post=126222"},{"taxonomy":"post_tag","embeddable":true,"href":"https:\/\/www.europesays.com\/es\/wp-json\/wp\/v2\/tags?post=126222"}],"curies":[{"name":"wp","href":"https:\/\/api.w.org\/{rel}","templated":true}]}}