{"id":126224,"date":"2025-09-19T22:56:13","date_gmt":"2025-09-19T22:56:13","guid":{"rendered":"https:\/\/www.europesays.com\/es\/126224\/"},"modified":"2025-09-19T22:56:13","modified_gmt":"2025-09-19T22:56:13","slug":"noah-lyles-emula-a-usain-bolt-y-conquista-4to-titulo-mundial-en-200-metros","status":"publish","type":"post","link":"https:\/\/www.europesays.com\/es\/126224\/","title":{"rendered":"Noah Lyles emula a Usain Bolt y conquista 4to t\u00edtulo mundial en 200 metros"},"content":{"rendered":"\n<p>TOKIO\u00a0\u2014\u00a0No hubo miradas desafiantes, empujones ni palabras acaloradas despu\u00e9s de esta victoria para Noah Lyles.<\/p>\n<p>Nada m\u00e1s cuatro dedos levantados en el aire cuando cruz\u00f3 la meta la noche del viernes, uno por cada vez que ha ganado el t\u00edtulo mundial en su carrera favorita, los 200 metros.<\/p>\n<p>Lyles desplaz\u00f3 a Kenny Bednarek al entrar en la recta final y luego lo mantuvo a raya en el tramo final para ganar con un tiempo 19,52 segundos e igualar la cantidad de t\u00edtulos mundiales de Usain Bolt en la carrera de media vuelta. <\/p>\n<p>En lugar de intercambiar miradas y empujones con Bednarek, como sucedi\u00f3 el mes pasado en el campeonato de Estados Unidos, Lyles parec\u00eda relativamente tranquilo, levantando sus dedos hacia el cielo despu\u00e9s de su victoria por seis cent\u00e9simos, gritando \u201d\u00a1Son cuatro!\u201d a la c\u00e1mara de televisi\u00f3n.<\/p>\n<p>\u201cEsto es una victoria muy grande\u201d, dijo Lyles.<\/p>\n<p>Minutos despu\u00e9s, la estadounidense Melissa Jefferson-Wooden complet\u00f3 el primer doblete femenino de 100-200 en un Mundial desde Shelly-Ann Fraser-Pryce en 2013. Lo hizo con un registro 21,68 segundos, sac\u00e1ndole un margen de 46 cent\u00e9simas a la brit\u00e1nica Amy Hunt.<\/p>\n<p>\u201cNo vine aqu\u00ed sabiendo la historia\u201d, dijo Jefferson-Wooden, la primera estadounidense en completar el doblete en los mundiales. <\/p>\n<p>En la carrera masculina, el jamaicano Bryan Levell termin\u00f3 tercero, seguido por el campe\u00f3n ol\u00edmpico botsuano Letsile Tebogo.<\/p>\n<p>Este fue uno de los enfrentamientos m\u00e1s esperados de los mundiales, uno que se ha estado gestando durante las \u00faltimas siete semanas, o cuatro a\u00f1os, dependiendo de c\u00f3mo se mire.<\/p>\n<p>En 2021, Lyles estaba sufriendo despu\u00e9s de meses en un confinamiento por COVID y lleg\u00f3 a Tokio deprimido. Al competir en un estadio casi vac\u00edo, protagoniz\u00f3 una desastrosa semifinal, termin\u00f3 en el segundo carril para la final y termin\u00f3 con una medalla de bronce que guard\u00f3, us\u00e1ndola como combustible para lo que vendr\u00eda.<\/p>\n<p>M\u00e1s recientemente, estuvo su victoria en el campeonato nacional, marcada por una mirada desafiante a Bednarek, y luego el empuj\u00f3n de Bednarek a Lyles al cruzar la meta.<\/p>\n<p>Lyles tambi\u00e9n lidi\u00f3 con lesiones toda la temporada, lo que influy\u00f3 en su tercer lugar en los 100 a principios de la semana, una carrera en la que lleg\u00f3 como campe\u00f3n defensor.<\/p>\n<p>\u2018Vamos a hacer lo que siempre hacemos\u2019En los 200, Lyles no comenz\u00f3 perfectamente pero nunca se puso nervioso. Estaba segundo al llegar a la curva, pero eso no le molest\u00f3.<\/p>\n<p>\u201cSi estoy cerca del frente del grupo al salir de la curva, en mi cabeza, pienso \u2018esto es m\u00e1s f\u00e1cil de lo que sol\u00eda tener que hacer\u2019\u201d, dijo Lyles, mencionando sus problemas cuando comenz\u00f3 a tomarse en serio los 200. <\/p>\n<p>Dio alcance a Bednarek al llegar al tramo final, abriendo una ventaja de dos pasos sobre su rival con unos 50 metros por delante, resistiendo para ganar.<\/p>\n<p>Al hacerlo, Lyles escribi\u00f3 el \u00faltimo cap\u00edtulo en una carrera por el t\u00edtulo que comenz\u00f3 en 2019 en Qatar, pero que dif\u00edcilmente ha sido un paseo.<\/p>\n<p>Dijo que nada puede compensar no ganar los 200 en ninguno de los Juegos Ol\u00edmpicos de su carrera. El a\u00f1o pasado, corri\u00f3 los 200 con COVID y termin\u00f3 tercero, detr\u00e1s de Bednarek y Tebogo.<\/p>\n<p>\u201cTienes que hacerlo bien ese d\u00eda cada cuatro a\u00f1os\u201d, dijo Lyles. \u201cNo creo que ninguna cantidad de campeonatos mundiales en los 200 pueda reemplazar la sensaci\u00f3n de vac\u00edo\u201d de no ganar los Juegos Ol\u00edmpicos.<\/p>\n<p>Bednarek, que probablemente ser\u00e1 compa\u00f1ero de relevo de Lyles en la final de 4&#215;100 el domingo si los estadounidenses lo logran, hab\u00eda dicho anteriormente que toda la tensi\u00f3n entre los dos mejores velocistas masculinos del pa\u00eds se hab\u00eda disipado. Su garant\u00eda de vencer a Lyles, hecha en el calor del momento en Oreg\u00f3n, no se concret\u00f3.<\/p>\n<p>\u201cCada a\u00f1o, estoy aprendiendo a mejorar en diferentes cosas, a entender un poco m\u00e1s\u201d, dijo Bednarek.<\/p>\n<p>Pichardo, rey del salto triple, se siente como en casa en TokioHay algo en el Estadio Nacional de Tokio que saca lo mejor del saltador Pedro Pichardo, el cubano que ahora representa a Portugal. Lo necesitaba, tambi\u00e9n, en su \u00faltimo intento en la final del salto triple.<\/p>\n<p>Pichardo, el medallista de oro de los Juegos Ol\u00edmpicos de Tokio en 2021, vio al italiano Andrea Dallavalle tomar la delantera en la ronda final con un r\u00e9cord personal de 17.64 metros. Pichardo, de 32 a\u00f1os, respondi\u00f3 con un salto de 17,91 metros para asegurar el oro.<\/p>\n<p>Sab\u00eda que su intento era ganador, tambi\u00e9n, y sali\u00f3 del foso de arena con paso firme. Mir\u00f3 a la c\u00e1mara y dijo: \u201d\u00bfQui\u00e9n es el mejor?\u201d<\/p>\n<p>Pichardo, sin dudas.<\/p>\n<p>Confusi\u00f3n en los 400 con vallasEl estadounidense Rai Benjamin fue declarado ganador de los 400 metros con vallas despu\u00e9s de que los oficiales anularan una descalificaci\u00f3n inicial por desplazar ligeramente una valla en el carril contiguo al derribar la suya.<\/p>\n<p>Benjamin se enfilaba a la victoria cuando golpe\u00f3 la d\u00e9cima y \u00faltima valla. El contacto movi\u00f3 la barrera en el carril a su izquierda, pero el corredor en ese carril, que estaba varios pasos detr\u00e1s, la super\u00f3 sin problema.<\/p>\n<p>Sigui\u00f3 cierta confusi\u00f3n, ya que inicialmente se dictamin\u00f3 la descalificaci\u00f3n de Benjamin. Aproximadamente un minuto despu\u00e9s, World Athletics anul\u00f3 la \u201cDQ\u201d, y Benjamin estaba caminando por la pista con una medalla de oro y luciendo una corona dorada.<\/p>\n<p>Termin\u00f3 con un tiempo de 46,52 segundos para a\u00f1adir el t\u00edtulo mundial al campeonato ol\u00edmpico que gan\u00f3 el a\u00f1o pasado.<\/p>\n<p>La neerlandese Femke Bol revalid\u00f3 su t\u00edtulo en la carrera femenina con un tiempo de 51,54.<\/p>\n<p>Benjamin ten\u00eda tal ventaja sobre el brasile\u00f1o Alison dos Santos campe\u00f3n mundial de 2022, en la carrera masculina que gan\u00f3 por 32 cent\u00e9simas a pesar de derribar la \u00faltima barrera.<\/p>\n<p>El qatar\u00ed Abderrahman Samba, cuya marca de 46,98 en 2018 fue el primer registro debajo de los 47 segundos entre la talentosa generaci\u00f3n actual de vallistas, termin\u00f3 tercero. El noruego Karsten Warholm, quien fij\u00f3 el r\u00e9cord mundial de 45,94 para ganar los Juegos Ol\u00edmpicos hace cuatro a\u00f1os en esta misma pista en Tokio, termin\u00f3 quinto esta vez.<\/p>\n<p>La estadounidense Jasmine Jones cronometr\u00f3 52,08, su mejor marca personal, para llevarse la plata detr\u00e1s de Bol, mientras que la eslovaca Emma Zapletalova super\u00f3 a la subcampeona ol\u00edmpica estadounidense Anna Cockrell en la meta para el bronce.<\/p>\n<p>___<\/p>\n<p>Deportes AP: https:\/\/apnews.com\/hub\/deportes<\/p>\n","protected":false},"excerpt":{"rendered":"TOKIO\u00a0\u2014\u00a0No hubo miradas desafiantes, empujones ni palabras acaloradas despu\u00e9s de esta victoria para Noah Lyles. Nada m\u00e1s cuatro&hellip;\n","protected":false},"author":2,"featured_media":126225,"comment_status":"","ping_status":"","sticky":false,"template":"","format":"standard","meta":{"footnotes":""},"categories":[93],"tags":[28980,15288,11078,41017,168,41020,25,24,1058,41019,34276,14236,1070,5101,1566,23,167,159,2349,41018],"class_list":{"0":"post-126224","1":"post","2":"type-post","3":"status-publish","4":"format-standard","5":"has-post-thumbnail","7":"category-deportes","8":"tag-benjamin","9":"tag-campeonato","10":"tag-carril","11":"tag-centesima","12":"tag-deportes","13":"tag-descalificacion","14":"tag-es","15":"tag-espana","16":"tag-final","17":"tag-kenny-bednarek","18":"tag-lyles","19":"tag-metro","20":"tag-mundial","21":"tag-pasado","22":"tag-segundo","23":"tag-spain","24":"tag-sports","25":"tag-tiempo","26":"tag-titulo","27":"tag-valla"},"share_on_mastodon":{"url":"","error":""},"_links":{"self":[{"href":"https:\/\/www.europesays.com\/es\/wp-json\/wp\/v2\/posts\/126224","targetHints":{"allow":["GET"]}}],"collection":[{"href":"https:\/\/www.europesays.com\/es\/wp-json\/wp\/v2\/posts"}],"about":[{"href":"https:\/\/www.europesays.com\/es\/wp-json\/wp\/v2\/types\/post"}],"author":[{"embeddable":true,"href":"https:\/\/www.europesays.com\/es\/wp-json\/wp\/v2\/users\/2"}],"replies":[{"embeddable":true,"href":"https:\/\/www.europesays.com\/es\/wp-json\/wp\/v2\/comments?post=126224"}],"version-history":[{"count":0,"href":"https:\/\/www.europesays.com\/es\/wp-json\/wp\/v2\/posts\/126224\/revisions"}],"wp:featuredmedia":[{"embeddable":true,"href":"https:\/\/www.europesays.com\/es\/wp-json\/wp\/v2\/media\/126225"}],"wp:attachment":[{"href":"https:\/\/www.europesays.com\/es\/wp-json\/wp\/v2\/media?parent=126224"}],"wp:term":[{"taxonomy":"category","embeddable":true,"href":"https:\/\/www.europesays.com\/es\/wp-json\/wp\/v2\/categories?post=126224"},{"taxonomy":"post_tag","embeddable":true,"href":"https:\/\/www.europesays.com\/es\/wp-json\/wp\/v2\/tags?post=126224"}],"curies":[{"name":"wp","href":"https:\/\/api.w.org\/{rel}","templated":true}]}}